{"id":8558,"date":"2011-10-24T01:04:57","date_gmt":"2011-10-24T01:04:57","guid":{"rendered":"http:\/\/www.hoymercedes.com.ar\/principal\/?p=8558"},"modified":"2011-10-24T01:04:57","modified_gmt":"2011-10-24T01:04:57","slug":"ustarroz-tenemos-una-leve-diferencia-en-contra","status":"publish","type":"post","link":"https:\/\/www.hoymercedes.com.ar\/principal\/2011\/10\/24\/ustarroz-tenemos-una-leve-diferencia-en-contra\/","title":{"rendered":"Ustarroz: \u00abTenemos una leve diferencia en contra\u00bb"},"content":{"rendered":"<p>\u00abVamos a seguir, vamos a seguir\u00bb, gritaba Ustarroz a su p\u00fablico en las\u00a0afueras\u00a0del local partidario de calle 25. Sostuvo que tienen un \u00abproyecto pol\u00edtico nacional y popular que\u00a0continuar\u00e1\u00a0y seguir\u00e1 creciendo\u00bb.<\/p>\n<p>\u00abTenemos una leve diferencia en contra\u00bb dijo a los presentes reconociendo las informaciones brindadas por Selva.<\/p>\n<p>Sostuvo el trabajo continuar\u00e1 dado que son la fuerza que m\u00e1s ha crecido. Valor\u00f3 el trabajo de la militancia, de la integridad grupal \u00a0y de todo lo que ha hecho su grupo por Mercedes.<\/p>\n<p>De esta manera estar\u00eda dando un reconocimiento de los resultado brindados por los espacios oficialistas.<\/p>\n<p>Su discurso se apoy\u00f3 fuertemente en el modelo nacional, las ideas vertidas y el trabajo hasta ahora realizado mientras la gente gritaba: \u00abjuani, juani\u00bb.<\/p>\n<p>&nbsp;<\/p>\n","protected":false},"excerpt":{"rendered":"<p>\u00abVamos a seguir, vamos a seguir\u00bb, gritaba Ustarroz a su p\u00fablico en las\u00a0afueras\u00a0del local partidario de calle 25. Sostuvo que &#8230; <a title=\"Ustarroz: \u00abTenemos una leve diferencia en contra\u00bb\" class=\"read-more\" href=\"https:\/\/www.hoymercedes.com.ar\/principal\/2011\/10\/24\/ustarroz-tenemos-una-leve-diferencia-en-contra\/\" aria-label=\"Leer m\u00e1s sobre Ustarroz: \u00abTenemos una leve diferencia en contra\u00bb\">Leer m\u00e1s<\/a><\/p>\n","protected":false},"author":1,"featured_media":0,"comment_status":"open","ping_status":"open","sticky":false,"template":"","format":"standard","meta":{"_monsterinsights_skip_tracking":false,"_monsterinsights_sitenote_active":false,"_monsterinsights_sitenote_note":"","_monsterinsights_sitenote_category":0,"jetpack_post_was_ever_published":false,"_jetpack_newsletter_access":"","_jetpack_dont_email_post_to_subs":false,"_jetpack_newsletter_tier_id":0,"_jetpack_memberships_contains_paywalled_content":false,"_jetpack_memberships_contains_paid_content":false,"footnotes":"","jetpack_publicize_message":"","jetpack_publicize_feature_enabled":true,"jetpack_social_post_already_shared":false,"jetpack_social_options":{"image_generator_settings":{"template":"highway","default_image_id":0,"font":"","enabled":false},"version":2},"_wpas_customize_per_network":false},"categories":[5],"tags":[424],"class_list":["post-8558","post","type-post","status-publish","format-standard","hentry","category-politica","tag-ustarroz","generate-columns","tablet-grid-50","mobile-grid-100","grid-parent","grid-50"],"jetpack_publicize_connections":[],"jetpack_featured_media_url":"","wps_subtitle":"","jetpack_sharing_enabled":true,"_links":{"self":[{"href":"https:\/\/www.hoymercedes.com.ar\/principal\/wp-json\/wp\/v2\/posts\/8558","targetHints":{"allow":["GET"]}}],"collection":[{"href":"https:\/\/www.hoymercedes.com.ar\/principal\/wp-json\/wp\/v2\/posts"}],"about":[{"href":"https:\/\/www.hoymercedes.com.ar\/principal\/wp-json\/wp\/v2\/types\/post"}],"author":[{"embeddable":true,"href":"https:\/\/www.hoymercedes.com.ar\/principal\/wp-json\/wp\/v2\/users\/1"}],"replies":[{"embeddable":true,"href":"https:\/\/www.hoymercedes.com.ar\/principal\/wp-json\/wp\/v2\/comments?post=8558"}],"version-history":[{"count":0,"href":"https:\/\/www.hoymercedes.com.ar\/principal\/wp-json\/wp\/v2\/posts\/8558\/revisions"}],"wp:attachment":[{"href":"https:\/\/www.hoymercedes.com.ar\/principal\/wp-json\/wp\/v2\/media?parent=8558"}],"wp:term":[{"taxonomy":"category","embeddable":true,"href":"https:\/\/www.hoymercedes.com.ar\/principal\/wp-json\/wp\/v2\/categories?post=8558"},{"taxonomy":"post_tag","embeddable":true,"href":"https:\/\/www.hoymercedes.com.ar\/principal\/wp-json\/wp\/v2\/tags?post=8558"}],"curies":[{"name":"wp","href":"https:\/\/api.w.org\/{rel}","templated":true}]}}