{"id":85591,"date":"2018-12-15T08:30:00","date_gmt":"2018-12-15T11:30:00","guid":{"rendered":"http:\/\/www.hoymercedes.com.ar\/principal\/?p=85591"},"modified":"2018-12-15T17:39:27","modified_gmt":"2018-12-15T20:39:27","slug":"finalizo-expo-muni-con-arte-talleres-reconocimientos-y-sorteos","status":"publish","type":"post","link":"https:\/\/www.hoymercedes.com.ar\/principal\/2018\/12\/15\/finalizo-expo-muni-con-arte-talleres-reconocimientos-y-sorteos\/","title":{"rendered":"Finaliz\u00f3 \u201cExpo Muni\u201d con arte, talleres, reconocimientos y sorteos"},"content":{"rendered":"\n<p><\/p>\n\n\n\n<p>Con un gran marco de p\u00fablico finaliz\u00f3 la \u201cExpo Muni\u201d que durante esta semana se vivi\u00f3 en Plaza San Mart\u00edn. La propuesta de la Municipalidad incluy\u00f3 la posibilidad de realizar tr\u00e1mites, consultas m\u00e9dicas, inscribirse en programas y asistencias, disfrutar de entretenimientos para chicos y grandes, ver el cierre de talleres culturales, exposici\u00f3n de trabajos y sorteos.<\/p>\n\n\n\n<figure class=\"wp-block-image\"><img loading=\"lazy\" decoding=\"async\" width=\"750\" height=\"500\" data-attachment-id=\"85592\" data-permalink=\"https:\/\/www.hoymercedes.com.ar\/principal\/2018\/12\/15\/finalizo-expo-muni-con-arte-talleres-reconocimientos-y-sorteos\/15-expomuni-1\/#main\" data-orig-file=\"https:\/\/www.hoymercedes.com.ar\/principal\/wp-content\/uploads\/2018\/12\/15-expomuni-1.jpg\" data-orig-size=\"750,500\" data-comments-opened=\"0\" data-image-meta=\"{&quot;aperture&quot;:&quot;0&quot;,&quot;credit&quot;:&quot;&quot;,&quot;camera&quot;:&quot;&quot;,&quot;caption&quot;:&quot;&quot;,&quot;created_timestamp&quot;:&quot;0&quot;,&quot;copyright&quot;:&quot;&quot;,&quot;focal_length&quot;:&quot;0&quot;,&quot;iso&quot;:&quot;0&quot;,&quot;shutter_speed&quot;:&quot;0&quot;,&quot;title&quot;:&quot;&quot;,&quot;orientation&quot;:&quot;0&quot;}\" data-image-title=\"15 expomuni 1\" data-image-description=\"\" data-image-caption=\"\" data-large-file=\"https:\/\/www.hoymercedes.com.ar\/principal\/wp-content\/uploads\/2018\/12\/15-expomuni-1.jpg\" src=\"https:\/\/www.hoymercedes.com.ar\/principal\/wp-content\/uploads\/2018\/12\/15-expomuni-1.jpg\" alt=\"\" class=\"wp-image-85592\" srcset=\"https:\/\/www.hoymercedes.com.ar\/principal\/wp-content\/uploads\/2018\/12\/15-expomuni-1.jpg 750w, https:\/\/www.hoymercedes.com.ar\/principal\/wp-content\/uploads\/2018\/12\/15-expomuni-1-150x100.jpg 150w, https:\/\/www.hoymercedes.com.ar\/principal\/wp-content\/uploads\/2018\/12\/15-expomuni-1-630x420.jpg 630w\" sizes=\"auto, (max-width: 750px) 100vw, 750px\" \/><\/figure>\n\n\n\n<p>\u201cPara nosotros fue un lindo desaf\u00edo\u201d, sostuvo el intendente Ustarroz y remarc\u00f3 que \u201cquiero agradecer a las instituciones, a los vecinos, a cada uno de los que fueron parte durante los d\u00edas que se realiz\u00f3 esta expo y especialmente a los trabajadores municipales que con mucho trabajo y vocaci\u00f3n realizaron esta propuesta para todos los mercedinos\u201d<\/p>\n\n\n\n<p>En la jornada del lunes se abri\u00f3 con una puesta en escena grande. Fue con un desfile de m\u00e1s de 30 veh\u00edculos adquiridos en los \u00faltimos tres a\u00f1os. Desde motoniveladoras a camiones, tractores, recolectores, regadoras, autos, motos, desobstructores, mini buses, es decir, aquello que \u201chemos adquirido al contado para poder brindar m\u00e1s y mejores servicios a nuestros vecinos, porque fue una capitalizaci\u00f3n hist\u00f3rica de nuestro parque automotor en general y del corral\u00f3n en particular\u201d, cont\u00f3 el jefe de gabinete Mat\u00edas Dematei.<\/p>\n\n\n\n<p>En cuanto a Obras P\u00fablicas, un \u00e1rea bajo la \u00f3rbita del mencionado funcionario, se pudo ver los avances y fotos de tres a\u00f1os de fuertes inversiones y siendo en este 2018 100 millones invertidos, vi\u00e9ndose en la casa velatoria, el centro de diagn\u00f3stico, el asfalto, el plan integral de bacheo, maquetas y banners, fotos y exposici\u00f3n de los cambios en infraestructura que viene siendo objeto la ciudad en todos sus puntos cardinales, sostuvo.<\/p>\n\n\n\n<p>Hubo durante las jornadas inflables con profesores de la direcci\u00f3n de deportes para que los chicos jueguen, una gran puesta en escena de la secretar\u00eda de seguridad con los nuevos sem\u00e1foros, la posibilidad de ver las c\u00e1maras en vivo, campa\u00f1a de seguridad vial y un casco inflable gigante. Educaci\u00f3n fue tambi\u00e9n un atractivo con su gran aula gigante y los planes desplegados. Salud adem\u00e1s de exponer efectu\u00f3 atenciones m\u00e9dicas, el centro de d\u00eda mostr\u00f3 trabajos, desarrollo social con sus programas y espacios jardines primera infancia, el vivero municipal, medio ambiente con campa\u00f1as de concientizaci\u00f3n, servicios p\u00fablicos con m\u00e1quinas e inscribiendo para sortear luego bancos, juegos infantiles y adornos de primera calidad para los vecinos, adem\u00e1s de exponer parte de lo que efect\u00faan en sus talleres, como ser luminarias, herrer\u00eda, carpinter\u00eda, entre otros. Mil D\u00edas y Discapacidad con sus propuestas y programas, como el CETIM y la ortopedia municipal, la RPM en vivo cada jornada, juventud realizando test vocacionales y mechas solidarias promoviendo la participaci\u00f3n de un c\u00e1lido programa social. As\u00ed, cada \u00e1rea, present\u00f3 mucho de lo mejor de lo que cada d\u00eda despliega, teniendo adem\u00e1s un cierre de los 40 talleres culturales, con dos grandes carpas y exposici\u00f3n de m\u00fasica y arte, desde payasos a bater\u00eda, baile, canto, tejidos, es decir, una gran muestra anual de trabajos, tareas y programas.<\/p>\n\n\n\n<figure class=\"wp-block-image\"><img loading=\"lazy\" decoding=\"async\" width=\"750\" height=\"500\" data-attachment-id=\"85593\" data-permalink=\"https:\/\/www.hoymercedes.com.ar\/principal\/2018\/12\/15\/finalizo-expo-muni-con-arte-talleres-reconocimientos-y-sorteos\/15-expomuni-2\/#main\" data-orig-file=\"https:\/\/www.hoymercedes.com.ar\/principal\/wp-content\/uploads\/2018\/12\/15-expomuni-2.jpg\" data-orig-size=\"750,500\" data-comments-opened=\"0\" data-image-meta=\"{&quot;aperture&quot;:&quot;0&quot;,&quot;credit&quot;:&quot;&quot;,&quot;camera&quot;:&quot;&quot;,&quot;caption&quot;:&quot;&quot;,&quot;created_timestamp&quot;:&quot;0&quot;,&quot;copyright&quot;:&quot;&quot;,&quot;focal_length&quot;:&quot;0&quot;,&quot;iso&quot;:&quot;0&quot;,&quot;shutter_speed&quot;:&quot;0&quot;,&quot;title&quot;:&quot;&quot;,&quot;orientation&quot;:&quot;0&quot;}\" data-image-title=\"15 expomuni 2\" data-image-description=\"\" data-image-caption=\"\" data-large-file=\"https:\/\/www.hoymercedes.com.ar\/principal\/wp-content\/uploads\/2018\/12\/15-expomuni-2.jpg\" src=\"https:\/\/www.hoymercedes.com.ar\/principal\/wp-content\/uploads\/2018\/12\/15-expomuni-2.jpg\" alt=\"\" class=\"wp-image-85593\" srcset=\"https:\/\/www.hoymercedes.com.ar\/principal\/wp-content\/uploads\/2018\/12\/15-expomuni-2.jpg 750w, https:\/\/www.hoymercedes.com.ar\/principal\/wp-content\/uploads\/2018\/12\/15-expomuni-2-150x100.jpg 150w, https:\/\/www.hoymercedes.com.ar\/principal\/wp-content\/uploads\/2018\/12\/15-expomuni-2-630x420.jpg 630w\" sizes=\"auto, (max-width: 750px) 100vw, 750px\" \/><\/figure>\n\n\n\n<p>\u201cNos sentimos muy orgullos no s\u00f3lo por lo que fue la muestra y la gran cantidad de vecinos que asistieron en los distintos d\u00edas y turnos, sino porque es un peque\u00f1o reflejo de todo lo que hemos crecido como ciudad, con mucho trabajo, mucha participaci\u00f3n, vocaci\u00f3n y profesionalismo, con trabajadores municipales, profesionales e instituciones. Muchas gracias a todos los que fueron parte\u201d, remarc\u00f3 el jefe comunal Juan Ignacio Ustarroz.<\/p>\n","protected":false},"excerpt":{"rendered":"<p>Con un gran marco de p\u00fablico finaliz\u00f3 la \u201cExpo Muni\u201d que durante esta semana se vivi\u00f3 en Plaza San Mart\u00edn. &#8230; <a title=\"Finaliz\u00f3 \u201cExpo Muni\u201d con arte, talleres, reconocimientos y sorteos\" class=\"read-more\" href=\"https:\/\/www.hoymercedes.com.ar\/principal\/2018\/12\/15\/finalizo-expo-muni-con-arte-talleres-reconocimientos-y-sorteos\/\" aria-label=\"Leer m\u00e1s sobre Finaliz\u00f3 \u201cExpo Muni\u201d con arte, talleres, reconocimientos y sorteos\">Leer m\u00e1s<\/a><\/p>\n","protected":false},"author":1,"featured_media":85593,"comment_status":"closed","ping_status":"open","sticky":false,"template":"","format":"standard","meta":{"_monsterinsights_skip_tracking":false,"_monsterinsights_sitenote_active":false,"_monsterinsights_sitenote_note":"","_monsterinsights_sitenote_category":0,"jetpack_post_was_ever_published":false,"_jetpack_newsletter_access":"","_jetpack_dont_email_post_to_subs":false,"_jetpack_newsletter_tier_id":0,"_jetpack_memberships_contains_paywalled_content":false,"_jetpack_memberships_contains_paid_content":false,"footnotes":"","jetpack_publicize_message":"","jetpack_publicize_feature_enabled":true,"jetpack_social_post_already_shared":true,"jetpack_social_options":{"image_generator_settings":{"template":"highway","default_image_id":0,"font":"","enabled":false},"version":2},"_wpas_customize_per_network":false},"categories":[30],"tags":[],"class_list":["post-85591","post","type-post","status-publish","format-standard","has-post-thumbnail","hentry","category-municipio","generate-columns","tablet-grid-50","mobile-grid-100","grid-parent","grid-50"],"jetpack_publicize_connections":[],"jetpack_featured_media_url":"https:\/\/www.hoymercedes.com.ar\/principal\/wp-content\/uploads\/2018\/12\/15-expomuni-2.jpg","wps_subtitle":"","jetpack_sharing_enabled":true,"_links":{"self":[{"href":"https:\/\/www.hoymercedes.com.ar\/principal\/wp-json\/wp\/v2\/posts\/85591","targetHints":{"allow":["GET"]}}],"collection":[{"href":"https:\/\/www.hoymercedes.com.ar\/principal\/wp-json\/wp\/v2\/posts"}],"about":[{"href":"https:\/\/www.hoymercedes.com.ar\/principal\/wp-json\/wp\/v2\/types\/post"}],"author":[{"embeddable":true,"href":"https:\/\/www.hoymercedes.com.ar\/principal\/wp-json\/wp\/v2\/users\/1"}],"replies":[{"embeddable":true,"href":"https:\/\/www.hoymercedes.com.ar\/principal\/wp-json\/wp\/v2\/comments?post=85591"}],"version-history":[{"count":0,"href":"https:\/\/www.hoymercedes.com.ar\/principal\/wp-json\/wp\/v2\/posts\/85591\/revisions"}],"wp:featuredmedia":[{"embeddable":true,"href":"https:\/\/www.hoymercedes.com.ar\/principal\/wp-json\/wp\/v2\/media\/85593"}],"wp:attachment":[{"href":"https:\/\/www.hoymercedes.com.ar\/principal\/wp-json\/wp\/v2\/media?parent=85591"}],"wp:term":[{"taxonomy":"category","embeddable":true,"href":"https:\/\/www.hoymercedes.com.ar\/principal\/wp-json\/wp\/v2\/categories?post=85591"},{"taxonomy":"post_tag","embeddable":true,"href":"https:\/\/www.hoymercedes.com.ar\/principal\/wp-json\/wp\/v2\/tags?post=85591"}],"curies":[{"name":"wp","href":"https:\/\/api.w.org\/{rel}","templated":true}]}}