{"id":85603,"date":"2018-12-15T19:30:18","date_gmt":"2018-12-15T22:30:18","guid":{"rendered":"http:\/\/www.hoymercedes.com.ar\/principal\/?p=85603"},"modified":"2018-12-15T18:18:49","modified_gmt":"2018-12-15T21:18:49","slug":"bomberos-dio-curso-de-primeros-auxilios-en-el-cdr","status":"publish","type":"post","link":"https:\/\/www.hoymercedes.com.ar\/principal\/2018\/12\/15\/bomberos-dio-curso-de-primeros-auxilios-en-el-cdr\/","title":{"rendered":"Bomberos dio curso de primeros auxilios en el CDR"},"content":{"rendered":"\n<p>Los Bomberos Voluntarios de Mercedes realizaron en el Centro de Referencia Local (CDR) un nuevo taller de Primeros Auxilios y RCP.\u00a0 Tres Bomberos fueron los encargados de brindar la capacitaci\u00f3n.\u00a0<\/p>\n\n\n\n<p>\u00abEsta es una muy buena experiencia compartida con la comunidad, una vez m\u00e1s acercando herramientas que pueden ayudar a salvar vidas. Y debido a que tuvimos un requerimiento mayor a la capacidad que ten\u00edamos seguramente en las pr\u00f3ximas semanas vamos a hacer otro de iguales caracter\u00edsticas\u00bb, expres\u00f3 la articuladora del espacio dependiente del Ministerio de Desarrollo Social de Naci\u00f3n, Ana Luna.<br><\/p>\n\n\n\n<figure class=\"wp-block-image\"><img loading=\"lazy\" decoding=\"async\" width=\"750\" height=\"437\" data-attachment-id=\"85604\" data-permalink=\"https:\/\/www.hoymercedes.com.ar\/principal\/2018\/12\/15\/bomberos-dio-curso-de-primeros-auxilios-en-el-cdr\/15-cdr-bomberos\/#main\" data-orig-file=\"https:\/\/www.hoymercedes.com.ar\/principal\/wp-content\/uploads\/2018\/12\/15-cdr-bomberos.jpg\" data-orig-size=\"750,437\" data-comments-opened=\"0\" data-image-meta=\"{&quot;aperture&quot;:&quot;0&quot;,&quot;credit&quot;:&quot;&quot;,&quot;camera&quot;:&quot;&quot;,&quot;caption&quot;:&quot;&quot;,&quot;created_timestamp&quot;:&quot;0&quot;,&quot;copyright&quot;:&quot;&quot;,&quot;focal_length&quot;:&quot;0&quot;,&quot;iso&quot;:&quot;0&quot;,&quot;shutter_speed&quot;:&quot;0&quot;,&quot;title&quot;:&quot;&quot;,&quot;orientation&quot;:&quot;0&quot;}\" data-image-title=\"15 cdr bomberos\" data-image-description=\"\" data-image-caption=\"\" data-large-file=\"https:\/\/www.hoymercedes.com.ar\/principal\/wp-content\/uploads\/2018\/12\/15-cdr-bomberos.jpg\" src=\"https:\/\/www.hoymercedes.com.ar\/principal\/wp-content\/uploads\/2018\/12\/15-cdr-bomberos.jpg\" alt=\"\" class=\"wp-image-85604\" srcset=\"https:\/\/www.hoymercedes.com.ar\/principal\/wp-content\/uploads\/2018\/12\/15-cdr-bomberos.jpg 750w, https:\/\/www.hoymercedes.com.ar\/principal\/wp-content\/uploads\/2018\/12\/15-cdr-bomberos-150x87.jpg 150w, https:\/\/www.hoymercedes.com.ar\/principal\/wp-content\/uploads\/2018\/12\/15-cdr-bomberos-630x367.jpg 630w\" sizes=\"auto, (max-width: 750px) 100vw, 750px\" \/><\/figure>\n","protected":false},"excerpt":{"rendered":"<p>Los Bomberos Voluntarios de Mercedes realizaron en el Centro de Referencia Local (CDR) un nuevo taller de Primeros Auxilios y &#8230; <a title=\"Bomberos dio curso de primeros auxilios en el CDR\" class=\"read-more\" href=\"https:\/\/www.hoymercedes.com.ar\/principal\/2018\/12\/15\/bomberos-dio-curso-de-primeros-auxilios-en-el-cdr\/\" aria-label=\"Leer m\u00e1s sobre Bomberos dio curso de primeros auxilios en el CDR\">Leer m\u00e1s<\/a><\/p>\n","protected":false},"author":1,"featured_media":85604,"comment_status":"closed","ping_status":"open","sticky":false,"template":"","format":"standard","meta":{"_monsterinsights_skip_tracking":false,"_monsterinsights_sitenote_active":false,"_monsterinsights_sitenote_note":"","_monsterinsights_sitenote_category":0,"jetpack_post_was_ever_published":false,"_jetpack_newsletter_access":"","_jetpack_dont_email_post_to_subs":false,"_jetpack_newsletter_tier_id":0,"_jetpack_memberships_contains_paywalled_content":false,"_jetpack_memberships_contains_paid_content":false,"footnotes":"","jetpack_publicize_message":"","jetpack_publicize_feature_enabled":true,"jetpack_social_post_already_shared":true,"jetpack_social_options":{"image_generator_settings":{"template":"highway","default_image_id":0,"font":"","enabled":false},"version":2},"_wpas_customize_per_network":false},"categories":[11],"tags":[865,5969,9919,9774,134],"class_list":["post-85603","post","type-post","status-publish","format-standard","has-post-thumbnail","hentry","category-ciudad","tag-bomberos-voluntarios","tag-cdr-mercedes","tag-primeros-auxilios","tag-rcp","tag-salud","generate-columns","tablet-grid-50","mobile-grid-100","grid-parent","grid-50"],"jetpack_publicize_connections":[],"jetpack_featured_media_url":"https:\/\/www.hoymercedes.com.ar\/principal\/wp-content\/uploads\/2018\/12\/15-cdr-bomberos.jpg","wps_subtitle":"Capacitaci\u00f3n","jetpack_sharing_enabled":true,"_links":{"self":[{"href":"https:\/\/www.hoymercedes.com.ar\/principal\/wp-json\/wp\/v2\/posts\/85603","targetHints":{"allow":["GET"]}}],"collection":[{"href":"https:\/\/www.hoymercedes.com.ar\/principal\/wp-json\/wp\/v2\/posts"}],"about":[{"href":"https:\/\/www.hoymercedes.com.ar\/principal\/wp-json\/wp\/v2\/types\/post"}],"author":[{"embeddable":true,"href":"https:\/\/www.hoymercedes.com.ar\/principal\/wp-json\/wp\/v2\/users\/1"}],"replies":[{"embeddable":true,"href":"https:\/\/www.hoymercedes.com.ar\/principal\/wp-json\/wp\/v2\/comments?post=85603"}],"version-history":[{"count":0,"href":"https:\/\/www.hoymercedes.com.ar\/principal\/wp-json\/wp\/v2\/posts\/85603\/revisions"}],"wp:featuredmedia":[{"embeddable":true,"href":"https:\/\/www.hoymercedes.com.ar\/principal\/wp-json\/wp\/v2\/media\/85604"}],"wp:attachment":[{"href":"https:\/\/www.hoymercedes.com.ar\/principal\/wp-json\/wp\/v2\/media?parent=85603"}],"wp:term":[{"taxonomy":"category","embeddable":true,"href":"https:\/\/www.hoymercedes.com.ar\/principal\/wp-json\/wp\/v2\/categories?post=85603"},{"taxonomy":"post_tag","embeddable":true,"href":"https:\/\/www.hoymercedes.com.ar\/principal\/wp-json\/wp\/v2\/tags?post=85603"}],"curies":[{"name":"wp","href":"https:\/\/api.w.org\/{rel}","templated":true}]}}