{"id":85608,"date":"2018-12-16T07:20:12","date_gmt":"2018-12-16T10:20:12","guid":{"rendered":"http:\/\/www.hoymercedes.com.ar\/principal\/?p=85608"},"modified":"2018-12-15T18:33:29","modified_gmt":"2018-12-15T21:33:29","slug":"conservando-la-biodiversidad-en-argentina","status":"publish","type":"post","link":"https:\/\/www.hoymercedes.com.ar\/principal\/2018\/12\/16\/conservando-la-biodiversidad-en-argentina\/","title":{"rendered":"Conservando la biodiversidad en Argentina"},"content":{"rendered":"\n<p>Por Cristi\u00e1n Frers* &#8211; Nuestra propia especie, al igual que decenas de millones de especies, forma parte constituyente de la biodiversidad. Y si bien hay una tendencia a fraccionar la naturaleza en tal o cu\u00e1l especie de flora o fauna, es imprescindible revertir esta visi\u00f3n. Debe procurarse una concepci\u00f3n integral dela diversidad biol\u00f3gica y el ecosistema terrestre en relaci\u00f3n a la calidad de vida de quienes lo habitamos y de las condiciones para asegurar y dar continuidad a la multiplicidad de servicios que nos provee.<\/p>\n\n\n\n<figure class=\"wp-block-image\"><img loading=\"lazy\" decoding=\"async\" width=\"768\" height=\"337\" data-attachment-id=\"85609\" data-permalink=\"https:\/\/www.hoymercedes.com.ar\/principal\/2018\/12\/16\/conservando-la-biodiversidad-en-argentina\/16-biodiversidad-ambiente\/#main\" data-orig-file=\"https:\/\/www.hoymercedes.com.ar\/principal\/wp-content\/uploads\/2018\/12\/16-biodiversidad-ambiente.jpg\" data-orig-size=\"768,337\" data-comments-opened=\"0\" data-image-meta=\"{&quot;aperture&quot;:&quot;0&quot;,&quot;credit&quot;:&quot;&quot;,&quot;camera&quot;:&quot;&quot;,&quot;caption&quot;:&quot;&quot;,&quot;created_timestamp&quot;:&quot;0&quot;,&quot;copyright&quot;:&quot;&quot;,&quot;focal_length&quot;:&quot;0&quot;,&quot;iso&quot;:&quot;0&quot;,&quot;shutter_speed&quot;:&quot;0&quot;,&quot;title&quot;:&quot;&quot;,&quot;orientation&quot;:&quot;0&quot;}\" data-image-title=\"16 biodiversidad ambiente\" data-image-description=\"\" data-image-caption=\"\" data-large-file=\"https:\/\/www.hoymercedes.com.ar\/principal\/wp-content\/uploads\/2018\/12\/16-biodiversidad-ambiente.jpg\" src=\"https:\/\/www.hoymercedes.com.ar\/principal\/wp-content\/uploads\/2018\/12\/16-biodiversidad-ambiente.jpg\" alt=\"\" class=\"wp-image-85609\" srcset=\"https:\/\/www.hoymercedes.com.ar\/principal\/wp-content\/uploads\/2018\/12\/16-biodiversidad-ambiente.jpg 768w, https:\/\/www.hoymercedes.com.ar\/principal\/wp-content\/uploads\/2018\/12\/16-biodiversidad-ambiente-150x66.jpg 150w, https:\/\/www.hoymercedes.com.ar\/principal\/wp-content\/uploads\/2018\/12\/16-biodiversidad-ambiente-630x276.jpg 630w\" sizes=\"auto, (max-width: 768px) 100vw, 768px\" \/><\/figure>\n\n\n\n<p>La diversidad biol\u00f3gica comprende los diversos genes, especies y ecosistemas que constituyen el planeta. En la actualidad se asiste a una p\u00e9rdida constante de biodiversidad que tiene consecuencias importantes en la naturaleza y el bienestar de las personas. Las principales causas son los cambios en los h\u00e1bitats naturales, producidos por los sistemas de producci\u00f3n agr\u00edcola intensiva; la construcci\u00f3n; la sobreexplotaci\u00f3n de bosques, oc\u00e9anos, r\u00edos, lagos y suelos; las invasiones de especies; la contaminaci\u00f3n y el cambio clim\u00e1tico.<\/p>\n\n\n\n<p>La biodiversidad es la base de la vida y de los servicios esenciales que brindan los ecosistemas. Por lo tanto, es el fundamento del desarrollo sostenible de la poblaci\u00f3n en todos los sectores econ\u00f3micos, como la agricultura, la silvicultura, la pesca, la industria farmac\u00e9utica o el turismo, entre otros. Al detener la p\u00e9rdida de la diversidad biol\u00f3gica estamos invirtiendo en la gente,sus vidas y su bienestar.<\/p>\n\n\n\n<p>Est\u00e1 claro que sin un enfoque que coloque al ambiente en el centro de las pol\u00edticas y decisiones econ\u00f3micas le ser\u00e1 muy dif\u00edcil a la Argentina entrar en un sendero de desarrollo sustentable. Parece imprescindible dar al ambiente el tratamiento de un activo o capital que rinda beneficios de distinto tipo a actores econ\u00f3micos y a la sociedad.<\/p>\n\n\n\n<p>Sin ecolog\u00eda no hay econom\u00eda: el 40% de la econom\u00eda mundial depende de tener unos ecosistemas sanos. Y tambi\u00e9n es bienestar social, ya que de ella depende que se tengan medicinas, alimentos, textiles, entre otros beneficios.<\/p>\n\n\n\n<p>La tasa de desaparici\u00f3n de especies en el \u00faltimo siglo es mil veces superior a la natural, como consecuencia del cada vez mayor impacto de las actividades humanas.<\/p>\n\n\n\n<p>La destrucci\u00f3n de los h\u00e1bitats, la extracci\u00f3n insostenible de los recursos naturales,las especies invasoras, el calentamiento global o la contaminaci\u00f3n son algunas de las principales amenazas contra la biodiversidad.<\/p>\n\n\n\n<p>La conservaci\u00f3n de la biodiversidad supone pensar en todas las especies, por insignificantes, repulsivas o da\u00f1inas que puedan parecer, ya que todas tienen una funci\u00f3n en el equilibrio natural.<\/p>\n\n\n\n<p>La Argentina como integrante de esta misma nave espacial, el planeta Tierra, donde los hombres crean frontera y la naturaleza se encarga de eliminarlas, no ha permanecido al margen del problema de la extinci\u00f3n, que si bien no alcanz\u00f3 caracter\u00edsticas catastr\u00f3ficas, se agudiza d\u00eda a d\u00eda. Falta la toma de una real conciencia p\u00fablica de la cuesti\u00f3n por parte de todos los sectores para que realmente se pegue un giro brusco de tim\u00f3n que nos aleje del peligro de perder en los pr\u00f3ximos a\u00f1os los m\u00e1s significativos exponentes de nuestra flora y fauna aut\u00f3ctona.<\/p>\n\n\n\n<p>La lista de especies amenazadas marcan un alerta: 529 animales y 240 plantas. Encabezan la n\u00f3mina las m\u00e1s sensibles a los cambios en sus h\u00e1bitats, las de grandes requerimientos territoriales, las de valor comercial, y las de distribuciones restringidas. Muchas con poblaciones peque\u00f1as, habitan ambientes deteriorados y est\u00e1n maltrechas por un sin fin de amenazas.<\/p>\n\n\n\n<p>El Estado argentino\u00a0\u00a0debe elaborar un inventario de los recursos gen\u00e9ticos del pa\u00eds, creando las correspondientes bases de datos. Asimismo,\u00a0\u00a0deber\u00e1 sancionar una ley nacional, acompa\u00f1ando las disposiciones de la Convenci\u00f3n sobre la Diversidad Biol\u00f3gica, que proteja la riqueza gen\u00e9tica de nuestro pa\u00eds para su beneficio sustentable y poder establecer un efectivo control con las correspondientes sanciones, en caso de incumplimiento respecto a su extracci\u00f3n y uso.<\/p>\n\n\n\n<p>Sin duda, el futuro juzgar\u00e1 a este presente y lo recordar\u00e1, entre otras cosas, por los progresos cient\u00edficos y tecnol\u00f3gicos,pero ser\u00e1 importante un gran esfuerzo para lograr que nos recuerde por negarnos a destruir la vida de la Tierra y con ello, haber hecho posible ese futuro. Es necesario resguardar el patrimonio natural, cultural y la biodiversidad de los argentinos. No s\u00f3lo para los que estamos hoy, sino para las generaciones futuras<\/p>\n\n\n\n<p>*Cristi\u00e1nFrers \u2013 T\u00e9cnico Superior en Gesti\u00f3n Ambiental y T\u00e9cnico Superior en Comunicaci\u00f3n Social (Periodista).<\/p>\n","protected":false},"excerpt":{"rendered":"<p>Por Cristi\u00e1n Frers* &#8211; Nuestra propia especie, al igual que decenas de millones de especies, forma parte constituyente de la &#8230; <a title=\"Conservando la biodiversidad en Argentina\" class=\"read-more\" href=\"https:\/\/www.hoymercedes.com.ar\/principal\/2018\/12\/16\/conservando-la-biodiversidad-en-argentina\/\" aria-label=\"Leer m\u00e1s sobre Conservando la biodiversidad en Argentina\">Leer m\u00e1s<\/a><\/p>\n","protected":false},"author":1,"featured_media":85609,"comment_status":"closed","ping_status":"open","sticky":false,"template":"","format":"standard","meta":{"_monsterinsights_skip_tracking":false,"_monsterinsights_sitenote_active":false,"_monsterinsights_sitenote_note":"","_monsterinsights_sitenote_category":0,"jetpack_post_was_ever_published":false,"_jetpack_newsletter_access":"","_jetpack_dont_email_post_to_subs":false,"_jetpack_newsletter_tier_id":0,"_jetpack_memberships_contains_paywalled_content":false,"_jetpack_memberships_contains_paid_content":false,"footnotes":"","jetpack_publicize_message":"","jetpack_publicize_feature_enabled":true,"jetpack_social_post_already_shared":true,"jetpack_social_options":{"image_generator_settings":{"template":"highway","default_image_id":0,"font":"","enabled":false},"version":2},"_wpas_customize_per_network":false},"categories":[1],"tags":[14224,43,8748,7802],"class_list":["post-85608","post","type-post","status-publish","format-standard","has-post-thumbnail","hentry","category-opinion","tag-biodiversidad","tag-medio-ambiente","tag-opinion","tag-sociedad","generate-columns","tablet-grid-50","mobile-grid-100","grid-parent","grid-50"],"jetpack_publicize_connections":[],"jetpack_featured_media_url":"https:\/\/www.hoymercedes.com.ar\/principal\/wp-content\/uploads\/2018\/12\/16-biodiversidad-ambiente.jpg","wps_subtitle":"","jetpack_sharing_enabled":true,"_links":{"self":[{"href":"https:\/\/www.hoymercedes.com.ar\/principal\/wp-json\/wp\/v2\/posts\/85608","targetHints":{"allow":["GET"]}}],"collection":[{"href":"https:\/\/www.hoymercedes.com.ar\/principal\/wp-json\/wp\/v2\/posts"}],"about":[{"href":"https:\/\/www.hoymercedes.com.ar\/principal\/wp-json\/wp\/v2\/types\/post"}],"author":[{"embeddable":true,"href":"https:\/\/www.hoymercedes.com.ar\/principal\/wp-json\/wp\/v2\/users\/1"}],"replies":[{"embeddable":true,"href":"https:\/\/www.hoymercedes.com.ar\/principal\/wp-json\/wp\/v2\/comments?post=85608"}],"version-history":[{"count":0,"href":"https:\/\/www.hoymercedes.com.ar\/principal\/wp-json\/wp\/v2\/posts\/85608\/revisions"}],"wp:featuredmedia":[{"embeddable":true,"href":"https:\/\/www.hoymercedes.com.ar\/principal\/wp-json\/wp\/v2\/media\/85609"}],"wp:attachment":[{"href":"https:\/\/www.hoymercedes.com.ar\/principal\/wp-json\/wp\/v2\/media?parent=85608"}],"wp:term":[{"taxonomy":"category","embeddable":true,"href":"https:\/\/www.hoymercedes.com.ar\/principal\/wp-json\/wp\/v2\/categories?post=85608"},{"taxonomy":"post_tag","embeddable":true,"href":"https:\/\/www.hoymercedes.com.ar\/principal\/wp-json\/wp\/v2\/tags?post=85608"}],"curies":[{"name":"wp","href":"https:\/\/api.w.org\/{rel}","templated":true}]}}