{"id":8562,"date":"2011-10-24T01:53:51","date_gmt":"2011-10-24T01:53:51","guid":{"rendered":"http:\/\/www.hoymercedes.com.ar\/principal\/?p=8562"},"modified":"2011-10-24T01:58:24","modified_gmt":"2011-10-24T01:58:24","slug":"en-lujan-lucciani-y-en-suipacha-delfini","status":"publish","type":"post","link":"https:\/\/www.hoymercedes.com.ar\/principal\/2011\/10\/24\/en-lujan-lucciani-y-en-suipacha-delfini\/","title":{"rendered":"En Luj\u00e1n Lucciani y en Suipacha Delfino"},"content":{"rendered":"<p>En las ciudades vecinas tambi\u00e9n los resultados han sido en algunos casos ajustados y\u00a0sorpresivos.<\/p>\n<p>En la ciudad de Luj\u00e1n el triunfante Miguel Prince de las elecciones primarias a las 22.30hs estaba quedando segundo detr\u00e1s de Oscar Lucciani qui\u00e9n habria sido beneficiado por el voto de Rosso que no se fue para el ex intendente Prince sino que qued\u00f3 en manos de Lucciani\u00a0convirti\u00e9ndose en un vecinalista al frente de la intendencia. \u00a0Lucciani estar\u00eda en el 45.40% mientras que Prince tendr\u00eda el 43.86% seguido por\u00a0Bogetti: 4,6% Fern\u00e9ndezERNANDEZ3,05%SALVATTO3,03%<\/p>\n<p>En Suipacha luego de veinte a\u00f1os al mando de la comuna nuevamente Antonio Delfino retuvo la intendencia con 2645 votos, Alejandro Federico 2224 votos en tercer lugar\u00a0Antonio Insua con 1473 votos.<\/p>\n<p>De esta manera Delfino continuar\u00e1 cuatro a\u00f1os m\u00e1s mostrando una de las gestiones m\u00e1s longevas de la zona.<\/p>\n<p>&nbsp;<\/p>\n","protected":false},"excerpt":{"rendered":"<p>En las ciudades vecinas tambi\u00e9n los resultados han sido en algunos casos ajustados y\u00a0sorpresivos. En la ciudad de Luj\u00e1n el &#8230; <a title=\"En Luj\u00e1n Lucciani y en Suipacha Delfino\" class=\"read-more\" href=\"https:\/\/www.hoymercedes.com.ar\/principal\/2011\/10\/24\/en-lujan-lucciani-y-en-suipacha-delfini\/\" aria-label=\"Leer m\u00e1s sobre En Luj\u00e1n Lucciani y en Suipacha Delfino\">Leer m\u00e1s<\/a><\/p>\n","protected":false},"author":1,"featured_media":0,"comment_status":"open","ping_status":"open","sticky":false,"template":"","format":"standard","meta":{"_monsterinsights_skip_tracking":false,"_monsterinsights_sitenote_active":false,"_monsterinsights_sitenote_note":"","_monsterinsights_sitenote_category":0,"jetpack_post_was_ever_published":false,"_jetpack_newsletter_access":"","_jetpack_dont_email_post_to_subs":false,"_jetpack_newsletter_tier_id":0,"_jetpack_memberships_contains_paywalled_content":false,"_jetpack_memberships_contains_paid_content":false,"footnotes":"","jetpack_publicize_message":"","jetpack_publicize_feature_enabled":true,"jetpack_social_post_already_shared":false,"jetpack_social_options":{"image_generator_settings":{"template":"highway","default_image_id":0,"font":"","enabled":false},"version":2},"_wpas_customize_per_network":false},"categories":[5],"tags":[86,1503,1502],"class_list":["post-8562","post","type-post","status-publish","format-standard","hentry","category-politica","tag-lujan","tag-resultados-lujab","tag-resultados-suipacha","generate-columns","tablet-grid-50","mobile-grid-100","grid-parent","grid-50"],"jetpack_publicize_connections":[],"jetpack_featured_media_url":"","wps_subtitle":"","jetpack_sharing_enabled":true,"_links":{"self":[{"href":"https:\/\/www.hoymercedes.com.ar\/principal\/wp-json\/wp\/v2\/posts\/8562","targetHints":{"allow":["GET"]}}],"collection":[{"href":"https:\/\/www.hoymercedes.com.ar\/principal\/wp-json\/wp\/v2\/posts"}],"about":[{"href":"https:\/\/www.hoymercedes.com.ar\/principal\/wp-json\/wp\/v2\/types\/post"}],"author":[{"embeddable":true,"href":"https:\/\/www.hoymercedes.com.ar\/principal\/wp-json\/wp\/v2\/users\/1"}],"replies":[{"embeddable":true,"href":"https:\/\/www.hoymercedes.com.ar\/principal\/wp-json\/wp\/v2\/comments?post=8562"}],"version-history":[{"count":0,"href":"https:\/\/www.hoymercedes.com.ar\/principal\/wp-json\/wp\/v2\/posts\/8562\/revisions"}],"wp:attachment":[{"href":"https:\/\/www.hoymercedes.com.ar\/principal\/wp-json\/wp\/v2\/media?parent=8562"}],"wp:term":[{"taxonomy":"category","embeddable":true,"href":"https:\/\/www.hoymercedes.com.ar\/principal\/wp-json\/wp\/v2\/categories?post=8562"},{"taxonomy":"post_tag","embeddable":true,"href":"https:\/\/www.hoymercedes.com.ar\/principal\/wp-json\/wp\/v2\/tags?post=8562"}],"curies":[{"name":"wp","href":"https:\/\/api.w.org\/{rel}","templated":true}]}}