{"id":85622,"date":"2018-12-16T12:29:56","date_gmt":"2018-12-16T15:29:56","guid":{"rendered":"http:\/\/www.hoymercedes.com.ar\/principal\/?p=85622"},"modified":"2018-12-16T12:40:24","modified_gmt":"2018-12-16T15:40:24","slug":"__trashed-6","status":"publish","type":"post","link":"https:\/\/www.hoymercedes.com.ar\/principal\/2018\/12\/16\/__trashed-6\/","title":{"rendered":"Exposici\u00f3n: Terapia a trav\u00e9s del arte"},"content":{"rendered":"\n<p>En la noche del viernes 14 de diciembre, se inaugur\u00f3 en el SAPEC (Servicio de Atenci\u00f3n de Personas con Enfermedades Cr\u00f3nicas) del Hospital Blas L. Dubarry una muestra art\u00edstica con los trabajos realizados en el Taller de Arte Picasso que dirige Natalia Ochoa. La exposici\u00f3n de pinturas se puede visitar de 8 a 14 horas en el edificio perteneciente al hospital en calle 10 esquina 37. <\/p>\n\n\n\n<figure class=\"wp-block-image\"><img loading=\"lazy\" decoding=\"async\" width=\"750\" height=\"563\" data-attachment-id=\"85623\" data-permalink=\"https:\/\/www.hoymercedes.com.ar\/principal\/2018\/12\/16\/__trashed-6\/16-expo-terapia-2\/#main\" data-orig-file=\"https:\/\/www.hoymercedes.com.ar\/principal\/wp-content\/uploads\/2018\/12\/16-expo-terapia-2.jpg\" data-orig-size=\"750,563\" data-comments-opened=\"0\" data-image-meta=\"{&quot;aperture&quot;:&quot;0&quot;,&quot;credit&quot;:&quot;&quot;,&quot;camera&quot;:&quot;&quot;,&quot;caption&quot;:&quot;&quot;,&quot;created_timestamp&quot;:&quot;0&quot;,&quot;copyright&quot;:&quot;&quot;,&quot;focal_length&quot;:&quot;0&quot;,&quot;iso&quot;:&quot;0&quot;,&quot;shutter_speed&quot;:&quot;0&quot;,&quot;title&quot;:&quot;&quot;,&quot;orientation&quot;:&quot;0&quot;}\" data-image-title=\"16 expo terapia 2\" data-image-description=\"\" data-image-caption=\"\" data-large-file=\"https:\/\/www.hoymercedes.com.ar\/principal\/wp-content\/uploads\/2018\/12\/16-expo-terapia-2.jpg\" src=\"https:\/\/www.hoymercedes.com.ar\/principal\/wp-content\/uploads\/2018\/12\/16-expo-terapia-2.jpg\" alt=\"\" class=\"wp-image-85623\" srcset=\"https:\/\/www.hoymercedes.com.ar\/principal\/wp-content\/uploads\/2018\/12\/16-expo-terapia-2.jpg 750w, https:\/\/www.hoymercedes.com.ar\/principal\/wp-content\/uploads\/2018\/12\/16-expo-terapia-2-150x113.jpg 150w, https:\/\/www.hoymercedes.com.ar\/principal\/wp-content\/uploads\/2018\/12\/16-expo-terapia-2-630x473.jpg 630w\" sizes=\"auto, (max-width: 750px) 100vw, 750px\" \/><\/figure>\n\n\n\n<p>En los pasillo del SAPEC puede verse las pinturas de los diferentes alumnos del Taller de Arte, algunos pacientes otros invitados, pero con el punto en com\u00fan de hacer del arte pict\u00f3rica una expresi\u00f3n sanadora. El lugar elegido fue la sala externa del Hospital Dubarry que atiende a pacientes con enfermedades cr\u00f3nicas y all\u00ed estar\u00e1n expuestas al p\u00fablico general a lo largo de quince d\u00edas. <\/p>\n\n\n\n<p>En esta oportunidad exponen: Andrea Piperno, Norma Bra\u00f1as, Susana del Buono, Mercedes Rapallini, Graciela Pisoni, Karina Furlan, Mario Grignogli, Priscila Quiroga, Clara Rey, Eugenia Boragno, Martina, Bety Redondo, Bea Zunino, Marcela Pazuoli, Carina Tommasi, Nora Rodr\u00edguez y Emilia Begher. <\/p>\n\n\n\n<figure class=\"wp-block-image\"><img loading=\"lazy\" decoding=\"async\" width=\"750\" height=\"563\" data-attachment-id=\"85624\" data-permalink=\"https:\/\/www.hoymercedes.com.ar\/principal\/2018\/12\/16\/__trashed-6\/16-expo-terapia-1\/#main\" data-orig-file=\"https:\/\/www.hoymercedes.com.ar\/principal\/wp-content\/uploads\/2018\/12\/16-expo-terapia-1.jpg\" data-orig-size=\"750,563\" data-comments-opened=\"0\" data-image-meta=\"{&quot;aperture&quot;:&quot;0&quot;,&quot;credit&quot;:&quot;&quot;,&quot;camera&quot;:&quot;&quot;,&quot;caption&quot;:&quot;&quot;,&quot;created_timestamp&quot;:&quot;0&quot;,&quot;copyright&quot;:&quot;&quot;,&quot;focal_length&quot;:&quot;0&quot;,&quot;iso&quot;:&quot;0&quot;,&quot;shutter_speed&quot;:&quot;0&quot;,&quot;title&quot;:&quot;&quot;,&quot;orientation&quot;:&quot;0&quot;}\" data-image-title=\"16 expo terapia 1\" data-image-description=\"\" data-image-caption=\"\" data-large-file=\"https:\/\/www.hoymercedes.com.ar\/principal\/wp-content\/uploads\/2018\/12\/16-expo-terapia-1.jpg\" src=\"https:\/\/www.hoymercedes.com.ar\/principal\/wp-content\/uploads\/2018\/12\/16-expo-terapia-1.jpg\" alt=\"\" class=\"wp-image-85624\" srcset=\"https:\/\/www.hoymercedes.com.ar\/principal\/wp-content\/uploads\/2018\/12\/16-expo-terapia-1.jpg 750w, https:\/\/www.hoymercedes.com.ar\/principal\/wp-content\/uploads\/2018\/12\/16-expo-terapia-1-150x113.jpg 150w, https:\/\/www.hoymercedes.com.ar\/principal\/wp-content\/uploads\/2018\/12\/16-expo-terapia-1-630x473.jpg 630w\" sizes=\"auto, (max-width: 750px) 100vw, 750px\" \/><\/figure>\n","protected":false},"excerpt":{"rendered":"<p>En la noche del viernes 14 de diciembre, se inaugur\u00f3 en el SAPEC (Servicio de Atenci\u00f3n de Personas con Enfermedades &#8230; <a title=\"Exposici\u00f3n: Terapia a trav\u00e9s del arte\" class=\"read-more\" href=\"https:\/\/www.hoymercedes.com.ar\/principal\/2018\/12\/16\/__trashed-6\/\" aria-label=\"Leer m\u00e1s sobre Exposici\u00f3n: Terapia a trav\u00e9s del arte\">Leer m\u00e1s<\/a><\/p>\n","protected":false},"author":1,"featured_media":85624,"comment_status":"closed","ping_status":"open","sticky":false,"template":"","format":"standard","meta":{"_monsterinsights_skip_tracking":false,"_monsterinsights_sitenote_active":false,"_monsterinsights_sitenote_note":"","_monsterinsights_sitenote_category":0,"jetpack_post_was_ever_published":false,"_jetpack_newsletter_access":"","_jetpack_dont_email_post_to_subs":false,"_jetpack_newsletter_tier_id":0,"_jetpack_memberships_contains_paywalled_content":false,"_jetpack_memberships_contains_paid_content":false,"footnotes":"","jetpack_publicize_message":"","jetpack_publicize_feature_enabled":true,"jetpack_social_post_already_shared":true,"jetpack_social_options":{"image_generator_settings":{"template":"highway","default_image_id":0,"font":"","enabled":false},"version":2},"_wpas_customize_per_network":false},"categories":[104],"tags":[1550,7805,140,13798,14227],"class_list":["post-85622","post","type-post","status-publish","format-standard","has-post-thumbnail","hentry","category-cultura","tag-arte","tag-cultura","tag-hospital-dubarry","tag-sapec","tag-terapia","generate-columns","tablet-grid-50","mobile-grid-100","grid-parent","grid-50"],"jetpack_publicize_connections":[],"jetpack_featured_media_url":"https:\/\/www.hoymercedes.com.ar\/principal\/wp-content\/uploads\/2018\/12\/16-expo-terapia-1.jpg","wps_subtitle":"","jetpack_sharing_enabled":true,"_links":{"self":[{"href":"https:\/\/www.hoymercedes.com.ar\/principal\/wp-json\/wp\/v2\/posts\/85622","targetHints":{"allow":["GET"]}}],"collection":[{"href":"https:\/\/www.hoymercedes.com.ar\/principal\/wp-json\/wp\/v2\/posts"}],"about":[{"href":"https:\/\/www.hoymercedes.com.ar\/principal\/wp-json\/wp\/v2\/types\/post"}],"author":[{"embeddable":true,"href":"https:\/\/www.hoymercedes.com.ar\/principal\/wp-json\/wp\/v2\/users\/1"}],"replies":[{"embeddable":true,"href":"https:\/\/www.hoymercedes.com.ar\/principal\/wp-json\/wp\/v2\/comments?post=85622"}],"version-history":[{"count":0,"href":"https:\/\/www.hoymercedes.com.ar\/principal\/wp-json\/wp\/v2\/posts\/85622\/revisions"}],"wp:featuredmedia":[{"embeddable":true,"href":"https:\/\/www.hoymercedes.com.ar\/principal\/wp-json\/wp\/v2\/media\/85624"}],"wp:attachment":[{"href":"https:\/\/www.hoymercedes.com.ar\/principal\/wp-json\/wp\/v2\/media?parent=85622"}],"wp:term":[{"taxonomy":"category","embeddable":true,"href":"https:\/\/www.hoymercedes.com.ar\/principal\/wp-json\/wp\/v2\/categories?post=85622"},{"taxonomy":"post_tag","embeddable":true,"href":"https:\/\/www.hoymercedes.com.ar\/principal\/wp-json\/wp\/v2\/tags?post=85622"}],"curies":[{"name":"wp","href":"https:\/\/api.w.org\/{rel}","templated":true}]}}