{"id":85626,"date":"2018-12-17T16:41:23","date_gmt":"2018-12-17T19:41:23","guid":{"rendered":"http:\/\/www.hoymercedes.com.ar\/principal\/?p=85626"},"modified":"2018-12-17T16:09:20","modified_gmt":"2018-12-17T19:09:20","slug":"festival-perfectolooza-con-folklore-y-rock","status":"publish","type":"post","link":"https:\/\/www.hoymercedes.com.ar\/principal\/2018\/12\/17\/festival-perfectolooza-con-folklore-y-rock\/","title":{"rendered":"Festival Perfectolooza con folklore y rock"},"content":{"rendered":"\n<p>El programa de radio Un D\u00eda Perfecto que se emite por FM Santa Mar\u00eda celebra los 150 programas con un festival de m\u00fasica los d\u00edas viernes 21 y s\u00e1bado 22, ambos d\u00edas de la hora 19. Folklore y Rock predomina en la grilla de bandas, grupos y solistas que subir\u00e1n al escenario de La Cultural Dumer de calle 10 y 31. M\u00fasica que estar\u00e1 acompa\u00f1ada de arte en vivo en cada uno de los d\u00edas.\u00a0<\/p>\n\n\n\n<figure class=\"wp-block-image\"><img loading=\"lazy\" decoding=\"async\" width=\"750\" height=\"277\" data-attachment-id=\"85627\" data-permalink=\"https:\/\/www.hoymercedes.com.ar\/principal\/2018\/12\/17\/festival-perfectolooza-con-folklore-y-rock\/17-perfetolooza\/#main\" data-orig-file=\"https:\/\/www.hoymercedes.com.ar\/principal\/wp-content\/uploads\/2018\/12\/17-perfetolooza.jpg\" data-orig-size=\"750,277\" data-comments-opened=\"0\" data-image-meta=\"{&quot;aperture&quot;:&quot;0&quot;,&quot;credit&quot;:&quot;&quot;,&quot;camera&quot;:&quot;&quot;,&quot;caption&quot;:&quot;&quot;,&quot;created_timestamp&quot;:&quot;0&quot;,&quot;copyright&quot;:&quot;&quot;,&quot;focal_length&quot;:&quot;0&quot;,&quot;iso&quot;:&quot;0&quot;,&quot;shutter_speed&quot;:&quot;0&quot;,&quot;title&quot;:&quot;&quot;,&quot;orientation&quot;:&quot;0&quot;}\" data-image-title=\"17 perfetolooza\" data-image-description=\"\" data-image-caption=\"\" data-large-file=\"https:\/\/www.hoymercedes.com.ar\/principal\/wp-content\/uploads\/2018\/12\/17-perfetolooza.jpg\" src=\"https:\/\/www.hoymercedes.com.ar\/principal\/wp-content\/uploads\/2018\/12\/17-perfetolooza.jpg\" alt=\"\" class=\"wp-image-85627\" srcset=\"https:\/\/www.hoymercedes.com.ar\/principal\/wp-content\/uploads\/2018\/12\/17-perfetolooza.jpg 750w, https:\/\/www.hoymercedes.com.ar\/principal\/wp-content\/uploads\/2018\/12\/17-perfetolooza-150x55.jpg 150w, https:\/\/www.hoymercedes.com.ar\/principal\/wp-content\/uploads\/2018\/12\/17-perfetolooza-630x233.jpg 630w\" sizes=\"auto, (max-width: 750px) 100vw, 750px\" \/><\/figure>\n\n\n\n<p> Grilla Viernes 21 de diciembre, 19 horas<\/p>\n\n\n\n<p>19:00hs: Oscar Rossello<br>19:30 hs: Marilina Erramuspe- Mariel Solari<br>20:00hs: Gabriela Battistini<br>20:30hs: Chori Perruolo<br>21:00 hs: Puratierra<br>21:30 hs Semilla Agreste<br>22:00 hs Los Lopez Heredia<\/p>\n\n\n\n<p>INTERVENCIONES: Eliana Ramponi &#8211; Tato Deluca &#8211; Natalia Ochoa &#8211; Mirta Leyes- Fernanda Jara<\/p>\n\n\n\n<p>Grilla S\u00e1bado 22 de diciembre, 19 horas.<\/p>\n\n\n\n<p>19:00 Enzo Vivas<br>19:30 Disritmia&nbsp;<br>20:00 Rober Bocacci &#8211; Larry La Regina<br>20:30 Tanna Ramponi<br>21:00 Drummritmia<br>21:30 Sebastian Cirillo<br>22:00 Pata Simonet<br>22:30 Quarto Pas4jero<\/p>\n\n\n\n<p>INTERVENCIONES: Esteban Fauri &#8211; Payaso Cambalache &#8211; Tano Ver\u00f3n<\/p>\n\n\n\n<p>VALOR ENTRADAS: $ 100 por cada d\u00eda, $ 150 ambos d\u00edas.<br>UNICO PUNTO DE VENTA: La Jungla Musical<\/p>\n","protected":false},"excerpt":{"rendered":"<p>El programa de radio Un D\u00eda Perfecto que se emite por FM Santa Mar\u00eda celebra los 150 programas con un &#8230; <a title=\"Festival Perfectolooza con folklore y rock\" class=\"read-more\" href=\"https:\/\/www.hoymercedes.com.ar\/principal\/2018\/12\/17\/festival-perfectolooza-con-folklore-y-rock\/\" aria-label=\"Leer m\u00e1s sobre Festival Perfectolooza con folklore y rock\">Leer m\u00e1s<\/a><\/p>\n","protected":false},"author":1,"featured_media":85627,"comment_status":"closed","ping_status":"open","sticky":false,"template":"","format":"standard","meta":{"_monsterinsights_skip_tracking":false,"_monsterinsights_sitenote_active":false,"_monsterinsights_sitenote_note":"","_monsterinsights_sitenote_category":0,"jetpack_post_was_ever_published":false,"_jetpack_newsletter_access":"","_jetpack_dont_email_post_to_subs":false,"_jetpack_newsletter_tier_id":0,"_jetpack_memberships_contains_paywalled_content":false,"_jetpack_memberships_contains_paid_content":false,"footnotes":"","jetpack_publicize_message":"","jetpack_publicize_feature_enabled":true,"jetpack_social_post_already_shared":true,"jetpack_social_options":{"image_generator_settings":{"template":"highway","default_image_id":0,"font":"","enabled":false},"version":2},"_wpas_customize_per_network":false},"categories":[104],"tags":[7805,14228,13248],"class_list":["post-85626","post","type-post","status-publish","format-standard","has-post-thumbnail","hentry","category-cultura","tag-cultura","tag-festival-de-musica","tag-la-cultural-dumer","generate-columns","tablet-grid-50","mobile-grid-100","grid-parent","grid-50"],"jetpack_publicize_connections":[],"jetpack_featured_media_url":"https:\/\/www.hoymercedes.com.ar\/principal\/wp-content\/uploads\/2018\/12\/17-perfetolooza.jpg","wps_subtitle":"En La Cultural Dumer","jetpack_sharing_enabled":true,"_links":{"self":[{"href":"https:\/\/www.hoymercedes.com.ar\/principal\/wp-json\/wp\/v2\/posts\/85626","targetHints":{"allow":["GET"]}}],"collection":[{"href":"https:\/\/www.hoymercedes.com.ar\/principal\/wp-json\/wp\/v2\/posts"}],"about":[{"href":"https:\/\/www.hoymercedes.com.ar\/principal\/wp-json\/wp\/v2\/types\/post"}],"author":[{"embeddable":true,"href":"https:\/\/www.hoymercedes.com.ar\/principal\/wp-json\/wp\/v2\/users\/1"}],"replies":[{"embeddable":true,"href":"https:\/\/www.hoymercedes.com.ar\/principal\/wp-json\/wp\/v2\/comments?post=85626"}],"version-history":[{"count":0,"href":"https:\/\/www.hoymercedes.com.ar\/principal\/wp-json\/wp\/v2\/posts\/85626\/revisions"}],"wp:featuredmedia":[{"embeddable":true,"href":"https:\/\/www.hoymercedes.com.ar\/principal\/wp-json\/wp\/v2\/media\/85627"}],"wp:attachment":[{"href":"https:\/\/www.hoymercedes.com.ar\/principal\/wp-json\/wp\/v2\/media?parent=85626"}],"wp:term":[{"taxonomy":"category","embeddable":true,"href":"https:\/\/www.hoymercedes.com.ar\/principal\/wp-json\/wp\/v2\/categories?post=85626"},{"taxonomy":"post_tag","embeddable":true,"href":"https:\/\/www.hoymercedes.com.ar\/principal\/wp-json\/wp\/v2\/tags?post=85626"}],"curies":[{"name":"wp","href":"https:\/\/api.w.org\/{rel}","templated":true}]}}