{"id":85629,"date":"2018-12-16T15:04:04","date_gmt":"2018-12-16T18:04:04","guid":{"rendered":"http:\/\/www.hoymercedes.com.ar\/principal\/?p=85629"},"modified":"2018-12-16T13:25:16","modified_gmt":"2018-12-16T16:25:16","slug":"continua-el-domingo-de-18-a-20-hs-la-expo-de-arte-cueto","status":"publish","type":"post","link":"https:\/\/www.hoymercedes.com.ar\/principal\/2018\/12\/16\/continua-el-domingo-de-18-a-20-hs-la-expo-de-arte-cueto\/","title":{"rendered":"Contin\u00faa el domingo de 18 a 20 hs la expo de Arte Cueto"},"content":{"rendered":"\n<p>Los alumnos del Taller de Arte que dirige la artista pl\u00e1stica Marcela Cueto contin\u00faan con la exposici\u00f3n de sus pinturas en la sede del talle de calle 19, entre 18 y 20. Este domingo 16 de diciembre entre las 18 y las 29 horas exponen: Liliana Anselmo, Graciela Barbella, Dina Bataglia, Cecilia Campos, Martha Deluca, Camila Despalanques, Stella Flores, Luciana Frabasil, Alicia Galiani, Andrea Gerasitano, Mariel Godoy, Mar\u00eda del Carmen Mart\u00ednez, Helena Mosca, Silvia Mosconi, Pablo Rodr\u00edguez, Chiara Santorelli, Graciela Saralegui, Irma Tancredi, Naiara Tessore y Carlos Tob\u00edas Torres. <\/p>\n\n\n\n<figure class=\"wp-block-image\"><img loading=\"lazy\" decoding=\"async\" width=\"750\" height=\"500\" data-attachment-id=\"85630\" data-permalink=\"https:\/\/www.hoymercedes.com.ar\/principal\/2018\/12\/16\/continua-el-domingo-de-18-a-20-hs-la-expo-de-arte-cueto\/16-arte-cueto-1\/#main\" data-orig-file=\"https:\/\/www.hoymercedes.com.ar\/principal\/wp-content\/uploads\/2018\/12\/16-arte-cueto-1.jpg\" data-orig-size=\"750,500\" data-comments-opened=\"0\" data-image-meta=\"{&quot;aperture&quot;:&quot;2&quot;,&quot;credit&quot;:&quot;&quot;,&quot;camera&quot;:&quot;Moto G (5S) Plus&quot;,&quot;caption&quot;:&quot;&quot;,&quot;created_timestamp&quot;:&quot;1544902925&quot;,&quot;copyright&quot;:&quot;&quot;,&quot;focal_length&quot;:&quot;3.59&quot;,&quot;iso&quot;:&quot;440&quot;,&quot;shutter_speed&quot;:&quot;0.03030303030303&quot;,&quot;title&quot;:&quot;&quot;,&quot;orientation&quot;:&quot;1&quot;}\" data-image-title=\"16 arte cueto 1\" data-image-description=\"\" data-image-caption=\"\" data-large-file=\"https:\/\/www.hoymercedes.com.ar\/principal\/wp-content\/uploads\/2018\/12\/16-arte-cueto-1.jpg\" src=\"https:\/\/www.hoymercedes.com.ar\/principal\/wp-content\/uploads\/2018\/12\/16-arte-cueto-1.jpg\" alt=\"\" class=\"wp-image-85630\" srcset=\"https:\/\/www.hoymercedes.com.ar\/principal\/wp-content\/uploads\/2018\/12\/16-arte-cueto-1.jpg 750w, https:\/\/www.hoymercedes.com.ar\/principal\/wp-content\/uploads\/2018\/12\/16-arte-cueto-1-150x100.jpg 150w, https:\/\/www.hoymercedes.com.ar\/principal\/wp-content\/uploads\/2018\/12\/16-arte-cueto-1-630x420.jpg 630w\" sizes=\"auto, (max-width: 750px) 100vw, 750px\" \/><\/figure>\n","protected":false},"excerpt":{"rendered":"<p>Los alumnos del Taller de Arte que dirige la artista pl\u00e1stica Marcela Cueto contin\u00faan con la exposici\u00f3n de sus pinturas &#8230; <a title=\"Contin\u00faa el domingo de 18 a 20 hs la expo de Arte Cueto\" class=\"read-more\" href=\"https:\/\/www.hoymercedes.com.ar\/principal\/2018\/12\/16\/continua-el-domingo-de-18-a-20-hs-la-expo-de-arte-cueto\/\" aria-label=\"Leer m\u00e1s sobre Contin\u00faa el domingo de 18 a 20 hs la expo de Arte Cueto\">Leer m\u00e1s<\/a><\/p>\n","protected":false},"author":1,"featured_media":85630,"comment_status":"closed","ping_status":"open","sticky":false,"template":"","format":"standard","meta":{"_monsterinsights_skip_tracking":false,"_monsterinsights_sitenote_active":false,"_monsterinsights_sitenote_note":"","_monsterinsights_sitenote_category":0,"jetpack_post_was_ever_published":false,"_jetpack_newsletter_access":"","_jetpack_dont_email_post_to_subs":false,"_jetpack_newsletter_tier_id":0,"_jetpack_memberships_contains_paywalled_content":false,"_jetpack_memberships_contains_paid_content":false,"footnotes":"","jetpack_publicize_message":"","jetpack_publicize_feature_enabled":true,"jetpack_social_post_already_shared":true,"jetpack_social_options":{"image_generator_settings":{"template":"highway","default_image_id":0,"font":"","enabled":false},"version":2},"_wpas_customize_per_network":false},"categories":[104],"tags":[7805,14229,10100],"class_list":["post-85629","post","type-post","status-publish","format-standard","has-post-thumbnail","hentry","category-cultura","tag-cultura","tag-muestra-de-artes-plasticas","tag-taller-de-arte-cueto","generate-columns","tablet-grid-50","mobile-grid-100","grid-parent","grid-50"],"jetpack_publicize_connections":[],"jetpack_featured_media_url":"https:\/\/www.hoymercedes.com.ar\/principal\/wp-content\/uploads\/2018\/12\/16-arte-cueto-1.jpg","wps_subtitle":"","jetpack_sharing_enabled":true,"_links":{"self":[{"href":"https:\/\/www.hoymercedes.com.ar\/principal\/wp-json\/wp\/v2\/posts\/85629","targetHints":{"allow":["GET"]}}],"collection":[{"href":"https:\/\/www.hoymercedes.com.ar\/principal\/wp-json\/wp\/v2\/posts"}],"about":[{"href":"https:\/\/www.hoymercedes.com.ar\/principal\/wp-json\/wp\/v2\/types\/post"}],"author":[{"embeddable":true,"href":"https:\/\/www.hoymercedes.com.ar\/principal\/wp-json\/wp\/v2\/users\/1"}],"replies":[{"embeddable":true,"href":"https:\/\/www.hoymercedes.com.ar\/principal\/wp-json\/wp\/v2\/comments?post=85629"}],"version-history":[{"count":0,"href":"https:\/\/www.hoymercedes.com.ar\/principal\/wp-json\/wp\/v2\/posts\/85629\/revisions"}],"wp:featuredmedia":[{"embeddable":true,"href":"https:\/\/www.hoymercedes.com.ar\/principal\/wp-json\/wp\/v2\/media\/85630"}],"wp:attachment":[{"href":"https:\/\/www.hoymercedes.com.ar\/principal\/wp-json\/wp\/v2\/media?parent=85629"}],"wp:term":[{"taxonomy":"category","embeddable":true,"href":"https:\/\/www.hoymercedes.com.ar\/principal\/wp-json\/wp\/v2\/categories?post=85629"},{"taxonomy":"post_tag","embeddable":true,"href":"https:\/\/www.hoymercedes.com.ar\/principal\/wp-json\/wp\/v2\/tags?post=85629"}],"curies":[{"name":"wp","href":"https:\/\/api.w.org\/{rel}","templated":true}]}}