{"id":85680,"date":"2018-12-18T08:15:23","date_gmt":"2018-12-18T11:15:23","guid":{"rendered":"http:\/\/www.hoymercedes.com.ar\/principal\/?p=85680"},"modified":"2018-12-18T08:16:48","modified_gmt":"2018-12-18T11:16:48","slug":"joven-musico-con-tea-fue-reconocido-por-el-hcd-mercedes","status":"publish","type":"post","link":"https:\/\/www.hoymercedes.com.ar\/principal\/2018\/12\/18\/joven-musico-con-tea-fue-reconocido-por-el-hcd-mercedes\/","title":{"rendered":"Joven m\u00fasico con TEA fue reconocido por el HCD Mercedes"},"content":{"rendered":"\n<p>Por TeCleArte &#8211; Iv\u00e1n Demirci es percusionista, tiene 19 a\u00f1os y TEA(Trastorno de Espectro Autista). En su gira por la provincia de Buenos Aires con su grupo musical, Iv\u00e1n y sus Amigos, estuvo en Mercedes presentando un mini show ac\u00fastico en el sal\u00f3n del Concejo Deliberante. En ese marco, los legisladores de la ciudad reconocieron a Iv\u00e1n, a su padre Ricardo y a sus amigos Juan Tenaglia y Diego Battaglia, por la promoci\u00f3n que hacen de la m\u00fasica compuesta por el joven con autismo. <\/p>\n\n\n\n<figure class=\"wp-block-image\"><img loading=\"lazy\" decoding=\"async\" width=\"750\" height=\"563\" data-attachment-id=\"85691\" data-permalink=\"https:\/\/www.hoymercedes.com.ar\/principal\/2018\/12\/18\/joven-musico-con-tea-fue-reconocido-por-el-hcd-mercedes\/17-hcd-ivan-amigos2\/#main\" data-orig-file=\"https:\/\/www.hoymercedes.com.ar\/principal\/wp-content\/uploads\/2018\/12\/17-HCD-Ivan-amigos2.jpg\" data-orig-size=\"750,563\" data-comments-opened=\"0\" data-image-meta=\"{&quot;aperture&quot;:&quot;2&quot;,&quot;credit&quot;:&quot;&quot;,&quot;camera&quot;:&quot;Moto G (5S) Plus&quot;,&quot;caption&quot;:&quot;&quot;,&quot;created_timestamp&quot;:&quot;1545075916&quot;,&quot;copyright&quot;:&quot;&quot;,&quot;focal_length&quot;:&quot;3.59&quot;,&quot;iso&quot;:&quot;1090&quot;,&quot;shutter_speed&quot;:&quot;0.058823529411765&quot;,&quot;title&quot;:&quot;&quot;,&quot;orientation&quot;:&quot;1&quot;}\" data-image-title=\"17 HCD Ivan amigos2\" data-image-description=\"\" data-image-caption=\"\" data-large-file=\"https:\/\/www.hoymercedes.com.ar\/principal\/wp-content\/uploads\/2018\/12\/17-HCD-Ivan-amigos2.jpg\" src=\"https:\/\/www.hoymercedes.com.ar\/principal\/wp-content\/uploads\/2018\/12\/17-HCD-Ivan-amigos2.jpg\" alt=\"\" class=\"wp-image-85691\" srcset=\"https:\/\/www.hoymercedes.com.ar\/principal\/wp-content\/uploads\/2018\/12\/17-HCD-Ivan-amigos2.jpg 750w, https:\/\/www.hoymercedes.com.ar\/principal\/wp-content\/uploads\/2018\/12\/17-HCD-Ivan-amigos2-150x113.jpg 150w, https:\/\/www.hoymercedes.com.ar\/principal\/wp-content\/uploads\/2018\/12\/17-HCD-Ivan-amigos2-630x473.jpg 630w\" sizes=\"auto, (max-width: 750px) 100vw, 750px\" \/><\/figure>\n\n\n\n<p>Iv\u00e1n es un joven con autismo que crea sus propias canciones y junto con su banda de amigos difunden un mensaje de esperanza y superaci\u00f3n.En la tarde del lunes se presentaron en el recinto del HCD Mercedes y actuaron para un grupo de concejales que distingui\u00f3 la tarea del grupo y acordar que viniese a presentarse en el mes de abril pr\u00f3ximo, mes en el que se conmemora el D\u00eda de las Personas con Autismo. <\/p>\n\n\n\n<p>El presidente del HCD Oscar Albini fue el responsable en nombre de los concejales presentes de entregar el reconocimiento a Iv\u00e1n Demirci por su m\u00fasica y la superaci\u00f3n diaria a trav\u00e9s de ella, y en su representaci\u00f3n\u201ca todos los Ivanes del pa\u00eds\u201d. En su nombre Ricardo, su padre, fue el que habl\u00f3 ante los presentes en el sal\u00f3n del Concejo. <\/p>\n\n\n\n<figure class=\"wp-block-embed-youtube wp-block-embed is-type-video is-provider-youtube wp-embed-aspect-16-9 wp-has-aspect-ratio\"><div class=\"wp-block-embed__wrapper\">\n<span class=\"embed-youtube\" style=\"text-align:center; display: block;\"><iframe loading=\"lazy\" class=\"youtube-player\" width=\"1200\" height=\"675\" src=\"https:\/\/www.youtube.com\/embed\/uv5QpaLTowk?version=3&#038;rel=1&#038;showsearch=0&#038;showinfo=1&#038;iv_load_policy=1&#038;fs=1&#038;hl=es-ES&#038;autohide=2&#038;wmode=transparent\" allowfullscreen=\"true\" style=\"border:0;\" sandbox=\"allow-scripts allow-same-origin allow-popups allow-presentation allow-popups-to-escape-sandbox\"><\/iframe><\/span>\n<\/div><\/figure>\n\n\n\n<p>\u201cEsta distinci\u00f3n es para todos los Ivanes, para demostrar que ninguna capacidad diferente o discapacidad impide el verdadero desarrollo de las fortalezas de la persona. Cuando nos dieron el diagn\u00f3stico de Iv\u00e1n, fue un golpe duro. Nos hablaron de autismo, no sab\u00edamos lo que era. Al poco tiempo con mi mujer decidimos no mirar lo que Iv\u00e1n no pod\u00eda hacer, eso estaba a la vista, buscamos cu\u00e1l era la fortaleza de Iv\u00e1n y trabajar sobre ella\u201d, cont\u00f3 Ricardo. <\/p>\n\n\n\n<p>\u201cFue largo el camino, pero vemos a Iv\u00e1n con 19 a\u00f1os y dio m\u00e1s de 25 recitales, tocaron en Montevideo y tenemos invitaciones de Medell\u00edn. Nos llena de orgullo. La banda se transform\u00f3 en una banda inspiracional. Iv\u00e1n desde arriba del escenario demuestra lo que se puede hace trabajando mucho,esforz\u00e1ndose. Sus amigos lo llevan a superar esas barreras que tiene con el entorno. Siempre creyeron en \u00e9l. Para ellos Iv\u00e1n no es distinto. Para ellos Iv\u00e1n es el amigo, el compa\u00f1ero, ten\u00eda dificultades pero lo alentaron y esperaron, respetaron sus tiempos\u201d, agreg\u00f3 el padre de Iv\u00e1n Demirci. <\/p>\n\n\n\n<figure class=\"wp-block-image\"><img loading=\"lazy\" decoding=\"async\" width=\"750\" height=\"500\" data-attachment-id=\"85692\" data-permalink=\"https:\/\/www.hoymercedes.com.ar\/principal\/2018\/12\/18\/joven-musico-con-tea-fue-reconocido-por-el-hcd-mercedes\/17-hcd-ivan-amigos\/#main\" data-orig-file=\"https:\/\/www.hoymercedes.com.ar\/principal\/wp-content\/uploads\/2018\/12\/17-HCD-Ivan-amigos.jpg\" data-orig-size=\"750,500\" data-comments-opened=\"0\" data-image-meta=\"{&quot;aperture&quot;:&quot;2&quot;,&quot;credit&quot;:&quot;&quot;,&quot;camera&quot;:&quot;Moto G (5S) Plus&quot;,&quot;caption&quot;:&quot;&quot;,&quot;created_timestamp&quot;:&quot;1545076509&quot;,&quot;copyright&quot;:&quot;&quot;,&quot;focal_length&quot;:&quot;3.59&quot;,&quot;iso&quot;:&quot;1015&quot;,&quot;shutter_speed&quot;:&quot;0.05&quot;,&quot;title&quot;:&quot;&quot;,&quot;orientation&quot;:&quot;1&quot;}\" data-image-title=\"17 HCD Ivan amigos\" data-image-description=\"\" data-image-caption=\"\" data-large-file=\"https:\/\/www.hoymercedes.com.ar\/principal\/wp-content\/uploads\/2018\/12\/17-HCD-Ivan-amigos.jpg\" src=\"https:\/\/www.hoymercedes.com.ar\/principal\/wp-content\/uploads\/2018\/12\/17-HCD-Ivan-amigos.jpg\" alt=\"\" class=\"wp-image-85692\" srcset=\"https:\/\/www.hoymercedes.com.ar\/principal\/wp-content\/uploads\/2018\/12\/17-HCD-Ivan-amigos.jpg 750w, https:\/\/www.hoymercedes.com.ar\/principal\/wp-content\/uploads\/2018\/12\/17-HCD-Ivan-amigos-150x100.jpg 150w, https:\/\/www.hoymercedes.com.ar\/principal\/wp-content\/uploads\/2018\/12\/17-HCD-Ivan-amigos-630x420.jpg 630w\" sizes=\"auto, (max-width: 750px) 100vw, 750px\" \/><\/figure>\n\n\n\n<p>En un ac\u00fastico, Iv\u00e1n en voz y percusi\u00f3n, interpret\u00f3 cuatro temas acompa\u00f1ado por sus amigos Juan Tenaglia y Diego Battaglia con la ausencia de Patricio \u00c1lvarez. Ellos tres, j\u00f3venes m\u00fasicos que \u201cdemuestran que la inclusi\u00f3n es una cuesti\u00f3n totalmente normal, no algo que nos tenga que sorprender\u201d (Ver Videos).<\/p>\n\n\n\n<figure class=\"wp-block-embed-youtube wp-block-embed is-type-video is-provider-youtube wp-embed-aspect-16-9 wp-has-aspect-ratio\"><div class=\"wp-block-embed__wrapper\">\n<span class=\"embed-youtube\" style=\"text-align:center; display: block;\"><iframe loading=\"lazy\" class=\"youtube-player\" width=\"1200\" height=\"675\" src=\"https:\/\/www.youtube.com\/embed\/RDljbn7pizM?version=3&#038;rel=1&#038;showsearch=0&#038;showinfo=1&#038;iv_load_policy=1&#038;fs=1&#038;hl=es-ES&#038;autohide=2&#038;wmode=transparent\" allowfullscreen=\"true\" style=\"border:0;\" sandbox=\"allow-scripts allow-same-origin allow-popups allow-presentation allow-popups-to-escape-sandbox\"><\/iframe><\/span>\n<\/div><\/figure>\n\n\n\n<p> <\/p>\n","protected":false},"excerpt":{"rendered":"<p>Por TeCleArte &#8211; Iv\u00e1n Demirci es percusionista, tiene 19 a\u00f1os y TEA(Trastorno de Espectro Autista). En su gira por la &#8230; <a title=\"Joven m\u00fasico con TEA fue reconocido por el HCD Mercedes\" class=\"read-more\" href=\"https:\/\/www.hoymercedes.com.ar\/principal\/2018\/12\/18\/joven-musico-con-tea-fue-reconocido-por-el-hcd-mercedes\/\" aria-label=\"Leer m\u00e1s sobre Joven m\u00fasico con TEA fue reconocido por el HCD Mercedes\">Leer m\u00e1s<\/a><\/p>\n","protected":false},"author":1,"featured_media":85691,"comment_status":"closed","ping_status":"open","sticky":false,"template":"","format":"standard","meta":{"_monsterinsights_skip_tracking":false,"_monsterinsights_sitenote_active":false,"_monsterinsights_sitenote_note":"","_monsterinsights_sitenote_category":0,"jetpack_post_was_ever_published":false,"_jetpack_newsletter_access":"","_jetpack_dont_email_post_to_subs":false,"_jetpack_newsletter_tier_id":0,"_jetpack_memberships_contains_paywalled_content":false,"_jetpack_memberships_contains_paid_content":false,"footnotes":"","jetpack_publicize_message":"","jetpack_publicize_feature_enabled":true,"jetpack_social_post_already_shared":true,"jetpack_social_options":{"image_generator_settings":{"template":"highway","default_image_id":0,"font":"","enabled":false},"version":2},"_wpas_customize_per_network":false},"categories":[8],"tags":[7805,15,8539,7852,134,9626,14235],"class_list":["post-85680","post","type-post","status-publish","format-standard","has-post-thumbnail","hentry","category-sociedad","tag-cultura","tag-hcd","tag-musica","tag-reconocimiento","tag-salud","tag-tea","tag-trastorno-de-autismo","generate-columns","tablet-grid-50","mobile-grid-100","grid-parent","grid-50"],"jetpack_publicize_connections":[],"jetpack_featured_media_url":"https:\/\/www.hoymercedes.com.ar\/principal\/wp-content\/uploads\/2018\/12\/17-HCD-Ivan-amigos2.jpg","wps_subtitle":"Recorre la provincia con su m\u00fasica","jetpack_sharing_enabled":true,"_links":{"self":[{"href":"https:\/\/www.hoymercedes.com.ar\/principal\/wp-json\/wp\/v2\/posts\/85680","targetHints":{"allow":["GET"]}}],"collection":[{"href":"https:\/\/www.hoymercedes.com.ar\/principal\/wp-json\/wp\/v2\/posts"}],"about":[{"href":"https:\/\/www.hoymercedes.com.ar\/principal\/wp-json\/wp\/v2\/types\/post"}],"author":[{"embeddable":true,"href":"https:\/\/www.hoymercedes.com.ar\/principal\/wp-json\/wp\/v2\/users\/1"}],"replies":[{"embeddable":true,"href":"https:\/\/www.hoymercedes.com.ar\/principal\/wp-json\/wp\/v2\/comments?post=85680"}],"version-history":[{"count":0,"href":"https:\/\/www.hoymercedes.com.ar\/principal\/wp-json\/wp\/v2\/posts\/85680\/revisions"}],"wp:featuredmedia":[{"embeddable":true,"href":"https:\/\/www.hoymercedes.com.ar\/principal\/wp-json\/wp\/v2\/media\/85691"}],"wp:attachment":[{"href":"https:\/\/www.hoymercedes.com.ar\/principal\/wp-json\/wp\/v2\/media?parent=85680"}],"wp:term":[{"taxonomy":"category","embeddable":true,"href":"https:\/\/www.hoymercedes.com.ar\/principal\/wp-json\/wp\/v2\/categories?post=85680"},{"taxonomy":"post_tag","embeddable":true,"href":"https:\/\/www.hoymercedes.com.ar\/principal\/wp-json\/wp\/v2\/tags?post=85680"}],"curies":[{"name":"wp","href":"https:\/\/api.w.org\/{rel}","templated":true}]}}