{"id":85681,"date":"2018-12-18T15:50:10","date_gmt":"2018-12-18T18:50:10","guid":{"rendered":"http:\/\/www.hoymercedes.com.ar\/principal\/?p=85681"},"modified":"2018-12-18T08:14:43","modified_gmt":"2018-12-18T11:14:43","slug":"quilmes-finalizo-octavo-en-u17","status":"publish","type":"post","link":"https:\/\/www.hoymercedes.com.ar\/principal\/2018\/12\/18\/quilmes-finalizo-octavo-en-u17\/","title":{"rendered":"Quilmes finaliz\u00f3 octavo en U17"},"content":{"rendered":"\n<p>El quilme\u00f1o disput\u00f3la Copa de Plata en Nueve de Julio. Perdi\u00f3 los dos partidos y qued\u00f3 octavo enel campeonato.\u00a0 Atl. 9 de Julio gan\u00f3 laCopa. Hoy se define el campe\u00f3n entre Argentino (Negro ) (Ch) \u00a0y Ciudad de Saladillo.<\/p>\n\n\n\n<figure class=\"wp-block-image\"><img loading=\"lazy\" decoding=\"async\" width=\"1024\" height=\"614\" data-attachment-id=\"85682\" data-permalink=\"https:\/\/www.hoymercedes.com.ar\/principal\/2018\/12\/18\/quilmes-finalizo-octavo-en-u17\/whatsapp-image-2018-12-17-at-20-46-07\/#main\" data-orig-file=\"https:\/\/www.hoymercedes.com.ar\/principal\/wp-content\/uploads\/2018\/12\/WhatsApp-Image-2018-12-17-at-20.46.07.jpeg\" data-orig-size=\"1280,768\" data-comments-opened=\"0\" data-image-meta=\"{&quot;aperture&quot;:&quot;0&quot;,&quot;credit&quot;:&quot;&quot;,&quot;camera&quot;:&quot;&quot;,&quot;caption&quot;:&quot;&quot;,&quot;created_timestamp&quot;:&quot;0&quot;,&quot;copyright&quot;:&quot;&quot;,&quot;focal_length&quot;:&quot;0&quot;,&quot;iso&quot;:&quot;0&quot;,&quot;shutter_speed&quot;:&quot;0&quot;,&quot;title&quot;:&quot;&quot;,&quot;orientation&quot;:&quot;0&quot;}\" data-image-title=\"WhatsApp Image 2018-12-17 at 20.46.07\" data-image-description=\"\" data-image-caption=\"\" data-large-file=\"https:\/\/www.hoymercedes.com.ar\/principal\/wp-content\/uploads\/2018\/12\/WhatsApp-Image-2018-12-17-at-20.46.07-1024x614.jpeg\" src=\"https:\/\/www.hoymercedes.com.ar\/principal\/wp-content\/uploads\/2018\/12\/WhatsApp-Image-2018-12-17-at-20.46.07-1024x614.jpeg\" alt=\"\" class=\"wp-image-85682\" srcset=\"https:\/\/www.hoymercedes.com.ar\/principal\/wp-content\/uploads\/2018\/12\/WhatsApp-Image-2018-12-17-at-20.46.07-1024x614.jpeg 1024w, https:\/\/www.hoymercedes.com.ar\/principal\/wp-content\/uploads\/2018\/12\/WhatsApp-Image-2018-12-17-at-20.46.07-150x90.jpeg 150w, https:\/\/www.hoymercedes.com.ar\/principal\/wp-content\/uploads\/2018\/12\/WhatsApp-Image-2018-12-17-at-20.46.07-630x378.jpeg 630w, https:\/\/www.hoymercedes.com.ar\/principal\/wp-content\/uploads\/2018\/12\/WhatsApp-Image-2018-12-17-at-20.46.07.jpeg 1280w\" sizes=\"auto, (max-width: 1024px) 100vw, 1024px\" \/><\/figure>\n\n\n\n<p>En primer t\u00e9rmino Quilmes enfrent\u00f3 a Millonarios deBragado y tras un PT parejo (lo perdi\u00f3 por 36 a 31), en el ST la contundenciadel equipo bragadense con las buenas actuaciones de Ian Zapacosta (24 puntos) yde Mat\u00edas Ca\u00f1\u00f3n vencieron la resistencia quilme\u00f1a ganando el partido por 66 a48. En Quilmes, a pesar de la derrota, se destacaron \u201cFede\u201d Contardi (10puntos), Bernardo Loch (9) y Marcos Graziadei (9). Ya en el segundo partido,sin chances de pelear por el quinto puesto,\u00a0Quilmes, en la lucha por el 7\u00b0 puesto, arranc\u00f3 con todo y se fue arribael PT por 40 a 21. <\/p>\n\n\n\n<p>Parec\u00eda partido definido. Pero una soberana reacci\u00f3n delequipo conducido por Mart\u00edn Galletti, con una excelente actuaci\u00f3n de Zarza (28puntos) y Almir\u00f3n (20) (tanto en defensa como en ataque), \u00a0dieron vuelta el resultado ante la inmovilidadtotal en defensa y las desacertadas ofensivas del conjunto quilme\u00f1o a tal puntode llegar al final por 16 puntos\u00a0 abajo: \u00a0\u00a053 a 69. \u00a0Destacados: Franco Festugatto (10 puntos),\u201cTomi\u201d \u00a0Beyer (9) y Bernardo Loch (9).As\u00ed Quilmes termina en un inmerecido octavo puesto con un equipo que en elprimer campeonato del a\u00f1o luch\u00f3 hasta el suplementario por la 5\u00b0 ubicaci\u00f3nfinal.<\/p>\n\n\n\n<p>JUEGO 1; &nbsp;Atl. 9\nde Julio 58 \u2013 Sp. 25 de Mayo 49<\/p>\n\n\n\n<p>JUEGO 2: SINTESIS:<\/p>\n\n\n\n<p>QUILMES 48:\u00a0(F. Contardi 10, Loch 9, Graziadei 9, Bal (C) 7,\nFestugatto 6, Beyer 3, Carcagno 2, Cabana 2, B. Brilado, Valiente, &nbsp;Tassara, Pomerantz) (DT: J. L. Giallorenzo)<\/p>\n\n\n\n<p>MILLONARIOS (B) 66:\u00a0(I.Zapacosta 24, Aliano 14, Ca\u00f1\u00f3n (C) 10, Ur\u00eda 8, De Moura\n6, F. Zapacosta 2, Ceccatto 2, Deramo, Lopardo, Proenza, Maldonado, Ben\u00edtez)&nbsp; (DT: L. Genovese)<\/p>\n\n\n\n<p>JUECES: &nbsp;&nbsp;M.\nCastroagud\u00edn \u2013 A. Guzm\u00e1n<\/p>\n\n\n\n<p>7\u00b0 PUESTO: <\/p>\n\n\n\n<p>QUILMES 53:\u00a0(Festugatto 10, Beyer 9, Loch 9, F. Contardi 8, Tassara\n7, &nbsp;Bal (C) 6, Graziadei 4, Carcagno,\nCabana , B. Brilado, Valiente,&nbsp; &nbsp;Pomerantz) (DT: J. L. Giallorenzo)<\/p>\n\n\n\n<p>SPORTIVO 25 DE MAYO 69:\u00a0(Zarza (C) 28, Almir\u00f3n 20, Lopardo 9, C. Coscarelli 5,\nSpinelli 3, T. Coscarelli 2, Labolita 2, Zapata, &nbsp;Linares, Olgu\u00edn) (DT: M. Galletti)<\/p>\n\n\n\n<p>JUECES: &nbsp;&nbsp;J. M.\nTenaglia \u2013 A. Guzm\u00e1n<\/p>\n\n\n\n<p>5\u00b0 PUESTO: &nbsp;&nbsp;Atl. 9 de Julio 86 \u2013 Millonarios (B) 51<\/p>\n\n\n\n<table class=\"wp-block-table\"><tbody><tr><\/tr><tr><td><\/td><\/tr><\/tbody><\/table>\n","protected":false},"excerpt":{"rendered":"<p>El quilme\u00f1o disput\u00f3la Copa de Plata en Nueve de Julio. Perdi\u00f3 los dos partidos y qued\u00f3 octavo enel campeonato.\u00a0 Atl. &#8230; <a title=\"Quilmes finaliz\u00f3 octavo en U17\" class=\"read-more\" href=\"https:\/\/www.hoymercedes.com.ar\/principal\/2018\/12\/18\/quilmes-finalizo-octavo-en-u17\/\" aria-label=\"Leer m\u00e1s sobre Quilmes finaliz\u00f3 octavo en U17\">Leer m\u00e1s<\/a><\/p>\n","protected":false},"author":1,"featured_media":85682,"comment_status":"closed","ping_status":"open","sticky":false,"template":"","format":"standard","meta":{"_monsterinsights_skip_tracking":false,"_monsterinsights_sitenote_active":false,"_monsterinsights_sitenote_note":"","_monsterinsights_sitenote_category":0,"jetpack_post_was_ever_published":false,"_jetpack_newsletter_access":"","_jetpack_dont_email_post_to_subs":false,"_jetpack_newsletter_tier_id":0,"_jetpack_memberships_contains_paywalled_content":false,"_jetpack_memberships_contains_paid_content":false,"footnotes":"","jetpack_publicize_message":"","jetpack_publicize_feature_enabled":true,"jetpack_social_post_already_shared":true,"jetpack_social_options":{"image_generator_settings":{"template":"highway","default_image_id":0,"font":"","enabled":false},"version":2},"_wpas_customize_per_network":false},"categories":[21],"tags":[1058,62,204,1413,9387],"class_list":["post-85681","post","type-post","status-publish","format-standard","has-post-thumbnail","hentry","category-deportes","tag-basquet","tag-chivilcoy","tag-deportes-2","tag-quilmes","tag-u17","generate-columns","tablet-grid-50","mobile-grid-100","grid-parent","grid-50"],"jetpack_publicize_connections":[],"jetpack_featured_media_url":"https:\/\/www.hoymercedes.com.ar\/principal\/wp-content\/uploads\/2018\/12\/WhatsApp-Image-2018-12-17-at-20.46.07.jpeg","wps_subtitle":"Basquet Inferiores","jetpack_sharing_enabled":true,"_links":{"self":[{"href":"https:\/\/www.hoymercedes.com.ar\/principal\/wp-json\/wp\/v2\/posts\/85681","targetHints":{"allow":["GET"]}}],"collection":[{"href":"https:\/\/www.hoymercedes.com.ar\/principal\/wp-json\/wp\/v2\/posts"}],"about":[{"href":"https:\/\/www.hoymercedes.com.ar\/principal\/wp-json\/wp\/v2\/types\/post"}],"author":[{"embeddable":true,"href":"https:\/\/www.hoymercedes.com.ar\/principal\/wp-json\/wp\/v2\/users\/1"}],"replies":[{"embeddable":true,"href":"https:\/\/www.hoymercedes.com.ar\/principal\/wp-json\/wp\/v2\/comments?post=85681"}],"version-history":[{"count":0,"href":"https:\/\/www.hoymercedes.com.ar\/principal\/wp-json\/wp\/v2\/posts\/85681\/revisions"}],"wp:featuredmedia":[{"embeddable":true,"href":"https:\/\/www.hoymercedes.com.ar\/principal\/wp-json\/wp\/v2\/media\/85682"}],"wp:attachment":[{"href":"https:\/\/www.hoymercedes.com.ar\/principal\/wp-json\/wp\/v2\/media?parent=85681"}],"wp:term":[{"taxonomy":"category","embeddable":true,"href":"https:\/\/www.hoymercedes.com.ar\/principal\/wp-json\/wp\/v2\/categories?post=85681"},{"taxonomy":"post_tag","embeddable":true,"href":"https:\/\/www.hoymercedes.com.ar\/principal\/wp-json\/wp\/v2\/tags?post=85681"}],"curies":[{"name":"wp","href":"https:\/\/api.w.org\/{rel}","templated":true}]}}