{"id":85695,"date":"2018-12-18T10:46:49","date_gmt":"2018-12-18T13:46:49","guid":{"rendered":"http:\/\/www.hoymercedes.com.ar\/principal\/?p=85695"},"modified":"2018-12-18T13:58:21","modified_gmt":"2018-12-18T16:58:21","slug":"realizaron-el-segundo-sorteo-del-programa-mi-casa","status":"publish","type":"post","link":"https:\/\/www.hoymercedes.com.ar\/principal\/2018\/12\/18\/realizaron-el-segundo-sorteo-del-programa-mi-casa\/","title":{"rendered":"Realizaron el segundo sorteo del programa \u00abMi Casa\u00bb"},"content":{"rendered":"\n<p><br>Por segunda vez en el a\u00f1o se realiz\u00f3 el sorteo del programa de vivienda \u201cMi Casa\u201d para trabajadores municipales. Esta iniciativa tiene como objetivo la construcci\u00f3n de 13 viviendas de quienes se inscribieron en el programa. Teniendo cmoo requisito principal no tener propiedades a su nombre y ser municipal.&nbsp;<\/p>\n\n\n\n<figure class=\"wp-block-image\"><img loading=\"lazy\" decoding=\"async\" width=\"750\" height=\"364\" data-attachment-id=\"85696\" data-permalink=\"https:\/\/www.hoymercedes.com.ar\/principal\/2018\/12\/18\/realizaron-el-segundo-sorteo-del-programa-mi-casa\/18-micasa4\/#main\" data-orig-file=\"https:\/\/www.hoymercedes.com.ar\/principal\/wp-content\/uploads\/2018\/12\/18-MiCasa4.jpeg\" data-orig-size=\"750,364\" data-comments-opened=\"0\" data-image-meta=\"{&quot;aperture&quot;:&quot;0&quot;,&quot;credit&quot;:&quot;&quot;,&quot;camera&quot;:&quot;&quot;,&quot;caption&quot;:&quot;&quot;,&quot;created_timestamp&quot;:&quot;0&quot;,&quot;copyright&quot;:&quot;&quot;,&quot;focal_length&quot;:&quot;0&quot;,&quot;iso&quot;:&quot;0&quot;,&quot;shutter_speed&quot;:&quot;0&quot;,&quot;title&quot;:&quot;&quot;,&quot;orientation&quot;:&quot;0&quot;}\" data-image-title=\"18 MiCasa4\" data-image-description=\"\" data-image-caption=\"\" data-large-file=\"https:\/\/www.hoymercedes.com.ar\/principal\/wp-content\/uploads\/2018\/12\/18-MiCasa4.jpeg\" src=\"https:\/\/www.hoymercedes.com.ar\/principal\/wp-content\/uploads\/2018\/12\/18-MiCasa4.jpeg\" alt=\"\" class=\"wp-image-85696\" srcset=\"https:\/\/www.hoymercedes.com.ar\/principal\/wp-content\/uploads\/2018\/12\/18-MiCasa4.jpeg 750w, https:\/\/www.hoymercedes.com.ar\/principal\/wp-content\/uploads\/2018\/12\/18-MiCasa4-150x73.jpeg 150w, https:\/\/www.hoymercedes.com.ar\/principal\/wp-content\/uploads\/2018\/12\/18-MiCasa4-630x306.jpeg 630w\" sizes=\"auto, (max-width: 750px) 100vw, 750px\" \/><\/figure>\n\n\n\n<p>La actividad se llev\u00f3 a cabo en el Centro cultural Julio C\u00e9sar Gioscio, ex Teatro Argentino, con la participaci\u00f3n del Intendente Juan Ignacio Ustarroz, el director de abordaje territorial Nicol\u00e1s Zeballos, la arquitecta Marina Amarillo y el director del \u00e1rea legal municipal&nbsp;Javier Guevara, y los trabajadores municipales que esperaban expectantes el sorteo. El sorteo se efectu\u00f3 mediante escribano p\u00fablico.<\/p>\n\n\n\n<p>Los convocados son trabajadores municipales -los cuales pose\u00edan terreno- y que, mediante una evaluaci\u00f3n socio econ\u00f3mica fueron sorteados, en una primera instancia, en el mes de octubre.<\/p>\n\n\n\n<p>En esta segunda edici\u00f3n del programa, se inscribieron 29 trabajadores, de los cuales 13 fueron beneficiados y el resto pasa a ocupar el lugar de suplentes.<\/p>\n\n\n\n<p>\u201cPara nosotros es un honor estar llevando adelante esta segunda etapa del programa \u201cMi Casa\u201d expres\u00f3 el jefe comunal.&nbsp;\u00abEste es un programa muy bueno, donde desde el Municipio, y con recursos propios, brindamos grandes facilidades para que vecinos de nuestra ciudad puedan acceder a la casa propia\u201d y a\u00f1adi\u00f3 \u201cdamos un plazo de gracia de seis meses para que la gente pueda construir, para luego s\u00ed, comenzar a pagar. Con una tasa de inter\u00e9s baj\u00edsima -del 2 por ciento- con condiciones totalmente favorables y cumplibles para los trabajadores\u201d, agreg\u00f3<\/p>\n\n\n\n<p>Las viviendas ser\u00e1n de 46 metros cuadrados y se estima que su finalizaci\u00f3n ser\u00e1 en un tiempo aproximado de 6 meses.&nbsp;En la primera convocatoria sortearon 10 viviendas que ya fueron adjudicadas. Se entrega el plano prototipo de 46 metros y la cantidad de materiales que se les va a entregar divididos en tres etapas. El adjudicatario pone la mano de obra\u201d.<\/p>\n","protected":false},"excerpt":{"rendered":"<p>Por segunda vez en el a\u00f1o se realiz\u00f3 el sorteo del programa de vivienda \u201cMi Casa\u201d para trabajadores municipales. Esta &#8230; <a title=\"Realizaron el segundo sorteo del programa \u00abMi Casa\u00bb\" class=\"read-more\" href=\"https:\/\/www.hoymercedes.com.ar\/principal\/2018\/12\/18\/realizaron-el-segundo-sorteo-del-programa-mi-casa\/\" aria-label=\"Leer m\u00e1s sobre Realizaron el segundo sorteo del programa \u00abMi Casa\u00bb\">Leer m\u00e1s<\/a><\/p>\n","protected":false},"author":1,"featured_media":85696,"comment_status":"closed","ping_status":"open","sticky":false,"template":"","format":"standard","meta":{"_monsterinsights_skip_tracking":false,"_monsterinsights_sitenote_active":false,"_monsterinsights_sitenote_note":"","_monsterinsights_sitenote_category":0,"jetpack_post_was_ever_published":false,"_jetpack_newsletter_access":"","_jetpack_dont_email_post_to_subs":false,"_jetpack_newsletter_tier_id":0,"_jetpack_memberships_contains_paywalled_content":false,"_jetpack_memberships_contains_paid_content":false,"footnotes":"","jetpack_publicize_message":"","jetpack_publicize_feature_enabled":true,"jetpack_social_post_already_shared":true,"jetpack_social_options":{"image_generator_settings":{"template":"highway","default_image_id":0,"font":"","enabled":false},"version":2},"_wpas_customize_per_network":false},"categories":[30],"tags":[14236,244,9097],"class_list":["post-85695","post","type-post","status-publish","format-standard","has-post-thumbnail","hentry","category-municipio","tag-mi-casa","tag-municipio-2","tag-sorteo","generate-columns","tablet-grid-50","mobile-grid-100","grid-parent","grid-50"],"jetpack_publicize_connections":[],"jetpack_featured_media_url":"https:\/\/www.hoymercedes.com.ar\/principal\/wp-content\/uploads\/2018\/12\/18-MiCasa4.jpeg","wps_subtitle":"","jetpack_sharing_enabled":true,"_links":{"self":[{"href":"https:\/\/www.hoymercedes.com.ar\/principal\/wp-json\/wp\/v2\/posts\/85695","targetHints":{"allow":["GET"]}}],"collection":[{"href":"https:\/\/www.hoymercedes.com.ar\/principal\/wp-json\/wp\/v2\/posts"}],"about":[{"href":"https:\/\/www.hoymercedes.com.ar\/principal\/wp-json\/wp\/v2\/types\/post"}],"author":[{"embeddable":true,"href":"https:\/\/www.hoymercedes.com.ar\/principal\/wp-json\/wp\/v2\/users\/1"}],"replies":[{"embeddable":true,"href":"https:\/\/www.hoymercedes.com.ar\/principal\/wp-json\/wp\/v2\/comments?post=85695"}],"version-history":[{"count":0,"href":"https:\/\/www.hoymercedes.com.ar\/principal\/wp-json\/wp\/v2\/posts\/85695\/revisions"}],"wp:featuredmedia":[{"embeddable":true,"href":"https:\/\/www.hoymercedes.com.ar\/principal\/wp-json\/wp\/v2\/media\/85696"}],"wp:attachment":[{"href":"https:\/\/www.hoymercedes.com.ar\/principal\/wp-json\/wp\/v2\/media?parent=85695"}],"wp:term":[{"taxonomy":"category","embeddable":true,"href":"https:\/\/www.hoymercedes.com.ar\/principal\/wp-json\/wp\/v2\/categories?post=85695"},{"taxonomy":"post_tag","embeddable":true,"href":"https:\/\/www.hoymercedes.com.ar\/principal\/wp-json\/wp\/v2\/tags?post=85695"}],"curies":[{"name":"wp","href":"https:\/\/api.w.org\/{rel}","templated":true}]}}