{"id":85700,"date":"2018-12-18T12:04:27","date_gmt":"2018-12-18T15:04:27","guid":{"rendered":"http:\/\/www.hoymercedes.com.ar\/principal\/?p=85700"},"modified":"2018-12-18T15:54:16","modified_gmt":"2018-12-18T18:54:16","slug":"mejoras-en-el-edificio-y-exposicion-del-ameghino-marin","status":"publish","type":"post","link":"https:\/\/www.hoymercedes.com.ar\/principal\/2018\/12\/18\/mejoras-en-el-edificio-y-exposicion-del-ameghino-marin\/","title":{"rendered":"Mejoras en el edificio y exposici\u00f3n del Ameghino-Mar\u00edn"},"content":{"rendered":"\n<p>El Museo Municipal de Ciencias Naturales Carlos Ameghino \u2013 Mar\u00edn est\u00e1 en proceso de mejoras en su edificio y en el trabajo de investigaci\u00f3n sumando nuevas piezas a la exposici\u00f3n permanente. Se agreg\u00f3 un calco de las huellas de Smilodon o el Tigre Dientes de Sable.&nbsp;<\/p>\n\n\n\n<figure class=\"wp-block-image\"><img loading=\"lazy\" decoding=\"async\" width=\"559\" height=\"750\" data-attachment-id=\"85709\" data-permalink=\"https:\/\/www.hoymercedes.com.ar\/principal\/2018\/12\/18\/mejoras-en-el-edificio-y-exposicion-del-ameghino-marin\/18-museo-1\/#main\" data-orig-file=\"https:\/\/www.hoymercedes.com.ar\/principal\/wp-content\/uploads\/2018\/12\/18-Museo-1.jpg\" data-orig-size=\"559,750\" data-comments-opened=\"0\" data-image-meta=\"{&quot;aperture&quot;:&quot;0&quot;,&quot;credit&quot;:&quot;&quot;,&quot;camera&quot;:&quot;&quot;,&quot;caption&quot;:&quot;&quot;,&quot;created_timestamp&quot;:&quot;0&quot;,&quot;copyright&quot;:&quot;&quot;,&quot;focal_length&quot;:&quot;0&quot;,&quot;iso&quot;:&quot;0&quot;,&quot;shutter_speed&quot;:&quot;0&quot;,&quot;title&quot;:&quot;&quot;,&quot;orientation&quot;:&quot;0&quot;}\" data-image-title=\"18 Museo-1\" data-image-description=\"\" data-image-caption=\"\" data-large-file=\"https:\/\/www.hoymercedes.com.ar\/principal\/wp-content\/uploads\/2018\/12\/18-Museo-1.jpg\" src=\"https:\/\/www.hoymercedes.com.ar\/principal\/wp-content\/uploads\/2018\/12\/18-Museo-1.jpg\" alt=\"\" class=\"wp-image-85709\" srcset=\"https:\/\/www.hoymercedes.com.ar\/principal\/wp-content\/uploads\/2018\/12\/18-Museo-1.jpg 559w, https:\/\/www.hoymercedes.com.ar\/principal\/wp-content\/uploads\/2018\/12\/18-Museo-1-112x150.jpg 112w, https:\/\/www.hoymercedes.com.ar\/principal\/wp-content\/uploads\/2018\/12\/18-Museo-1-462x620.jpg 462w\" sizes=\"auto, (max-width: 559px) 100vw, 559px\" \/><\/figure>\n\n\n\n<p>El Museo Municipal de Ciencias Naturales Carlos Ameghino de la ciudad de Mercedes se encuentra dividido en varias salas de diversas tem\u00e1ticas:\n\n<\/p>\n\n\n\n<p>En la sala dedicada a la Paleontolog\u00eda se encuentran restos f\u00f3siles de especies animales extinguidas que habitaron la regi\u00f3n hasta la finalizaci\u00f3n del Pleistoceno. Provienen de excavaciones realizadas en Mercedes en estratos fosil\u00edferos localizados sobre el r\u00edo Luj\u00e1n, cuya importancia fue reconocida mundialmente a partir de los trabajos de investigaci\u00f3n de Florentino Ameghino.<\/p>\n\n\n\n<p>En las salas de Arqueolog\u00eda se aprecian diversas muestras que hacen especial referencia al poblamiento americano, incluyendo los principales sitios fechados desde Alaska a Tierra del Fuego. All\u00ed se exhiben restos culturales de grupos de cazadores\u2013recolectores que ocuparon los distintos ambientes del norte de Buenos Aires hasta la conquista espa\u00f1ola.<\/p>\n\n\n\n<p>Dos nuevos profesionales se sumaron al equipo de investigaci\u00f3n. Por un lado, el paleont\u00f3logo Mauro Aranciaga, y la antrop\u00f3loga Camilia Colombati.&nbsp;<\/p>\n\n\n\n<p>El museo brinda en forma permanente charlas, cursos, proyecci\u00f3n de audiovisuales y diapositivas, visitas guiadas e informaci\u00f3n general para el visitante. Entre estas, se desarrollan ciclos de artes pl\u00e1sticas desde abril hasta diciembre, que incluyen exposiciones, jornadas, conferencias, talleres y diversas actividades vinculadas al quehacer cultural de la ciudad de Mercedes.<\/p>\n","protected":false},"excerpt":{"rendered":"<p>El Museo Municipal de Ciencias Naturales Carlos Ameghino \u2013 Mar\u00edn est\u00e1 en proceso de mejoras en su edificio y en &#8230; <a title=\"Mejoras en el edificio y exposici\u00f3n del Ameghino-Mar\u00edn\" class=\"read-more\" href=\"https:\/\/www.hoymercedes.com.ar\/principal\/2018\/12\/18\/mejoras-en-el-edificio-y-exposicion-del-ameghino-marin\/\" aria-label=\"Leer m\u00e1s sobre Mejoras en el edificio y exposici\u00f3n del Ameghino-Mar\u00edn\">Leer m\u00e1s<\/a><\/p>\n","protected":false},"author":1,"featured_media":85702,"comment_status":"closed","ping_status":"open","sticky":false,"template":"","format":"standard","meta":{"_monsterinsights_skip_tracking":false,"_monsterinsights_sitenote_active":false,"_monsterinsights_sitenote_note":"","_monsterinsights_sitenote_category":0,"jetpack_post_was_ever_published":false,"_jetpack_newsletter_access":"","_jetpack_dont_email_post_to_subs":false,"_jetpack_newsletter_tier_id":0,"_jetpack_memberships_contains_paywalled_content":false,"_jetpack_memberships_contains_paid_content":false,"footnotes":"","jetpack_publicize_message":"","jetpack_publicize_feature_enabled":true,"jetpack_social_post_already_shared":true,"jetpack_social_options":{"image_generator_settings":{"template":"highway","default_image_id":0,"font":"","enabled":false},"version":2},"_wpas_customize_per_network":false},"categories":[104],"tags":[7805,14238],"class_list":["post-85700","post","type-post","status-publish","format-standard","has-post-thumbnail","hentry","category-cultura","tag-cultura","tag-museo-carlos-ameghino-marian","generate-columns","tablet-grid-50","mobile-grid-100","grid-parent","grid-50"],"jetpack_publicize_connections":[],"jetpack_featured_media_url":"https:\/\/www.hoymercedes.com.ar\/principal\/wp-content\/uploads\/2018\/12\/18-Museo-2.jpg","wps_subtitle":"","jetpack_sharing_enabled":true,"_links":{"self":[{"href":"https:\/\/www.hoymercedes.com.ar\/principal\/wp-json\/wp\/v2\/posts\/85700","targetHints":{"allow":["GET"]}}],"collection":[{"href":"https:\/\/www.hoymercedes.com.ar\/principal\/wp-json\/wp\/v2\/posts"}],"about":[{"href":"https:\/\/www.hoymercedes.com.ar\/principal\/wp-json\/wp\/v2\/types\/post"}],"author":[{"embeddable":true,"href":"https:\/\/www.hoymercedes.com.ar\/principal\/wp-json\/wp\/v2\/users\/1"}],"replies":[{"embeddable":true,"href":"https:\/\/www.hoymercedes.com.ar\/principal\/wp-json\/wp\/v2\/comments?post=85700"}],"version-history":[{"count":0,"href":"https:\/\/www.hoymercedes.com.ar\/principal\/wp-json\/wp\/v2\/posts\/85700\/revisions"}],"wp:featuredmedia":[{"embeddable":true,"href":"https:\/\/www.hoymercedes.com.ar\/principal\/wp-json\/wp\/v2\/media\/85702"}],"wp:attachment":[{"href":"https:\/\/www.hoymercedes.com.ar\/principal\/wp-json\/wp\/v2\/media?parent=85700"}],"wp:term":[{"taxonomy":"category","embeddable":true,"href":"https:\/\/www.hoymercedes.com.ar\/principal\/wp-json\/wp\/v2\/categories?post=85700"},{"taxonomy":"post_tag","embeddable":true,"href":"https:\/\/www.hoymercedes.com.ar\/principal\/wp-json\/wp\/v2\/tags?post=85700"}],"curies":[{"name":"wp","href":"https:\/\/api.w.org\/{rel}","templated":true}]}}