{"id":85715,"date":"2018-12-18T19:12:42","date_gmt":"2018-12-18T22:12:42","guid":{"rendered":"http:\/\/www.hoymercedes.com.ar\/principal\/?p=85715"},"modified":"2018-12-18T17:12:08","modified_gmt":"2018-12-18T20:12:08","slug":"ingenieros-en-contra-del-proyecto-de-obra-de-acceso-a-la-ciudad","status":"publish","type":"post","link":"https:\/\/www.hoymercedes.com.ar\/principal\/2018\/12\/18\/ingenieros-en-contra-del-proyecto-de-obra-de-acceso-a-la-ciudad\/","title":{"rendered":"Ingenieros en contra del proyecto de obra de acceso a la ciudad"},"content":{"rendered":"\n<p>A trav\u00e9s de una comunicaci\u00f3n enviada a los medios, los integrantes del Centro de Ingenieros de Mercedes anunciaron su \u201copini\u00f3n desfavorable\u201d sobre el proyecto de acceso a la ciudad desde la Ruta Nacional N\u00b0 5 por la Avenida de los Inmigrantes. <\/p>\n\n\n\n<p>El Centro de Ingenieros propone \u201caunar voluntades\u201d para que se revea lo proyectado y se dise\u00f1e un acceso similar al que tendr\u00e1n las otras localidades del corredor vial. <\/p>\n\n\n\n<p>Reproducimos la nota enviada por los ingenieros: \u201cIntegrantes del Centro de Ingenieros de Mercedes, se reunieron el 12 de noviembre con el Secretario de Obras P\u00fablicas Municipal, Mat\u00edas Dematei y su equipo t\u00e9cnico a efectos de presentarle su opini\u00f3n desfavorable respecto del Proyecto realizado por Vialidad Nacional de acceso a nuestra ciudad desde la Ruta Nacional N\u00b0 5 por la Avenida de los Inmigrante, que constituye la principal entrada que posee Mercedes. Este nuevo acceso est\u00e1 contemplado en la recientemente puesta en marcha del corredor Vial B PPP de Luj\u00e1n a La Pampa, que fuera adjudicado a la empresa de origen chino Construction Am\u00e9rica y Green. La opini\u00f3n del Centro es aunar voluntades a fin de realizar las gestiones que correspondan para que se revea lo proyectado y Mercedes tenga un acceso desde la Ruta Nacional N\u00b0 5 de similares caracter\u00edsticas al resto de las ciudades que integran dicho corredor. Luego de un intercambio de ideas se convino en realizar una reuni\u00f3n ampliada, invitando a participar a los miembros del Honorable Concejo Deliberante y a los Vecinos Autoconvocados de R.N. N\u00b0 5\u201d<\/p>\n\n\n\n<p><strong>Nuevo presidente<\/strong><\/p>\n\n\n\n<p>Asimismo, el Centro de Ingenieros de Mercedes inform\u00f3 que en Asamblea General Extraordinaria se trat\u00f3 la Memoria, Balance General, Inventario, Cuadro de Gastos y Recursos e Informe de la Comisi\u00f3n Revisora de Cuentas satisfactoriamente.Durante el desarrollo de la reuni\u00f3n se llev\u00f3 a cabo la elecci\u00f3n de todos los miembros de la Comisi\u00f3n Directiva y la Comisi\u00f3n Revisora de Cuentas, recayendo el cargo de presidente del Centro en el Ing. Miguel Di Palma.<\/p>\n","protected":false},"excerpt":{"rendered":"<p>A trav\u00e9s de una comunicaci\u00f3n enviada a los medios, los integrantes del Centro de Ingenieros de Mercedes anunciaron su \u201copini\u00f3n &#8230; <a title=\"Ingenieros en contra del proyecto de obra de acceso a la ciudad\" class=\"read-more\" href=\"https:\/\/www.hoymercedes.com.ar\/principal\/2018\/12\/18\/ingenieros-en-contra-del-proyecto-de-obra-de-acceso-a-la-ciudad\/\" aria-label=\"Leer m\u00e1s sobre Ingenieros en contra del proyecto de obra de acceso a la ciudad\">Leer m\u00e1s<\/a><\/p>\n","protected":false},"author":1,"featured_media":0,"comment_status":"closed","ping_status":"open","sticky":false,"template":"","format":"standard","meta":{"_monsterinsights_skip_tracking":false,"_monsterinsights_sitenote_active":false,"_monsterinsights_sitenote_note":"","_monsterinsights_sitenote_category":0,"jetpack_post_was_ever_published":false,"_jetpack_newsletter_access":"","_jetpack_dont_email_post_to_subs":false,"_jetpack_newsletter_tier_id":0,"_jetpack_memberships_contains_paywalled_content":false,"_jetpack_memberships_contains_paid_content":false,"footnotes":"","jetpack_publicize_message":"","jetpack_publicize_feature_enabled":true,"jetpack_social_post_already_shared":true,"jetpack_social_options":{"image_generator_settings":{"template":"highway","default_image_id":0,"font":"","enabled":false},"version":2},"_wpas_customize_per_network":false},"categories":[8],"tags":[9934,10,14239,538],"class_list":["post-85715","post","type-post","status-publish","format-standard","hentry","category-sociedad","tag-centro-de-ingenieros","tag-mercedes","tag-proyecto-de-acceso","tag-ruta-5","generate-columns","tablet-grid-50","mobile-grid-100","grid-parent","grid-50"],"jetpack_publicize_connections":[],"jetpack_featured_media_url":"","wps_subtitle":"","jetpack_sharing_enabled":true,"_links":{"self":[{"href":"https:\/\/www.hoymercedes.com.ar\/principal\/wp-json\/wp\/v2\/posts\/85715","targetHints":{"allow":["GET"]}}],"collection":[{"href":"https:\/\/www.hoymercedes.com.ar\/principal\/wp-json\/wp\/v2\/posts"}],"about":[{"href":"https:\/\/www.hoymercedes.com.ar\/principal\/wp-json\/wp\/v2\/types\/post"}],"author":[{"embeddable":true,"href":"https:\/\/www.hoymercedes.com.ar\/principal\/wp-json\/wp\/v2\/users\/1"}],"replies":[{"embeddable":true,"href":"https:\/\/www.hoymercedes.com.ar\/principal\/wp-json\/wp\/v2\/comments?post=85715"}],"version-history":[{"count":0,"href":"https:\/\/www.hoymercedes.com.ar\/principal\/wp-json\/wp\/v2\/posts\/85715\/revisions"}],"wp:attachment":[{"href":"https:\/\/www.hoymercedes.com.ar\/principal\/wp-json\/wp\/v2\/media?parent=85715"}],"wp:term":[{"taxonomy":"category","embeddable":true,"href":"https:\/\/www.hoymercedes.com.ar\/principal\/wp-json\/wp\/v2\/categories?post=85715"},{"taxonomy":"post_tag","embeddable":true,"href":"https:\/\/www.hoymercedes.com.ar\/principal\/wp-json\/wp\/v2\/tags?post=85715"}],"curies":[{"name":"wp","href":"https:\/\/api.w.org\/{rel}","templated":true}]}}