{"id":85724,"date":"2018-12-18T20:21:12","date_gmt":"2018-12-18T23:21:12","guid":{"rendered":"http:\/\/www.hoymercedes.com.ar\/principal\/?p=85724"},"modified":"2018-12-18T20:23:21","modified_gmt":"2018-12-18T23:23:21","slug":"ustarroz-anuncio-27-casas-para-los-beneficiarios-de-mi-terreno","status":"publish","type":"post","link":"https:\/\/www.hoymercedes.com.ar\/principal\/2018\/12\/18\/ustarroz-anuncio-27-casas-para-los-beneficiarios-de-mi-terreno\/","title":{"rendered":"Ustarroz anunci\u00f3 27 casas para los beneficiarios de Mi terreno"},"content":{"rendered":"\n<figure class=\"wp-block-image\"><img loading=\"lazy\" decoding=\"async\" width=\"989\" height=\"656\" data-attachment-id=\"85725\" data-permalink=\"https:\/\/www.hoymercedes.com.ar\/principal\/2018\/12\/18\/ustarroz-anuncio-27-casas-para-los-beneficiarios-de-mi-terreno\/ustarroz-amarillo\/#main\" data-orig-file=\"https:\/\/www.hoymercedes.com.ar\/principal\/wp-content\/uploads\/2018\/12\/Ustarroz-Amarillo.jpg\" data-orig-size=\"989,656\" data-comments-opened=\"0\" data-image-meta=\"{&quot;aperture&quot;:&quot;0&quot;,&quot;credit&quot;:&quot;&quot;,&quot;camera&quot;:&quot;&quot;,&quot;caption&quot;:&quot;&quot;,&quot;created_timestamp&quot;:&quot;0&quot;,&quot;copyright&quot;:&quot;&quot;,&quot;focal_length&quot;:&quot;0&quot;,&quot;iso&quot;:&quot;0&quot;,&quot;shutter_speed&quot;:&quot;0&quot;,&quot;title&quot;:&quot;&quot;,&quot;orientation&quot;:&quot;0&quot;}\" data-image-title=\"Ustarroz-Amarillo\" data-image-description=\"\" data-image-caption=\"\" data-large-file=\"https:\/\/www.hoymercedes.com.ar\/principal\/wp-content\/uploads\/2018\/12\/Ustarroz-Amarillo.jpg\" src=\"https:\/\/www.hoymercedes.com.ar\/principal\/wp-content\/uploads\/2018\/12\/Ustarroz-Amarillo.jpg\" alt=\"Mi terreno\" class=\"wp-image-85725\" srcset=\"https:\/\/www.hoymercedes.com.ar\/principal\/wp-content\/uploads\/2018\/12\/Ustarroz-Amarillo.jpg 989w, https:\/\/www.hoymercedes.com.ar\/principal\/wp-content\/uploads\/2018\/12\/Ustarroz-Amarillo-150x99.jpg 150w, https:\/\/www.hoymercedes.com.ar\/principal\/wp-content\/uploads\/2018\/12\/Ustarroz-Amarillo-630x418.jpg 630w\" sizes=\"auto, (max-width: 989px) 100vw, 989px\" \/><figcaption>Intendente Ustarroz y Arquitecta Amarillo<\/figcaption><\/figure>\n\n\n\n<p>El intendente Juan Ignacio Ustarroz anunci\u00f3 el lanzamiento del programa \u201cMi Terreno\u201d que no s\u00f3lo le dar\u00e1 la oportunidad de construir una casa a vecinos de la ciudad, sino que adem\u00e1s,le brindar\u00e1 el terreno. Esta nueva iniciativa tiene caracter\u00edsticas similares al exitoso programa ejecutado por la comuna para trabajadores Municipales denominado \u201cMi Casa\u201d que ya benefici\u00f3 a 23 familias. <\/p>\n\n\n\n<p>De esta manera, el Municipio de\nMercedes, con recursos propios, permite realizar una vivienda de 33 metros\ncuadrados, con una tasa de inter\u00e9s muy baja -el orden del 2 por ciento- y el\ncual ofrece un periodo de gracia para el pago de seis meses, tiempo estimado\npara finalizaci\u00f3n de la construcci\u00f3n. <\/p>\n\n\n\n<p>Se inform\u00f3 que la inscripci\u00f3n\nestar\u00e1 abierta hasta el 28 de diciembre del 2018. Y a partir del 2 de enero del\n2019 se publicar\u00e1 el listado de los suscriptos seg\u00fan el rubro al que pertenezca\nen el sitio web del Municipio y en diferentes depend\u00edas municipales.&nbsp;&nbsp;&nbsp; <\/p>\n\n\n\n<p>Estuvieron presentes Nicol\u00e1s\nZeballos, director de abordaje territorial, la arquitecta Marina Amarillo,\nJavier Guevara, director del \u00e1rea legal.<\/p>\n\n\n\n<p>SIGNIFICATIVO ANUNCIO <\/p>\n\n\n\n<p>Fue as\u00ed como el Dr. Ustarroz\nefectu\u00f3 este importante anunci\u00f3 \u201cqueremos informar de un nuevo programa de\nvivienda que se estar\u00e1 sorteando el 11 de enero del a\u00f1o pr\u00f3ximo, mismo que\npermitir\u00e1 realizar 27 viviendas, incluido el terreno\u201d e indic\u00f3 \u201cser\u00e1n\ndistribuidas entre trabajadores registrados, Municipales, miembros de las\nfuerzas, monotributistas, cooperativistas y bomberos, con cupo garantizado para\ncada una de las categor\u00edas\u201d. <\/p>\n\n\n\n<p>A su vez, el intendente le deseo\nsuerte a todos \u201ccuando ponemos en marcha programas de viviendas, sabemos y\nsomos conscientes que garantizamos el acceso a la vivienda digna a los\ntrabajadores, y por otro lado, se pone en marcha la industria de la\nconstrucci\u00f3n que genera trabajo\u201d.<\/p>\n\n\n\n<p>Conjuntamente subray\u00f3 \u201centendemos\nque es una obligaci\u00f3n indelegable del Estado intervenir en lo que es pol\u00edticas\nhabitacionales de accesibilidad a la tierra, porque hoy poder construir una\ncasa sin cr\u00e9ditos hipotecarios -casi no existen- es muy dif\u00edcil\u201d y a\u00f1adi\u00f3 \u201ceste\nprograma es muy accesible para todos los trabajadores, es pr\u00e1cticamente un\ncr\u00e9dito solidario que el Municipio genera con recursos propios\u201d. <\/p>\n\n\n\n<p>La arquitecta que lleva adelante\nesta nueva iniciativa, Marina Amarillo, brind\u00f3 m\u00e1s detalles del nuevo programa\n\u201cMi Terreno\u201d: \u201cen este caso a la vivienda se le agrega el terreno, ser\u00e1 una\ncasa de 33 metros que se efectuar\u00e1 con la misma modalidad que el programa \u201cMi\nCasa\u201d, se har\u00e1 por sorteo, habr\u00e1 entrega de materiales por etapas y un terreno\nque dispondr\u00e1 el Municipio\u201d.<\/p>\n\n\n\n<p>Por su parte, Javier Guevara,\ndirector del \u00e1rea legal municipal, destac\u00f3 \u201cla gran modificaci\u00f3n, con respecto\na la primera etapa del programa denominado \u201cmi Casa\u201d, no s\u00f3lo es que el\nespectro de trabajadores se ampl\u00eda, sino que, se les entrega el terreno m\u00e1s la\nsoluci\u00f3n habitacional\u201d y agreg\u00f3 \u201cen este caso la iniciativa se llamar\u00e1 \u201cmi\nterreno\u201d y la cantidad de metros se abrevia a 33 metros cuadrados\u201d.<\/p>\n\n\n\n<p>Asimismo, Guevara indic\u00f3 \u201celsistema es similar al ya expuesto en el programa \u201cMi Casa\u201d en tanto a que elMunicipio aporta el material, con seis meses de gracia y una baj\u00edsima tasa deinter\u00e9s, agreg\u00e1ndose, como ya he mencionado, el terreno\u201d y asegur\u00f3 \u201caquellaspersonas que se pudieron inscribir en el programa \u201cMi terreno\u201d van a formarparte de este nuevo sorteo\u201d.<\/p>\n\n\n\n<p class=\"has-text-color has-cyan-bluish-gray-color\">Data: Sec. Desarrollo Social<\/p>\n","protected":false},"excerpt":{"rendered":"<p>El intendente Juan Ignacio Ustarroz anunci\u00f3 el lanzamiento del programa \u201cMi Terreno\u201d que no s\u00f3lo le dar\u00e1 la oportunidad de &#8230; <a title=\"Ustarroz anunci\u00f3 27 casas para los beneficiarios de Mi terreno\" class=\"read-more\" href=\"https:\/\/www.hoymercedes.com.ar\/principal\/2018\/12\/18\/ustarroz-anuncio-27-casas-para-los-beneficiarios-de-mi-terreno\/\" aria-label=\"Leer m\u00e1s sobre Ustarroz anunci\u00f3 27 casas para los beneficiarios de Mi terreno\">Leer m\u00e1s<\/a><\/p>\n","protected":false},"author":1,"featured_media":85725,"comment_status":"closed","ping_status":"open","sticky":false,"template":"","format":"standard","meta":{"_monsterinsights_skip_tracking":false,"_monsterinsights_sitenote_active":false,"_monsterinsights_sitenote_note":"","_monsterinsights_sitenote_category":0,"jetpack_post_was_ever_published":false,"_jetpack_newsletter_access":"","_jetpack_dont_email_post_to_subs":false,"_jetpack_newsletter_tier_id":0,"_jetpack_memberships_contains_paywalled_content":false,"_jetpack_memberships_contains_paid_content":false,"footnotes":"","jetpack_publicize_message":"","jetpack_publicize_feature_enabled":true,"jetpack_social_post_already_shared":true,"jetpack_social_options":{"image_generator_settings":{"template":"highway","default_image_id":0,"font":"","enabled":false},"version":2},"_wpas_customize_per_network":false},"categories":[30],"tags":[14240,14241,424],"class_list":["post-85724","post","type-post","status-publish","format-standard","has-post-thumbnail","hentry","category-municipio","tag-mi-cada","tag-mi-terreno","tag-ustarroz","generate-columns","tablet-grid-50","mobile-grid-100","grid-parent","grid-50"],"jetpack_publicize_connections":[],"jetpack_featured_media_url":"https:\/\/www.hoymercedes.com.ar\/principal\/wp-content\/uploads\/2018\/12\/Ustarroz-Amarillo.jpg","wps_subtitle":"","jetpack_sharing_enabled":true,"_links":{"self":[{"href":"https:\/\/www.hoymercedes.com.ar\/principal\/wp-json\/wp\/v2\/posts\/85724","targetHints":{"allow":["GET"]}}],"collection":[{"href":"https:\/\/www.hoymercedes.com.ar\/principal\/wp-json\/wp\/v2\/posts"}],"about":[{"href":"https:\/\/www.hoymercedes.com.ar\/principal\/wp-json\/wp\/v2\/types\/post"}],"author":[{"embeddable":true,"href":"https:\/\/www.hoymercedes.com.ar\/principal\/wp-json\/wp\/v2\/users\/1"}],"replies":[{"embeddable":true,"href":"https:\/\/www.hoymercedes.com.ar\/principal\/wp-json\/wp\/v2\/comments?post=85724"}],"version-history":[{"count":0,"href":"https:\/\/www.hoymercedes.com.ar\/principal\/wp-json\/wp\/v2\/posts\/85724\/revisions"}],"wp:featuredmedia":[{"embeddable":true,"href":"https:\/\/www.hoymercedes.com.ar\/principal\/wp-json\/wp\/v2\/media\/85725"}],"wp:attachment":[{"href":"https:\/\/www.hoymercedes.com.ar\/principal\/wp-json\/wp\/v2\/media?parent=85724"}],"wp:term":[{"taxonomy":"category","embeddable":true,"href":"https:\/\/www.hoymercedes.com.ar\/principal\/wp-json\/wp\/v2\/categories?post=85724"},{"taxonomy":"post_tag","embeddable":true,"href":"https:\/\/www.hoymercedes.com.ar\/principal\/wp-json\/wp\/v2\/tags?post=85724"}],"curies":[{"name":"wp","href":"https:\/\/api.w.org\/{rel}","templated":true}]}}