{"id":85731,"date":"2018-12-19T07:57:43","date_gmt":"2018-12-19T10:57:43","guid":{"rendered":"http:\/\/www.hoymercedes.com.ar\/principal\/?p=85731"},"modified":"2018-12-18T22:39:49","modified_gmt":"2018-12-19T01:39:49","slug":"estudiantes-y-el-fronton-definen-en-primera-y-velez-es-lider-en-sub-16","status":"publish","type":"post","link":"https:\/\/www.hoymercedes.com.ar\/principal\/2018\/12\/19\/estudiantes-y-el-fronton-definen-en-primera-y-velez-es-lider-en-sub-16\/","title":{"rendered":"Estudiantes y El Front\u00f3n definen en Primera y V\u00e9lez es l\u00edder en Sub 16"},"content":{"rendered":"\n<p>La definici\u00f3n del torneo de Primera Divisi\u00f3n del F\u00fatbol Femenino de la Liga Mercedina sigue en plena etapa de definici\u00f3n. Luego de los resultados de semifinales, Estudiantes pas\u00f3 por ventaja deportiva tras empatar con V\u00e9lez y El Front\u00f3n derrot\u00f3 a Club Mercedes 2 a 0.<\/p>\n\n\n\n<div class=\"wp-block-image\"><figure class=\"aligncenter\"><img loading=\"lazy\" decoding=\"async\" width=\"543\" height=\"456\" data-attachment-id=\"85735\" data-permalink=\"https:\/\/www.hoymercedes.com.ar\/principal\/2018\/12\/19\/estudiantes-y-el-fronton-definen-en-primera-y-velez-es-lider-en-sub-16\/sin-titulo-3\/#main\" data-orig-file=\"https:\/\/www.hoymercedes.com.ar\/principal\/wp-content\/uploads\/2018\/12\/Sin-t\u00edtulo.png\" data-orig-size=\"543,456\" data-comments-opened=\"0\" data-image-meta=\"{&quot;aperture&quot;:&quot;0&quot;,&quot;credit&quot;:&quot;&quot;,&quot;camera&quot;:&quot;&quot;,&quot;caption&quot;:&quot;&quot;,&quot;created_timestamp&quot;:&quot;0&quot;,&quot;copyright&quot;:&quot;&quot;,&quot;focal_length&quot;:&quot;0&quot;,&quot;iso&quot;:&quot;0&quot;,&quot;shutter_speed&quot;:&quot;0&quot;,&quot;title&quot;:&quot;&quot;,&quot;orientation&quot;:&quot;0&quot;}\" data-image-title=\"Sin t\u00edtulo\" data-image-description=\"\" data-image-caption=\"\" data-large-file=\"https:\/\/www.hoymercedes.com.ar\/principal\/wp-content\/uploads\/2018\/12\/Sin-t\u00edtulo.png\" src=\"https:\/\/www.hoymercedes.com.ar\/principal\/wp-content\/uploads\/2018\/12\/Sin-t\u00edtulo.png\" alt=\"\" class=\"wp-image-85735\" srcset=\"https:\/\/www.hoymercedes.com.ar\/principal\/wp-content\/uploads\/2018\/12\/Sin-t\u00edtulo.png 543w, https:\/\/www.hoymercedes.com.ar\/principal\/wp-content\/uploads\/2018\/12\/Sin-t\u00edtulo-150x126.png 150w\" sizes=\"auto, (max-width: 543px) 100vw, 543px\" \/><\/figure><\/div>\n\n\n\n<div class=\"wp-block-image\"><figure class=\"aligncenter\"><img loading=\"lazy\" decoding=\"async\" width=\"317\" height=\"191\" data-attachment-id=\"85737\" data-permalink=\"https:\/\/www.hoymercedes.com.ar\/principal\/2018\/12\/19\/estudiantes-y-el-fronton-definen-en-primera-y-velez-es-lider-en-sub-16\/sin-titulo3\/#main\" data-orig-file=\"https:\/\/www.hoymercedes.com.ar\/principal\/wp-content\/uploads\/2018\/12\/Sin-t\u00edtulo3.png\" data-orig-size=\"317,191\" data-comments-opened=\"0\" data-image-meta=\"{&quot;aperture&quot;:&quot;0&quot;,&quot;credit&quot;:&quot;&quot;,&quot;camera&quot;:&quot;&quot;,&quot;caption&quot;:&quot;&quot;,&quot;created_timestamp&quot;:&quot;0&quot;,&quot;copyright&quot;:&quot;&quot;,&quot;focal_length&quot;:&quot;0&quot;,&quot;iso&quot;:&quot;0&quot;,&quot;shutter_speed&quot;:&quot;0&quot;,&quot;title&quot;:&quot;&quot;,&quot;orientation&quot;:&quot;0&quot;}\" data-image-title=\"Sin t\u00edtulo3\" data-image-description=\"\" data-image-caption=\"\" data-large-file=\"https:\/\/www.hoymercedes.com.ar\/principal\/wp-content\/uploads\/2018\/12\/Sin-t\u00edtulo3.png\" src=\"https:\/\/www.hoymercedes.com.ar\/principal\/wp-content\/uploads\/2018\/12\/Sin-t\u00edtulo3.png\" alt=\"\" class=\"wp-image-85737\" srcset=\"https:\/\/www.hoymercedes.com.ar\/principal\/wp-content\/uploads\/2018\/12\/Sin-t\u00edtulo3.png 317w, https:\/\/www.hoymercedes.com.ar\/principal\/wp-content\/uploads\/2018\/12\/Sin-t\u00edtulo3-150x90.png 150w\" sizes=\"auto, (max-width: 317px) 100vw, 317px\" \/><\/figure><\/div>\n\n\n\n<p>En cuanto a la categor\u00eda Sub 16, se jug\u00f3 la antepen\u00faltima jornada y fue V\u00e9lez el que sac\u00f3 ventaja luego que hace dos fechas haya un triple empate en el liderazgo de la tabla. Las del Molino derrotaron a Defensores y aprovecharon la derrota de Estudiantes ante Independiente de Capit\u00e1n Sarmiento.<\/p>\n\n\n\n<p>Primera Divisi\u00f3n<\/p>\n\n\n\n<p>Estudiantes 0 &#8211; V\u00e9lez 0<\/p>\n\n\n\n<p>Mercedes 0 &#8211; El Front\u00f3n 2 (Tamara Guillet y Ana Brea e\/c<\/p>\n\n\n\n<p>SUB 16<\/p>\n\n\n\n<p>Estudiantes 0 &#8211; Independiente 1 (Sof\u00eda Sarubba)<\/p>\n\n\n\n<p>ALFA 2: Kiara Balbuena y Mayra Iba\u00f1a &#8211; Comunicaciones 1: Luz Garelli<\/p>\n\n\n\n<p>V\u00e9lez 2: Delfina Odda (2) &#8211; Defensores 0<\/p>\n\n\n\n<div class=\"wp-block-image\"><figure class=\"aligncenter\"><img loading=\"lazy\" decoding=\"async\" width=\"424\" height=\"173\" data-attachment-id=\"85736\" data-permalink=\"https:\/\/www.hoymercedes.com.ar\/principal\/2018\/12\/19\/estudiantes-y-el-fronton-definen-en-primera-y-velez-es-lider-en-sub-16\/sin-titulo2-2\/#main\" data-orig-file=\"https:\/\/www.hoymercedes.com.ar\/principal\/wp-content\/uploads\/2018\/12\/Sin-t\u00edtulo2.png\" data-orig-size=\"424,173\" data-comments-opened=\"0\" data-image-meta=\"{&quot;aperture&quot;:&quot;0&quot;,&quot;credit&quot;:&quot;&quot;,&quot;camera&quot;:&quot;&quot;,&quot;caption&quot;:&quot;&quot;,&quot;created_timestamp&quot;:&quot;0&quot;,&quot;copyright&quot;:&quot;&quot;,&quot;focal_length&quot;:&quot;0&quot;,&quot;iso&quot;:&quot;0&quot;,&quot;shutter_speed&quot;:&quot;0&quot;,&quot;title&quot;:&quot;&quot;,&quot;orientation&quot;:&quot;0&quot;}\" data-image-title=\"Sin t\u00edtulo2\" data-image-description=\"\" data-image-caption=\"\" data-large-file=\"https:\/\/www.hoymercedes.com.ar\/principal\/wp-content\/uploads\/2018\/12\/Sin-t\u00edtulo2.png\" src=\"https:\/\/www.hoymercedes.com.ar\/principal\/wp-content\/uploads\/2018\/12\/Sin-t\u00edtulo2.png\" alt=\"\" class=\"wp-image-85736\" srcset=\"https:\/\/www.hoymercedes.com.ar\/principal\/wp-content\/uploads\/2018\/12\/Sin-t\u00edtulo2.png 424w, https:\/\/www.hoymercedes.com.ar\/principal\/wp-content\/uploads\/2018\/12\/Sin-t\u00edtulo2-150x61.png 150w\" sizes=\"auto, (max-width: 424px) 100vw, 424px\" \/><\/figure><\/div>\n","protected":false},"excerpt":{"rendered":"<p>La definici\u00f3n del torneo de Primera Divisi\u00f3n del F\u00fatbol Femenino de la Liga Mercedina sigue en plena etapa de definici\u00f3n. &#8230; <a title=\"Estudiantes y El Front\u00f3n definen en Primera y V\u00e9lez es l\u00edder en Sub 16\" class=\"read-more\" href=\"https:\/\/www.hoymercedes.com.ar\/principal\/2018\/12\/19\/estudiantes-y-el-fronton-definen-en-primera-y-velez-es-lider-en-sub-16\/\" aria-label=\"Leer m\u00e1s sobre Estudiantes y El Front\u00f3n definen en Primera y V\u00e9lez es l\u00edder en Sub 16\">Leer m\u00e1s<\/a><\/p>\n","protected":false},"author":1,"featured_media":85735,"comment_status":"closed","ping_status":"open","sticky":false,"template":"","format":"standard","meta":{"_monsterinsights_skip_tracking":false,"_monsterinsights_sitenote_active":false,"_monsterinsights_sitenote_note":"","_monsterinsights_sitenote_category":0,"jetpack_post_was_ever_published":false,"_jetpack_newsletter_access":"","_jetpack_dont_email_post_to_subs":false,"_jetpack_newsletter_tier_id":0,"_jetpack_memberships_contains_paywalled_content":false,"_jetpack_memberships_contains_paid_content":false,"footnotes":"","jetpack_publicize_message":"","jetpack_publicize_feature_enabled":true,"jetpack_social_post_already_shared":true,"jetpack_social_options":{"image_generator_settings":{"template":"highway","default_image_id":0,"font":"","enabled":false},"version":2},"_wpas_customize_per_network":false},"categories":[21],"tags":[1812,829,1003],"class_list":["post-85731","post","type-post","status-publish","format-standard","has-post-thumbnail","hentry","category-deportes","tag-el-fronton","tag-estudiantes","tag-futbol","generate-columns","tablet-grid-50","mobile-grid-100","grid-parent","grid-50"],"jetpack_publicize_connections":[],"jetpack_featured_media_url":"https:\/\/www.hoymercedes.com.ar\/principal\/wp-content\/uploads\/2018\/12\/Sin-t\u00edtulo.png","wps_subtitle":"F\u00fatbol Femenino","jetpack_sharing_enabled":true,"_links":{"self":[{"href":"https:\/\/www.hoymercedes.com.ar\/principal\/wp-json\/wp\/v2\/posts\/85731","targetHints":{"allow":["GET"]}}],"collection":[{"href":"https:\/\/www.hoymercedes.com.ar\/principal\/wp-json\/wp\/v2\/posts"}],"about":[{"href":"https:\/\/www.hoymercedes.com.ar\/principal\/wp-json\/wp\/v2\/types\/post"}],"author":[{"embeddable":true,"href":"https:\/\/www.hoymercedes.com.ar\/principal\/wp-json\/wp\/v2\/users\/1"}],"replies":[{"embeddable":true,"href":"https:\/\/www.hoymercedes.com.ar\/principal\/wp-json\/wp\/v2\/comments?post=85731"}],"version-history":[{"count":0,"href":"https:\/\/www.hoymercedes.com.ar\/principal\/wp-json\/wp\/v2\/posts\/85731\/revisions"}],"wp:featuredmedia":[{"embeddable":true,"href":"https:\/\/www.hoymercedes.com.ar\/principal\/wp-json\/wp\/v2\/media\/85735"}],"wp:attachment":[{"href":"https:\/\/www.hoymercedes.com.ar\/principal\/wp-json\/wp\/v2\/media?parent=85731"}],"wp:term":[{"taxonomy":"category","embeddable":true,"href":"https:\/\/www.hoymercedes.com.ar\/principal\/wp-json\/wp\/v2\/categories?post=85731"},{"taxonomy":"post_tag","embeddable":true,"href":"https:\/\/www.hoymercedes.com.ar\/principal\/wp-json\/wp\/v2\/tags?post=85731"}],"curies":[{"name":"wp","href":"https:\/\/api.w.org\/{rel}","templated":true}]}}