{"id":85782,"date":"2018-12-19T18:10:52","date_gmt":"2018-12-19T21:10:52","guid":{"rendered":"http:\/\/www.hoymercedes.com.ar\/principal\/?p=85782"},"modified":"2018-12-19T18:13:31","modified_gmt":"2018-12-19T21:13:31","slug":"finalizo-capacitacion-municipal-en-primera-infancia","status":"publish","type":"post","link":"https:\/\/www.hoymercedes.com.ar\/principal\/2018\/12\/19\/finalizo-capacitacion-municipal-en-primera-infancia\/","title":{"rendered":"Finaliz\u00f3 capacitaci\u00f3n municipal en primera infancia"},"content":{"rendered":"\n<p>\n\n18 dic. a las 21:29<\/p>\n\n\n\n<p>Con un total de 380 asistentes culminaron la capacitaci\u00f3n en primera infancia dictada por profesionales Sociedad Argentina de Primera Infancia (SAPI) y articulada por el programa Primeros Mil d\u00edas de la Municipalidad de Mercedes. <\/p>\n\n\n\n<figure class=\"wp-block-image\"><img loading=\"lazy\" decoding=\"async\" width=\"750\" height=\"422\" data-attachment-id=\"85783\" data-permalink=\"https:\/\/www.hoymercedes.com.ar\/principal\/2018\/12\/19\/finalizo-capacitacion-municipal-en-primera-infancia\/19-primerainfancia\/#main\" data-orig-file=\"https:\/\/www.hoymercedes.com.ar\/principal\/wp-content\/uploads\/2018\/12\/19-PrimeraInfancia.jpeg\" data-orig-size=\"750,422\" data-comments-opened=\"0\" data-image-meta=\"{&quot;aperture&quot;:&quot;0&quot;,&quot;credit&quot;:&quot;&quot;,&quot;camera&quot;:&quot;&quot;,&quot;caption&quot;:&quot;&quot;,&quot;created_timestamp&quot;:&quot;0&quot;,&quot;copyright&quot;:&quot;&quot;,&quot;focal_length&quot;:&quot;0&quot;,&quot;iso&quot;:&quot;0&quot;,&quot;shutter_speed&quot;:&quot;0&quot;,&quot;title&quot;:&quot;&quot;,&quot;orientation&quot;:&quot;0&quot;}\" data-image-title=\"19 PrimeraInfancia\" data-image-description=\"\" data-image-caption=\"\" data-large-file=\"https:\/\/www.hoymercedes.com.ar\/principal\/wp-content\/uploads\/2018\/12\/19-PrimeraInfancia.jpeg\" src=\"https:\/\/www.hoymercedes.com.ar\/principal\/wp-content\/uploads\/2018\/12\/19-PrimeraInfancia.jpeg\" alt=\"\" class=\"wp-image-85783\" srcset=\"https:\/\/www.hoymercedes.com.ar\/principal\/wp-content\/uploads\/2018\/12\/19-PrimeraInfancia.jpeg 750w, https:\/\/www.hoymercedes.com.ar\/principal\/wp-content\/uploads\/2018\/12\/19-PrimeraInfancia-150x84.jpeg 150w, https:\/\/www.hoymercedes.com.ar\/principal\/wp-content\/uploads\/2018\/12\/19-PrimeraInfancia-630x354.jpeg 630w\" sizes=\"auto, (max-width: 750px) 100vw, 750px\" \/><\/figure>\n\n\n\n<p>Fueron ocho encuentros mensuales en doble turno, donde profesionales de la salud, docentes, y mercedinos interesados en general se formaron en esta tem\u00e1tica: la primera infancia; uno de los ejes centrales de las acciones del gobierno local.\u00a0<\/p>\n\n\n\n<p>\u201cEsta capacitaci\u00f3n es un sue\u00f1o que pudimos concretar desde el programa Primeros Mil D\u00edas. Tener la posibilidad de contar con la presencia de los profesionales de SAPI es una alegr\u00eda para todos nosotros, entendiendo que desde el programa fomentamos la capacitaci\u00f3n como uno de los ejes fundamentales para poder brindarles lo mejor a las familias de Mil D\u00edas. Y nos sorprende la cantidad de mercedinos que se interesaron en este tema y que asistieron a los encuentros\u201d, explic\u00f3 Magdalena Leverman, una de las referentes de Mil D\u00edas.<\/p>\n\n\n\n<p>Algunos de los objetivos de la capacitaci\u00f3n fueron enriquecer y fortalecer los marcos te\u00f3ricos de los profesionales del \u00e1rea de salud, asistencia social, y educaci\u00f3n vinculados con la primera infancia; concienciar a los adultos que cuidan, cr\u00edan y educan sobre la importancia del desarrollo emocional saludable en los primeros a\u00f1os de la vida y proporcionar herramientas a agentes de la comunidad para que puedan funcionar como promotores de salud comunitarios.<\/p>\n","protected":false},"excerpt":{"rendered":"<p>18 dic. a las 21:29 Con un total de 380 asistentes culminaron la capacitaci\u00f3n en primera infancia dictada por profesionales &#8230; <a title=\"Finaliz\u00f3 capacitaci\u00f3n municipal en primera infancia\" class=\"read-more\" href=\"https:\/\/www.hoymercedes.com.ar\/principal\/2018\/12\/19\/finalizo-capacitacion-municipal-en-primera-infancia\/\" aria-label=\"Leer m\u00e1s sobre Finaliz\u00f3 capacitaci\u00f3n municipal en primera infancia\">Leer m\u00e1s<\/a><\/p>\n","protected":false},"author":1,"featured_media":85783,"comment_status":"closed","ping_status":"open","sticky":false,"template":"","format":"standard","meta":{"_monsterinsights_skip_tracking":false,"_monsterinsights_sitenote_active":false,"_monsterinsights_sitenote_note":"","_monsterinsights_sitenote_category":0,"jetpack_post_was_ever_published":false,"_jetpack_newsletter_access":"","_jetpack_dont_email_post_to_subs":false,"_jetpack_newsletter_tier_id":0,"_jetpack_memberships_contains_paywalled_content":false,"_jetpack_memberships_contains_paid_content":false,"footnotes":"","jetpack_publicize_message":"","jetpack_publicize_feature_enabled":true,"jetpack_social_post_already_shared":true,"jetpack_social_options":{"image_generator_settings":{"template":"highway","default_image_id":0,"font":"","enabled":false},"version":2},"_wpas_customize_per_network":false},"categories":[30],"tags":[244,9197,134],"class_list":["post-85782","post","type-post","status-publish","format-standard","has-post-thumbnail","hentry","category-municipio","tag-municipio-2","tag-primera-infancia","tag-salud","generate-columns","tablet-grid-50","mobile-grid-100","grid-parent","grid-50"],"jetpack_publicize_connections":[],"jetpack_featured_media_url":"https:\/\/www.hoymercedes.com.ar\/principal\/wp-content\/uploads\/2018\/12\/19-PrimeraInfancia.jpeg","wps_subtitle":"","jetpack_sharing_enabled":true,"_links":{"self":[{"href":"https:\/\/www.hoymercedes.com.ar\/principal\/wp-json\/wp\/v2\/posts\/85782","targetHints":{"allow":["GET"]}}],"collection":[{"href":"https:\/\/www.hoymercedes.com.ar\/principal\/wp-json\/wp\/v2\/posts"}],"about":[{"href":"https:\/\/www.hoymercedes.com.ar\/principal\/wp-json\/wp\/v2\/types\/post"}],"author":[{"embeddable":true,"href":"https:\/\/www.hoymercedes.com.ar\/principal\/wp-json\/wp\/v2\/users\/1"}],"replies":[{"embeddable":true,"href":"https:\/\/www.hoymercedes.com.ar\/principal\/wp-json\/wp\/v2\/comments?post=85782"}],"version-history":[{"count":0,"href":"https:\/\/www.hoymercedes.com.ar\/principal\/wp-json\/wp\/v2\/posts\/85782\/revisions"}],"wp:featuredmedia":[{"embeddable":true,"href":"https:\/\/www.hoymercedes.com.ar\/principal\/wp-json\/wp\/v2\/media\/85783"}],"wp:attachment":[{"href":"https:\/\/www.hoymercedes.com.ar\/principal\/wp-json\/wp\/v2\/media?parent=85782"}],"wp:term":[{"taxonomy":"category","embeddable":true,"href":"https:\/\/www.hoymercedes.com.ar\/principal\/wp-json\/wp\/v2\/categories?post=85782"},{"taxonomy":"post_tag","embeddable":true,"href":"https:\/\/www.hoymercedes.com.ar\/principal\/wp-json\/wp\/v2\/tags?post=85782"}],"curies":[{"name":"wp","href":"https:\/\/api.w.org\/{rel}","templated":true}]}}