{"id":85814,"date":"2018-12-20T16:38:53","date_gmt":"2018-12-20T19:38:53","guid":{"rendered":"http:\/\/www.hoymercedes.com.ar\/principal\/?p=85814"},"modified":"2018-12-20T17:11:21","modified_gmt":"2018-12-20T20:11:21","slug":"fiesta-anticipando-las-navidades","status":"publish","type":"post","link":"https:\/\/www.hoymercedes.com.ar\/principal\/2018\/12\/20\/fiesta-anticipando-las-navidades\/","title":{"rendered":"Municipio realiza fiesta anticipando las Navidades"},"content":{"rendered":"\n<p>Se viene una nueva propuesta de encuentro y actividades para toda la familia, promoviendo el comercio y atractivos para quienes recorren y visitan el centro de la ciudad.&nbsp;Ornamentos navide\u00f1os y luces a lo largo de la calle 25 decoran nuestra principal zona comercial.&nbsp;&nbsp;<\/p>\n\n\n\n<p>Conjuntamente, en un trabajo mancomunado entre la direcci\u00f3n de cultura que encabeza Luc\u00eda Capaccio y de turismo conducida por Mart\u00edn Boragno, se impulsa una propuesta donde habr\u00e1 shows y espect\u00e1culos en vivo. Los mismos se dar\u00e1n cita este viernes y s\u00e1bado en las calles 22 entre 25 y 27.<\/p>\n\n\n\n<p>La impronta de esta iniciativa es generar un lugar de entretenimiento, para que de esta manera, todos los vecinos que se acerquen a realizar sus compras navide\u00f1as puedan disfrutar de espect\u00e1culos circenses, talleres de percusi\u00f3n y canto. Juntamente, har\u00e1n su presencia los payam\u00e9dicos quienes realizan actividades utilizando la t\u00e9cnica del payaso teatral, y poseen adem\u00e1s, conocimientos de payamedicina que hacen re\u00edr a grandes y chicos.<\/p>\n\n\n\n<p>Las actividades se repartir\u00e1n de la siguiente manera:<\/p>\n\n\n\n<p>VIERNES 21<\/p>\n\n\n\n<p>18:30 Circo a Pie<\/p>\n\n\n\n<p>19:30 Taller de Percusi\u00f3n y Canto<\/p>\n\n\n\n<p>20:00 Circo al Pie<\/p>\n\n\n\n<p>S\u00c1BADO 22<\/p>\n\n\n\n<p>10:00 Payam\u00e9dicos<\/p>\n\n\n\n<p>18:30 payaso Tertulio<\/p>\n\n\n\n<p>19:30 Circo al Pie<\/p>\n\n\n\n<p>Como cierre se espera la presencia de Pap\u00e1 Noel, qui\u00e9n estar\u00e1 tom\u00e1ndose fotos junto a los ni\u00f1os y ni\u00f1as de la ciudad.<\/p>\n\n\n\n<p>Fuente: Prensa Municipal<\/p>\n","protected":false},"excerpt":{"rendered":"<p>Se viene una nueva propuesta de encuentro y actividades para toda la familia, promoviendo el comercio y atractivos para quienes &#8230; <a title=\"Municipio realiza fiesta anticipando las Navidades\" class=\"read-more\" href=\"https:\/\/www.hoymercedes.com.ar\/principal\/2018\/12\/20\/fiesta-anticipando-las-navidades\/\" aria-label=\"Leer m\u00e1s sobre Municipio realiza fiesta anticipando las Navidades\">Leer m\u00e1s<\/a><\/p>\n","protected":false},"author":1,"featured_media":0,"comment_status":"closed","ping_status":"open","sticky":false,"template":"","format":"standard","meta":{"_monsterinsights_skip_tracking":false,"_monsterinsights_sitenote_active":false,"_monsterinsights_sitenote_note":"","_monsterinsights_sitenote_category":0,"jetpack_post_was_ever_published":false,"_jetpack_newsletter_access":"","_jetpack_dont_email_post_to_subs":false,"_jetpack_newsletter_tier_id":0,"_jetpack_memberships_contains_paywalled_content":false,"_jetpack_memberships_contains_paid_content":false,"footnotes":"","jetpack_publicize_message":"","jetpack_publicize_feature_enabled":true,"jetpack_social_post_already_shared":true,"jetpack_social_options":{"image_generator_settings":{"template":"highway","default_image_id":0,"font":"","enabled":false},"version":2},"_wpas_customize_per_network":false},"categories":[30],"tags":[14252,7805,12251,244,1428],"class_list":["post-85814","post","type-post","status-publish","format-standard","hentry","category-municipio","tag-calle-25","tag-cultura","tag-fiesta-navidena","tag-municipio-2","tag-turismo","generate-columns","tablet-grid-50","mobile-grid-100","grid-parent","grid-50"],"jetpack_publicize_connections":[],"jetpack_featured_media_url":"","wps_subtitle":"","jetpack_sharing_enabled":true,"_links":{"self":[{"href":"https:\/\/www.hoymercedes.com.ar\/principal\/wp-json\/wp\/v2\/posts\/85814","targetHints":{"allow":["GET"]}}],"collection":[{"href":"https:\/\/www.hoymercedes.com.ar\/principal\/wp-json\/wp\/v2\/posts"}],"about":[{"href":"https:\/\/www.hoymercedes.com.ar\/principal\/wp-json\/wp\/v2\/types\/post"}],"author":[{"embeddable":true,"href":"https:\/\/www.hoymercedes.com.ar\/principal\/wp-json\/wp\/v2\/users\/1"}],"replies":[{"embeddable":true,"href":"https:\/\/www.hoymercedes.com.ar\/principal\/wp-json\/wp\/v2\/comments?post=85814"}],"version-history":[{"count":0,"href":"https:\/\/www.hoymercedes.com.ar\/principal\/wp-json\/wp\/v2\/posts\/85814\/revisions"}],"wp:attachment":[{"href":"https:\/\/www.hoymercedes.com.ar\/principal\/wp-json\/wp\/v2\/media?parent=85814"}],"wp:term":[{"taxonomy":"category","embeddable":true,"href":"https:\/\/www.hoymercedes.com.ar\/principal\/wp-json\/wp\/v2\/categories?post=85814"},{"taxonomy":"post_tag","embeddable":true,"href":"https:\/\/www.hoymercedes.com.ar\/principal\/wp-json\/wp\/v2\/tags?post=85814"}],"curies":[{"name":"wp","href":"https:\/\/api.w.org\/{rel}","templated":true}]}}