{"id":85865,"date":"2018-12-21T15:59:45","date_gmt":"2018-12-21T18:59:45","guid":{"rendered":"http:\/\/www.hoymercedes.com.ar\/principal\/?p=85865"},"modified":"2018-12-21T17:11:53","modified_gmt":"2018-12-21T20:11:53","slug":"el-fronton-vs-amefip-y-marcos-paz-vs-trocha-las-semis-de-reserva","status":"publish","type":"post","link":"https:\/\/www.hoymercedes.com.ar\/principal\/2018\/12\/21\/el-fronton-vs-amefip-y-marcos-paz-vs-trocha-las-semis-de-reserva\/","title":{"rendered":"El Front\u00f3n Vs. AMEFIP y Marcos Paz Vs. Trocha, las semis de Reserva"},"content":{"rendered":"\n<p>Luego de las clasificaciones de El Front\u00f3n y Atl\u00e9tico Marcos Paz entre el domingo y el martes, restaban saber qui\u00e9nes eran los rivales de los dos equipos for\u00e1neos. En la noche del jueves, se jugaron los otros dos encuentros, que terminaron empatados.<\/p>\n\n\n\n<div class=\"wp-block-image\"><figure class=\"aligncenter\"><img loading=\"lazy\" decoding=\"async\" width=\"543\" height=\"368\" data-attachment-id=\"85868\" data-permalink=\"https:\/\/www.hoymercedes.com.ar\/principal\/2018\/12\/21\/el-fronton-vs-amefip-y-marcos-paz-vs-trocha-las-semis-de-reserva\/sin-titulo-5\/#main\" data-orig-file=\"https:\/\/www.hoymercedes.com.ar\/principal\/wp-content\/uploads\/2018\/12\/Sin-t\u00edtulo-2.png\" data-orig-size=\"543,368\" data-comments-opened=\"0\" data-image-meta=\"{&quot;aperture&quot;:&quot;0&quot;,&quot;credit&quot;:&quot;&quot;,&quot;camera&quot;:&quot;&quot;,&quot;caption&quot;:&quot;&quot;,&quot;created_timestamp&quot;:&quot;0&quot;,&quot;copyright&quot;:&quot;&quot;,&quot;focal_length&quot;:&quot;0&quot;,&quot;iso&quot;:&quot;0&quot;,&quot;shutter_speed&quot;:&quot;0&quot;,&quot;title&quot;:&quot;&quot;,&quot;orientation&quot;:&quot;0&quot;}\" data-image-title=\"Sin t\u00edtulo\" data-image-description=\"\" data-image-caption=\"\" data-large-file=\"https:\/\/www.hoymercedes.com.ar\/principal\/wp-content\/uploads\/2018\/12\/Sin-t\u00edtulo-2.png\" src=\"https:\/\/www.hoymercedes.com.ar\/principal\/wp-content\/uploads\/2018\/12\/Sin-t\u00edtulo-2.png\" alt=\"\" class=\"wp-image-85868\" srcset=\"https:\/\/www.hoymercedes.com.ar\/principal\/wp-content\/uploads\/2018\/12\/Sin-t\u00edtulo-2.png 543w, https:\/\/www.hoymercedes.com.ar\/principal\/wp-content\/uploads\/2018\/12\/Sin-t\u00edtulo-2-150x102.png 150w\" sizes=\"auto, (max-width: 543px) 100vw, 543px\" \/><\/figure><\/div>\n\n\n\n<p>En la Liga Mercedina, en primer turno, AMEFIP Barrio San Mart\u00edn y Defensores empataron en cero y por ventaja deportiva pas\u00f3 la barriada, mientras que a su t\u00e9rmino jugaron Trocha ante Juventud de Suipacha y tras el empate en 1, pas\u00f3 la Carbonilla en un encuentro que termin\u00f3 con un final caliente con tumulto entre los jugadores, de los cuales algunos podr\u00e1n salir informados.<\/p>\n\n\n\n<p>Las semifinales se jugar\u00e1n fuera de la ciudad de Mercedes. En San Andr\u00e9s de Giles lo har\u00e1n El Front\u00f3n ante AMEFIP y el domingo a las 11.30 Marcos Paz recibir\u00e1 a Trocha.<\/p>\n\n\n\n<p>A<strong>\u00a0<\/strong> partir de semifinales no existe la ventaja deportiva, y la final se disputar\u00e1 el jueves 27 por la noche, en cancha de la Liga, en un \u00fanico partido.<\/p>\n","protected":false},"excerpt":{"rendered":"<p>Luego de las clasificaciones de El Front\u00f3n y Atl\u00e9tico Marcos Paz entre el domingo y el martes, restaban saber qui\u00e9nes &#8230; <a title=\"El Front\u00f3n Vs. AMEFIP y Marcos Paz Vs. Trocha, las semis de Reserva\" class=\"read-more\" href=\"https:\/\/www.hoymercedes.com.ar\/principal\/2018\/12\/21\/el-fronton-vs-amefip-y-marcos-paz-vs-trocha-las-semis-de-reserva\/\" aria-label=\"Leer m\u00e1s sobre El Front\u00f3n Vs. AMEFIP y Marcos Paz Vs. Trocha, las semis de Reserva\">Leer m\u00e1s<\/a><\/p>\n","protected":false},"author":1,"featured_media":85866,"comment_status":"closed","ping_status":"open","sticky":false,"template":"","format":"standard","meta":{"_monsterinsights_skip_tracking":false,"_monsterinsights_sitenote_active":false,"_monsterinsights_sitenote_note":"","_monsterinsights_sitenote_category":0,"jetpack_post_was_ever_published":false,"_jetpack_newsletter_access":"","_jetpack_dont_email_post_to_subs":false,"_jetpack_newsletter_tier_id":0,"_jetpack_memberships_contains_paywalled_content":false,"_jetpack_memberships_contains_paid_content":false,"footnotes":"","jetpack_publicize_message":"","jetpack_publicize_feature_enabled":true,"jetpack_social_post_already_shared":true,"jetpack_social_options":{"image_generator_settings":{"template":"highway","default_image_id":0,"font":"","enabled":false},"version":2},"_wpas_customize_per_network":false},"categories":[21],"tags":[11436,6696,1812,1901,10689,1379],"class_list":["post-85865","post","type-post","status-publish","format-standard","has-post-thumbnail","hentry","category-deportes","tag-amefip","tag-deporte","tag-el-fronton","tag-liga-mercedina","tag-marcos-paz","tag-trocha","generate-columns","tablet-grid-50","mobile-grid-100","grid-parent","grid-50"],"jetpack_publicize_connections":[],"jetpack_featured_media_url":"https:\/\/www.hoymercedes.com.ar\/principal\/wp-content\/uploads\/2018\/12\/Sin-t\u00edtulo-1.png","wps_subtitle":"Liga Mercedina","jetpack_sharing_enabled":true,"_links":{"self":[{"href":"https:\/\/www.hoymercedes.com.ar\/principal\/wp-json\/wp\/v2\/posts\/85865","targetHints":{"allow":["GET"]}}],"collection":[{"href":"https:\/\/www.hoymercedes.com.ar\/principal\/wp-json\/wp\/v2\/posts"}],"about":[{"href":"https:\/\/www.hoymercedes.com.ar\/principal\/wp-json\/wp\/v2\/types\/post"}],"author":[{"embeddable":true,"href":"https:\/\/www.hoymercedes.com.ar\/principal\/wp-json\/wp\/v2\/users\/1"}],"replies":[{"embeddable":true,"href":"https:\/\/www.hoymercedes.com.ar\/principal\/wp-json\/wp\/v2\/comments?post=85865"}],"version-history":[{"count":0,"href":"https:\/\/www.hoymercedes.com.ar\/principal\/wp-json\/wp\/v2\/posts\/85865\/revisions"}],"wp:featuredmedia":[{"embeddable":true,"href":"https:\/\/www.hoymercedes.com.ar\/principal\/wp-json\/wp\/v2\/media\/85866"}],"wp:attachment":[{"href":"https:\/\/www.hoymercedes.com.ar\/principal\/wp-json\/wp\/v2\/media?parent=85865"}],"wp:term":[{"taxonomy":"category","embeddable":true,"href":"https:\/\/www.hoymercedes.com.ar\/principal\/wp-json\/wp\/v2\/categories?post=85865"},{"taxonomy":"post_tag","embeddable":true,"href":"https:\/\/www.hoymercedes.com.ar\/principal\/wp-json\/wp\/v2\/tags?post=85865"}],"curies":[{"name":"wp","href":"https:\/\/api.w.org\/{rel}","templated":true}]}}