{"id":85891,"date":"2018-12-21T17:05:33","date_gmt":"2018-12-21T20:05:33","guid":{"rendered":"http:\/\/www.hoymercedes.com.ar\/principal\/?p=85891"},"modified":"2018-12-21T17:10:56","modified_gmt":"2018-12-21T20:10:56","slug":"termino-la-restauracion-de-los-murales-de-landi","status":"publish","type":"post","link":"https:\/\/www.hoymercedes.com.ar\/principal\/2018\/12\/21\/termino-la-restauracion-de-los-murales-de-landi\/","title":{"rendered":"Termin\u00f3 la restauraci\u00f3n de los murales de Landi"},"content":{"rendered":"\n<p><br>Luego de varios meses de trabajo, los artistas pl\u00e1sticos Mar\u00eda Eugenia Scioli, Lisi Moleres y Pablo Russo, entre otros artistas que colaboraron, terminaron el proceso de restauraci\u00f3n de los murales de calle 39 con dise\u00f1os del artista Octimio Landi y que \u00e9l mismo dirigi\u00f3 cuando se plasmaron en las paredes de sus vecinos hace casi quince a\u00f1os.&nbsp;<\/p>\n\n\n\n<figure class=\"wp-block-image\"><img loading=\"lazy\" decoding=\"async\" width=\"750\" height=\"422\" data-attachment-id=\"85892\" data-permalink=\"https:\/\/www.hoymercedes.com.ar\/principal\/2018\/12\/21\/termino-la-restauracion-de-los-murales-de-landi\/21-murales-landi-2\/#main\" data-orig-file=\"https:\/\/www.hoymercedes.com.ar\/principal\/wp-content\/uploads\/2018\/12\/21-murales-landi-2.jpg\" data-orig-size=\"750,422\" data-comments-opened=\"0\" data-image-meta=\"{&quot;aperture&quot;:&quot;0&quot;,&quot;credit&quot;:&quot;&quot;,&quot;camera&quot;:&quot;&quot;,&quot;caption&quot;:&quot;&quot;,&quot;created_timestamp&quot;:&quot;0&quot;,&quot;copyright&quot;:&quot;&quot;,&quot;focal_length&quot;:&quot;0&quot;,&quot;iso&quot;:&quot;0&quot;,&quot;shutter_speed&quot;:&quot;0&quot;,&quot;title&quot;:&quot;&quot;,&quot;orientation&quot;:&quot;0&quot;}\" data-image-title=\"21 murales landi 2\" data-image-description=\"\" data-image-caption=\"\" data-large-file=\"https:\/\/www.hoymercedes.com.ar\/principal\/wp-content\/uploads\/2018\/12\/21-murales-landi-2.jpg\" src=\"https:\/\/www.hoymercedes.com.ar\/principal\/wp-content\/uploads\/2018\/12\/21-murales-landi-2.jpg\" alt=\"\" class=\"wp-image-85892\" srcset=\"https:\/\/www.hoymercedes.com.ar\/principal\/wp-content\/uploads\/2018\/12\/21-murales-landi-2.jpg 750w, https:\/\/www.hoymercedes.com.ar\/principal\/wp-content\/uploads\/2018\/12\/21-murales-landi-2-150x84.jpg 150w, https:\/\/www.hoymercedes.com.ar\/principal\/wp-content\/uploads\/2018\/12\/21-murales-landi-2-630x354.jpg 630w\" sizes=\"auto, (max-width: 750px) 100vw, 750px\" \/><\/figure>\n\n\n\n<p>El trabajo de restauraci\u00f3n fue impulsado por la Comisi\u00f3n de Patrimonio CUNA con el objetivo de darle relevancia y durabilidad a parte del patrimonio cultural de nuestra ciudad.&nbsp;<\/p>\n","protected":false},"excerpt":{"rendered":"<p>Luego de varios meses de trabajo, los artistas pl\u00e1sticos Mar\u00eda Eugenia Scioli, Lisi Moleres y Pablo Russo, entre otros artistas &#8230; <a title=\"Termin\u00f3 la restauraci\u00f3n de los murales de Landi\" class=\"read-more\" href=\"https:\/\/www.hoymercedes.com.ar\/principal\/2018\/12\/21\/termino-la-restauracion-de-los-murales-de-landi\/\" aria-label=\"Leer m\u00e1s sobre Termin\u00f3 la restauraci\u00f3n de los murales de Landi\">Leer m\u00e1s<\/a><\/p>\n","protected":false},"author":1,"featured_media":85892,"comment_status":"closed","ping_status":"open","sticky":false,"template":"","format":"standard","meta":{"_monsterinsights_skip_tracking":false,"_monsterinsights_sitenote_active":false,"_monsterinsights_sitenote_note":"","_monsterinsights_sitenote_category":0,"jetpack_post_was_ever_published":false,"_jetpack_newsletter_access":"","_jetpack_dont_email_post_to_subs":false,"_jetpack_newsletter_tier_id":0,"_jetpack_memberships_contains_paywalled_content":false,"_jetpack_memberships_contains_paid_content":false,"footnotes":"","jetpack_publicize_message":"","jetpack_publicize_feature_enabled":true,"jetpack_social_post_already_shared":true,"jetpack_social_options":{"image_generator_settings":{"template":"highway","default_image_id":0,"font":"","enabled":false},"version":2},"_wpas_customize_per_network":false},"categories":[104],"tags":[14259,7805,14260],"class_list":["post-85891","post","type-post","status-publish","format-standard","has-post-thumbnail","hentry","category-cultura","tag-comision-patrimonio-cuna","tag-cultura","tag-murales-de-octimio-landi","generate-columns","tablet-grid-50","mobile-grid-100","grid-parent","grid-50"],"jetpack_publicize_connections":[],"jetpack_featured_media_url":"https:\/\/www.hoymercedes.com.ar\/principal\/wp-content\/uploads\/2018\/12\/21-murales-landi-2.jpg","wps_subtitle":"Tres murales en la calle 39","jetpack_sharing_enabled":true,"_links":{"self":[{"href":"https:\/\/www.hoymercedes.com.ar\/principal\/wp-json\/wp\/v2\/posts\/85891","targetHints":{"allow":["GET"]}}],"collection":[{"href":"https:\/\/www.hoymercedes.com.ar\/principal\/wp-json\/wp\/v2\/posts"}],"about":[{"href":"https:\/\/www.hoymercedes.com.ar\/principal\/wp-json\/wp\/v2\/types\/post"}],"author":[{"embeddable":true,"href":"https:\/\/www.hoymercedes.com.ar\/principal\/wp-json\/wp\/v2\/users\/1"}],"replies":[{"embeddable":true,"href":"https:\/\/www.hoymercedes.com.ar\/principal\/wp-json\/wp\/v2\/comments?post=85891"}],"version-history":[{"count":0,"href":"https:\/\/www.hoymercedes.com.ar\/principal\/wp-json\/wp\/v2\/posts\/85891\/revisions"}],"wp:featuredmedia":[{"embeddable":true,"href":"https:\/\/www.hoymercedes.com.ar\/principal\/wp-json\/wp\/v2\/media\/85892"}],"wp:attachment":[{"href":"https:\/\/www.hoymercedes.com.ar\/principal\/wp-json\/wp\/v2\/media?parent=85891"}],"wp:term":[{"taxonomy":"category","embeddable":true,"href":"https:\/\/www.hoymercedes.com.ar\/principal\/wp-json\/wp\/v2\/categories?post=85891"},{"taxonomy":"post_tag","embeddable":true,"href":"https:\/\/www.hoymercedes.com.ar\/principal\/wp-json\/wp\/v2\/tags?post=85891"}],"curies":[{"name":"wp","href":"https:\/\/api.w.org\/{rel}","templated":true}]}}