{"id":85911,"date":"2018-12-22T11:05:51","date_gmt":"2018-12-22T14:05:51","guid":{"rendered":"http:\/\/www.hoymercedes.com.ar\/principal\/?p=85911"},"modified":"2018-12-22T15:12:35","modified_gmt":"2018-12-22T18:12:35","slug":"la-agrupacion-25-de-mayo-repartira-golosinas-en-los-barrios","status":"publish","type":"post","link":"https:\/\/www.hoymercedes.com.ar\/principal\/2018\/12\/22\/la-agrupacion-25-de-mayo-repartira-golosinas-en-los-barrios\/","title":{"rendered":"La Agrupaci\u00f3n 25 de Mayo repartir\u00e1 golosinas en los barrios"},"content":{"rendered":"\n<figure class=\"wp-block-image\"><img loading=\"lazy\" decoding=\"async\" width=\"800\" height=\"391\" data-attachment-id=\"85912\" data-permalink=\"https:\/\/www.hoymercedes.com.ar\/principal\/2018\/12\/22\/la-agrupacion-25-de-mayo-repartira-golosinas-en-los-barrios\/la-25-2\/#main\" data-orig-file=\"https:\/\/www.hoymercedes.com.ar\/principal\/wp-content\/uploads\/2018\/12\/la-25.jpg\" data-orig-size=\"800,391\" data-comments-opened=\"0\" data-image-meta=\"{&quot;aperture&quot;:&quot;0&quot;,&quot;credit&quot;:&quot;&quot;,&quot;camera&quot;:&quot;&quot;,&quot;caption&quot;:&quot;&quot;,&quot;created_timestamp&quot;:&quot;0&quot;,&quot;copyright&quot;:&quot;&quot;,&quot;focal_length&quot;:&quot;0&quot;,&quot;iso&quot;:&quot;0&quot;,&quot;shutter_speed&quot;:&quot;0&quot;,&quot;title&quot;:&quot;&quot;,&quot;orientation&quot;:&quot;0&quot;}\" data-image-title=\"la 25\" data-image-description=\"\" data-image-caption=\"\" data-large-file=\"https:\/\/www.hoymercedes.com.ar\/principal\/wp-content\/uploads\/2018\/12\/la-25.jpg\" src=\"https:\/\/www.hoymercedes.com.ar\/principal\/wp-content\/uploads\/2018\/12\/la-25.jpg\" alt=\"\" class=\"wp-image-85912\" srcset=\"https:\/\/www.hoymercedes.com.ar\/principal\/wp-content\/uploads\/2018\/12\/la-25.jpg 800w, https:\/\/www.hoymercedes.com.ar\/principal\/wp-content\/uploads\/2018\/12\/la-25-150x73.jpg 150w, https:\/\/www.hoymercedes.com.ar\/principal\/wp-content\/uploads\/2018\/12\/la-25-630x308.jpg 630w\" sizes=\"auto, (max-width: 800px) 100vw, 800px\" \/><\/figure>\n\n\n\n<p>Desde la Agrupaci\u00f3n \u201c25 de Mayo\u201d, hoy s\u00e1bado 22 \u201cPap\u00e1 Noel\u201d repartir\u00e1 golosinas por los barrios. De esta manera los ni\u00f1os podr\u00e1n acercarse a saludarlo, en medio del clima festivo de fin de a\u00f1o.<\/p>\n\n\n\n<p>Por otra parte, se les van a repartir cajas navide\u00f1as a aquellas familias que recibieron viandas durante el a\u00f1o; las cuales se encuentran en estado de vulnerabilidad o personas en situaci\u00f3n de calle.<\/p>\n\n\n\n<p>Alejandro Videla, secretario de la Juventud de la agrupaci\u00f3n vecinal, coment\u00f3: \u201cLas fiestas son una \u00e9poca del a\u00f1o para pasar un buen momento en familia; esto nos motiva y desde nuestro espacio buscamos la manera de colaborar con aquellas personas que m\u00e1s lo necesitan, para que tambi\u00e9n puedan pasar las fiestas un poco m\u00e1s cerca de lo que todos merecemos\u201d y a\u00f1adi\u00f3 que: \u201cNos pone muy contentos poder colaborar con nuestros vecinos y esperamos un 2019 con muchas ganas de seguir trabajando\u201d.<\/p>\n\n\n\n<p><strong>Por el medio ambiente<\/strong><\/p>\n\n\n\n<p>Por otra parte, desde la Secretar\u00eda de Juventud de \u201cLa 25\u201d dieron inicio al \u201cPrograma de reciclado y medio ambiente\u201d. A trav\u00e9s del mismo buscan lograr una mayor concientizaci\u00f3n e impulsar acciones ambientalistas en los vecinos de Mercedes. Juntan tapas pl\u00e1sticas y piden acercarlas al local de 16 entre 27 y 29.<\/p>\n","protected":false},"excerpt":{"rendered":"<p>Desde la Agrupaci\u00f3n \u201c25 de Mayo\u201d, hoy s\u00e1bado 22 \u201cPap\u00e1 Noel\u201d repartir\u00e1 golosinas por los barrios. De esta manera los &#8230; <a title=\"La Agrupaci\u00f3n 25 de Mayo repartir\u00e1 golosinas en los barrios\" class=\"read-more\" href=\"https:\/\/www.hoymercedes.com.ar\/principal\/2018\/12\/22\/la-agrupacion-25-de-mayo-repartira-golosinas-en-los-barrios\/\" aria-label=\"Leer m\u00e1s sobre La Agrupaci\u00f3n 25 de Mayo repartir\u00e1 golosinas en los barrios\">Leer m\u00e1s<\/a><\/p>\n","protected":false},"author":1,"featured_media":85912,"comment_status":"closed","ping_status":"open","sticky":false,"template":"","format":"standard","meta":{"_monsterinsights_skip_tracking":false,"_monsterinsights_sitenote_active":false,"_monsterinsights_sitenote_note":"","_monsterinsights_sitenote_category":0,"jetpack_post_was_ever_published":false,"_jetpack_newsletter_access":"","_jetpack_dont_email_post_to_subs":false,"_jetpack_newsletter_tier_id":0,"_jetpack_memberships_contains_paywalled_content":false,"_jetpack_memberships_contains_paid_content":false,"footnotes":"","jetpack_publicize_message":"","jetpack_publicize_feature_enabled":true,"jetpack_social_post_already_shared":true,"jetpack_social_options":{"image_generator_settings":{"template":"highway","default_image_id":0,"font":"","enabled":false},"version":2},"_wpas_customize_per_network":false},"categories":[5],"tags":[9923,600,5319],"class_list":["post-85911","post","type-post","status-publish","format-standard","has-post-thumbnail","hentry","category-politica","tag-agrupacion-25-de-mayo","tag-barrios","tag-politica-2","generate-columns","tablet-grid-50","mobile-grid-100","grid-parent","grid-50"],"jetpack_publicize_connections":[],"jetpack_featured_media_url":"https:\/\/www.hoymercedes.com.ar\/principal\/wp-content\/uploads\/2018\/12\/la-25.jpg","wps_subtitle":"Trabajo social","jetpack_sharing_enabled":true,"_links":{"self":[{"href":"https:\/\/www.hoymercedes.com.ar\/principal\/wp-json\/wp\/v2\/posts\/85911","targetHints":{"allow":["GET"]}}],"collection":[{"href":"https:\/\/www.hoymercedes.com.ar\/principal\/wp-json\/wp\/v2\/posts"}],"about":[{"href":"https:\/\/www.hoymercedes.com.ar\/principal\/wp-json\/wp\/v2\/types\/post"}],"author":[{"embeddable":true,"href":"https:\/\/www.hoymercedes.com.ar\/principal\/wp-json\/wp\/v2\/users\/1"}],"replies":[{"embeddable":true,"href":"https:\/\/www.hoymercedes.com.ar\/principal\/wp-json\/wp\/v2\/comments?post=85911"}],"version-history":[{"count":0,"href":"https:\/\/www.hoymercedes.com.ar\/principal\/wp-json\/wp\/v2\/posts\/85911\/revisions"}],"wp:featuredmedia":[{"embeddable":true,"href":"https:\/\/www.hoymercedes.com.ar\/principal\/wp-json\/wp\/v2\/media\/85912"}],"wp:attachment":[{"href":"https:\/\/www.hoymercedes.com.ar\/principal\/wp-json\/wp\/v2\/media?parent=85911"}],"wp:term":[{"taxonomy":"category","embeddable":true,"href":"https:\/\/www.hoymercedes.com.ar\/principal\/wp-json\/wp\/v2\/categories?post=85911"},{"taxonomy":"post_tag","embeddable":true,"href":"https:\/\/www.hoymercedes.com.ar\/principal\/wp-json\/wp\/v2\/tags?post=85911"}],"curies":[{"name":"wp","href":"https:\/\/api.w.org\/{rel}","templated":true}]}}