{"id":85915,"date":"2018-12-22T09:06:10","date_gmt":"2018-12-22T12:06:10","guid":{"rendered":"http:\/\/www.hoymercedes.com.ar\/principal\/?p=85915"},"modified":"2018-12-22T15:13:39","modified_gmt":"2018-12-22T18:13:39","slug":"mueren-dos-motociclistas-en-siniestros","status":"publish","type":"post","link":"https:\/\/www.hoymercedes.com.ar\/principal\/2018\/12\/22\/mueren-dos-motociclistas-en-siniestros\/","title":{"rendered":"Mueren dos motociclistas en siniestros"},"content":{"rendered":"\n<p>Dos luctuosos siniestros viales ocurrieron en la ciudad esta semana y le costaron la vida a dos mercedinos. Por un lado, Jorge Guillermo Aguirre, de 44 a\u00f1os, falleci\u00f3 tras impactar con el rodado que conduc\u00eda una columna y sufrir serias lesiones, el pasado lunes. En tanto, ayer viernes falleci\u00f3 Elisabet Wuilfe, de 32 a\u00f1os, tras impactar con su moto en la entrada de una quinta, por causas que son materia de investigaci\u00f3n.<\/p>\n\n\n\n<p><strong>Dos tragedias<\/strong><\/p>\n\n\n\n<p>El lunes, por causas que son materia de investigaci\u00f3n, Jorge Aguirre iba a bordo de su motocicleta cuando impact\u00f3 con una columna en avenida 2, entre calles 5 y 7. Un testigo dio aviso a la Polic\u00eda tras lo cual se lo pudo asistir. Fue trasladado al hospital Blas L. Dubarry donde se le brind\u00f3 asistencia m\u00e9dica. En principio, las lesiones eran leve, salvo complicaci\u00f3n que m\u00e1s tarde lleg\u00f3.<\/p>\n\n\n\n<p>Estuvo en observaci\u00f3n en la guardia del nosocomio local, hasta que \u2013 a pesar de los esfuerzos m\u00e9dicos \u2013 perdi\u00f3 la vida el mi\u00e9rcoles a la madrugada.<\/p>\n\n\n\n<p>Tras realizar la autopsia correspondiente al caso, sus restos fueron entregados a sus familiares. Sus restos fueron inhumados en el cementerio local el 20 de diciembre de 2018 a las 10 horas previo responso a oficiado en la Iglesia Catedral<\/p>\n\n\n\n<p>Por otro lado, ayer viernes a las 15:30 horas se produjo otro siniestro en el que fue protagonista un rodado de menor porte.<\/p>\n\n\n\n<p>En la colectora Norte, a la altura 93.700 de la ruta nacional N\u00b0 5, por causas que son materia de investigaci\u00f3n, colision\u00f3 contra la entrada de una quinta ubicada en el lugar Elisabet Wuilfe, de 32 a\u00f1os. La mujer iba a bordo de una motocicleta Gilera \u2013 tipo cross \u2013 en sentido Mercedes \u2013 Gowland. Seg\u00fan trascendi\u00f3 iba en busca de un familiar que iba a dejar un veh\u00edculo en el casa de un mec\u00e1nico de la zona para reparar.<\/p>\n\n\n\n<p>Por causas que son materia de investigaci\u00f3n, perdi\u00f3 el control del rodado e impact\u00f3 en el lugar tras cruzarse de carril. Qued\u00f3 tendida en el lugar hasta que lleg\u00f3 la asistencia. Al llegar la ambulancia, y dado su estado se le practic\u00f3 RCP hasta su ingreso al nosocomio local donde lamentablemente se determin\u00f3 que hab\u00eda fallecido.<br>Sus restos estar\u00e1n siendo inhumados, luego de realizada la autopsia correspondiente, que se llevar\u00eda a cabo en la ma\u00f1ana de hoy.<\/p>\n","protected":false},"excerpt":{"rendered":"<p>Dos luctuosos siniestros viales ocurrieron en la ciudad esta semana y le costaron la vida a dos mercedinos. Por un &#8230; <a title=\"Mueren dos motociclistas en siniestros\" class=\"read-more\" href=\"https:\/\/www.hoymercedes.com.ar\/principal\/2018\/12\/22\/mueren-dos-motociclistas-en-siniestros\/\" aria-label=\"Leer m\u00e1s sobre Mueren dos motociclistas en siniestros\">Leer m\u00e1s<\/a><\/p>\n","protected":false},"author":1,"featured_media":0,"comment_status":"closed","ping_status":"open","sticky":false,"template":"","format":"standard","meta":{"_monsterinsights_skip_tracking":false,"_monsterinsights_sitenote_active":false,"_monsterinsights_sitenote_note":"","_monsterinsights_sitenote_category":0,"jetpack_post_was_ever_published":false,"_jetpack_newsletter_access":"","_jetpack_dont_email_post_to_subs":false,"_jetpack_newsletter_tier_id":0,"_jetpack_memberships_contains_paywalled_content":false,"_jetpack_memberships_contains_paid_content":false,"footnotes":"","jetpack_publicize_message":"","jetpack_publicize_feature_enabled":true,"jetpack_social_post_already_shared":true,"jetpack_social_options":{"image_generator_settings":{"template":"highway","default_image_id":0,"font":"","enabled":false},"version":2},"_wpas_customize_per_network":false},"categories":[85],"tags":[12084,96,10395],"class_list":["post-85915","post","type-post","status-publish","format-standard","hentry","category-policial","tag-fallecimientos","tag-policial-2","tag-siniestro-vial","generate-columns","tablet-grid-50","mobile-grid-100","grid-parent","grid-50"],"jetpack_publicize_connections":[],"jetpack_featured_media_url":"","wps_subtitle":"Una semana luctuosa","jetpack_sharing_enabled":true,"_links":{"self":[{"href":"https:\/\/www.hoymercedes.com.ar\/principal\/wp-json\/wp\/v2\/posts\/85915","targetHints":{"allow":["GET"]}}],"collection":[{"href":"https:\/\/www.hoymercedes.com.ar\/principal\/wp-json\/wp\/v2\/posts"}],"about":[{"href":"https:\/\/www.hoymercedes.com.ar\/principal\/wp-json\/wp\/v2\/types\/post"}],"author":[{"embeddable":true,"href":"https:\/\/www.hoymercedes.com.ar\/principal\/wp-json\/wp\/v2\/users\/1"}],"replies":[{"embeddable":true,"href":"https:\/\/www.hoymercedes.com.ar\/principal\/wp-json\/wp\/v2\/comments?post=85915"}],"version-history":[{"count":0,"href":"https:\/\/www.hoymercedes.com.ar\/principal\/wp-json\/wp\/v2\/posts\/85915\/revisions"}],"wp:attachment":[{"href":"https:\/\/www.hoymercedes.com.ar\/principal\/wp-json\/wp\/v2\/media?parent=85915"}],"wp:term":[{"taxonomy":"category","embeddable":true,"href":"https:\/\/www.hoymercedes.com.ar\/principal\/wp-json\/wp\/v2\/categories?post=85915"},{"taxonomy":"post_tag","embeddable":true,"href":"https:\/\/www.hoymercedes.com.ar\/principal\/wp-json\/wp\/v2\/tags?post=85915"}],"curies":[{"name":"wp","href":"https:\/\/api.w.org\/{rel}","templated":true}]}}