{"id":85957,"date":"2018-12-25T11:18:15","date_gmt":"2018-12-25T14:18:15","guid":{"rendered":"http:\/\/www.hoymercedes.com.ar\/principal\/?p=85957"},"modified":"2018-12-26T19:40:15","modified_gmt":"2018-12-26T22:40:15","slug":"a-dos-anos-del-asesinato-de-sofia-santillan","status":"publish","type":"post","link":"https:\/\/www.hoymercedes.com.ar\/principal\/2018\/12\/25\/a-dos-anos-del-asesinato-de-sofia-santillan\/","title":{"rendered":"A dos a\u00f1os del asesinato de Sof\u00eda Santill\u00e1n"},"content":{"rendered":"\n<p>por Agrupaci\u00f3n LGBTI1969 PartidoObrero &#8211; Se ha cumplido un nuevo aniversario del asesinato de Sof\u00eda Santill\u00e1n.\u00a0Su muerte, se inscribe en los casos de transfemicidios y travesticidios \u00a0que recorren a diario los noticieros en todo el pa\u00eds. Y que suman dos por semana desde el inicio de 2018.<\/p>\n\n\n\n<p>&nbsp;Lo largo de estos \u00faltimos meses en la ciudad de Mercedes se han desarrollado distintas actividades junto a Fernanda, la mam\u00e1 de Sof\u00eda y compa\u00f1eras\/os\/es reclamando el avance de la causa que sigue sin resolver. Los reclamos han dado sus frutos ya que permitieron el avance y d\u00edas pasados se realiz\u00f3 la reconstrucci\u00f3n del hecho en el lugar donde Sof\u00eda fue encontrada, el mismo d\u00f3nde ejerc\u00eda la prostituci\u00f3n como la opci\u00f3n a la cual fue arrojada, en condiciones completamente precarias y bajo el amedrentamiento de las fuerzas represivas del Estado (polic\u00eda, gendarmer\u00eda etc.). Su asesinato desnud\u00f3 las relaciones de presi\u00f3n amenazas y \u201ccoimas\u201d que las fuerzas represivas ejerc\u00edan sobre ella y sus compa\u00f1eras.<\/p>\n\n\n\n<p>Ahora y m\u00e1s que nunca seguimos reclamando JUSTICIA POR SOFIA SANTILLAN, CUPO LABORAL TRANS<\/p>\n\n\n\n<figure class=\"wp-block-image\"><img loading=\"lazy\" decoding=\"async\" width=\"750\" height=\"629\" data-attachment-id=\"85958\" data-permalink=\"https:\/\/www.hoymercedes.com.ar\/principal\/2018\/12\/25\/a-dos-anos-del-asesinato-de-sofia-santillan\/25-sofia-santillan\/#main\" data-orig-file=\"https:\/\/www.hoymercedes.com.ar\/principal\/wp-content\/uploads\/2018\/12\/25-sofia-santillan.jpg\" data-orig-size=\"750,629\" data-comments-opened=\"0\" data-image-meta=\"{&quot;aperture&quot;:&quot;0&quot;,&quot;credit&quot;:&quot;&quot;,&quot;camera&quot;:&quot;&quot;,&quot;caption&quot;:&quot;&quot;,&quot;created_timestamp&quot;:&quot;0&quot;,&quot;copyright&quot;:&quot;&quot;,&quot;focal_length&quot;:&quot;0&quot;,&quot;iso&quot;:&quot;0&quot;,&quot;shutter_speed&quot;:&quot;0&quot;,&quot;title&quot;:&quot;&quot;,&quot;orientation&quot;:&quot;0&quot;}\" data-image-title=\"25 sofia santillan\" data-image-description=\"\" data-image-caption=\"\" data-large-file=\"https:\/\/www.hoymercedes.com.ar\/principal\/wp-content\/uploads\/2018\/12\/25-sofia-santillan.jpg\" src=\"https:\/\/www.hoymercedes.com.ar\/principal\/wp-content\/uploads\/2018\/12\/25-sofia-santillan.jpg\" alt=\"\" class=\"wp-image-85958\" srcset=\"https:\/\/www.hoymercedes.com.ar\/principal\/wp-content\/uploads\/2018\/12\/25-sofia-santillan.jpg 750w, https:\/\/www.hoymercedes.com.ar\/principal\/wp-content\/uploads\/2018\/12\/25-sofia-santillan-150x126.jpg 150w, https:\/\/www.hoymercedes.com.ar\/principal\/wp-content\/uploads\/2018\/12\/25-sofia-santillan-630x528.jpg 630w\" sizes=\"auto, (max-width: 750px) 100vw, 750px\" \/><\/figure>\n","protected":false},"excerpt":{"rendered":"<p>por Agrupaci\u00f3n LGBTI1969 PartidoObrero &#8211; Se ha cumplido un nuevo aniversario del asesinato de Sof\u00eda Santill\u00e1n.\u00a0Su muerte, se inscribe en &#8230; <a title=\"A dos a\u00f1os del asesinato de Sof\u00eda Santill\u00e1n\" class=\"read-more\" href=\"https:\/\/www.hoymercedes.com.ar\/principal\/2018\/12\/25\/a-dos-anos-del-asesinato-de-sofia-santillan\/\" aria-label=\"Leer m\u00e1s sobre A dos a\u00f1os del asesinato de Sof\u00eda Santill\u00e1n\">Leer m\u00e1s<\/a><\/p>\n","protected":false},"author":1,"featured_media":85958,"comment_status":"closed","ping_status":"open","sticky":false,"template":"","format":"standard","meta":{"_monsterinsights_skip_tracking":false,"_monsterinsights_sitenote_active":false,"_monsterinsights_sitenote_note":"","_monsterinsights_sitenote_category":0,"jetpack_post_was_ever_published":false,"_jetpack_newsletter_access":"","_jetpack_dont_email_post_to_subs":false,"_jetpack_newsletter_tier_id":0,"_jetpack_memberships_contains_paywalled_content":false,"_jetpack_memberships_contains_paid_content":false,"footnotes":"","jetpack_publicize_message":"","jetpack_publicize_feature_enabled":true,"jetpack_social_post_already_shared":true,"jetpack_social_options":{"image_generator_settings":{"template":"highway","default_image_id":0,"font":"","enabled":false},"version":2},"_wpas_customize_per_network":false},"categories":[5],"tags":[1045,96,5319,10377],"class_list":["post-85957","post","type-post","status-publish","format-standard","has-post-thumbnail","hentry","category-politica","tag-partido-obrero","tag-policial-2","tag-politica-2","tag-sofia-santillan","generate-columns","tablet-grid-50","mobile-grid-100","grid-parent","grid-50"],"jetpack_publicize_connections":[],"jetpack_featured_media_url":"https:\/\/www.hoymercedes.com.ar\/principal\/wp-content\/uploads\/2018\/12\/25-sofia-santillan.jpg","wps_subtitle":"","jetpack_sharing_enabled":true,"_links":{"self":[{"href":"https:\/\/www.hoymercedes.com.ar\/principal\/wp-json\/wp\/v2\/posts\/85957","targetHints":{"allow":["GET"]}}],"collection":[{"href":"https:\/\/www.hoymercedes.com.ar\/principal\/wp-json\/wp\/v2\/posts"}],"about":[{"href":"https:\/\/www.hoymercedes.com.ar\/principal\/wp-json\/wp\/v2\/types\/post"}],"author":[{"embeddable":true,"href":"https:\/\/www.hoymercedes.com.ar\/principal\/wp-json\/wp\/v2\/users\/1"}],"replies":[{"embeddable":true,"href":"https:\/\/www.hoymercedes.com.ar\/principal\/wp-json\/wp\/v2\/comments?post=85957"}],"version-history":[{"count":0,"href":"https:\/\/www.hoymercedes.com.ar\/principal\/wp-json\/wp\/v2\/posts\/85957\/revisions"}],"wp:featuredmedia":[{"embeddable":true,"href":"https:\/\/www.hoymercedes.com.ar\/principal\/wp-json\/wp\/v2\/media\/85958"}],"wp:attachment":[{"href":"https:\/\/www.hoymercedes.com.ar\/principal\/wp-json\/wp\/v2\/media?parent=85957"}],"wp:term":[{"taxonomy":"category","embeddable":true,"href":"https:\/\/www.hoymercedes.com.ar\/principal\/wp-json\/wp\/v2\/categories?post=85957"},{"taxonomy":"post_tag","embeddable":true,"href":"https:\/\/www.hoymercedes.com.ar\/principal\/wp-json\/wp\/v2\/tags?post=85957"}],"curies":[{"name":"wp","href":"https:\/\/api.w.org\/{rel}","templated":true}]}}