{"id":85968,"date":"2018-12-25T16:42:21","date_gmt":"2018-12-25T19:42:21","guid":{"rendered":"http:\/\/www.hoymercedes.com.ar\/principal\/?p=85968"},"modified":"2018-12-25T16:42:30","modified_gmt":"2018-12-25T19:42:30","slug":"culebras-cerro-el-2018-como-campeon","status":"publish","type":"post","link":"https:\/\/www.hoymercedes.com.ar\/principal\/2018\/12\/25\/culebras-cerro-el-2018-como-campeon\/","title":{"rendered":"Culebras cerr\u00f3 el 2018 como campe\u00f3n"},"content":{"rendered":"\n<p><strong>La dupla\nt\u00e9cnica conformada por Carlos Otamendi y Roberto Conte llev\u00f3 a sus dirigidos a\nlo m\u00e1s alto del complejo de la Asociaci\u00f3n de Judiciales Bonaerenses.<\/strong><\/p>\n\n\n\n<figure class=\"wp-block-image\"><img loading=\"lazy\" decoding=\"async\" width=\"1024\" height=\"542\" data-attachment-id=\"85969\" data-permalink=\"https:\/\/www.hoymercedes.com.ar\/principal\/2018\/12\/25\/culebras-cerro-el-2018-como-campeon\/campeon-jpg\/#main\" data-orig-file=\"https:\/\/www.hoymercedes.com.ar\/principal\/wp-content\/uploads\/2018\/12\/CAMPEON.JPG.jpg\" data-orig-size=\"2339,1237\" data-comments-opened=\"0\" data-image-meta=\"{&quot;aperture&quot;:&quot;0&quot;,&quot;credit&quot;:&quot;&quot;,&quot;camera&quot;:&quot;&quot;,&quot;caption&quot;:&quot;&quot;,&quot;created_timestamp&quot;:&quot;0&quot;,&quot;copyright&quot;:&quot;&quot;,&quot;focal_length&quot;:&quot;0&quot;,&quot;iso&quot;:&quot;0&quot;,&quot;shutter_speed&quot;:&quot;0&quot;,&quot;title&quot;:&quot;&quot;,&quot;orientation&quot;:&quot;1&quot;}\" data-image-title=\"CAMPEON.JPG\" data-image-description=\"\" data-image-caption=\"\" data-large-file=\"https:\/\/www.hoymercedes.com.ar\/principal\/wp-content\/uploads\/2018\/12\/CAMPEON.JPG-1024x542.jpg\" src=\"https:\/\/www.hoymercedes.com.ar\/principal\/wp-content\/uploads\/2018\/12\/CAMPEON.JPG-1024x542.jpg\" alt=\"\" class=\"wp-image-85969\" srcset=\"https:\/\/www.hoymercedes.com.ar\/principal\/wp-content\/uploads\/2018\/12\/CAMPEON.JPG-1024x542.jpg 1024w, https:\/\/www.hoymercedes.com.ar\/principal\/wp-content\/uploads\/2018\/12\/CAMPEON.JPG-150x79.jpg 150w, https:\/\/www.hoymercedes.com.ar\/principal\/wp-content\/uploads\/2018\/12\/CAMPEON.JPG-630x333.jpg 630w\" sizes=\"auto, (max-width: 1024px) 100vw, 1024px\" \/><\/figure>\n\n\n\n<p>En una jornada con demasiado calor, igualmente el f\u00fatbol fue\nel principal protagonista en el mencionado predio. Desde las 13.30 se\ncomenzaron a disputar los encuentros pactados. Se ve\u00eda venir una vibrante\ndefinici\u00f3n para conocer a un nuevo poseedor del trofeo del primer lugar. 3\nequipos llegaron con chances matem\u00e1ticas de coronarse. A medida de que los\nenfrentamientos transcurr\u00edan, los candidatos se alternaban, pero finalmente un\nsolo plantel pudo gritar campe\u00f3n.<\/p>\n\n\n\n<p><strong>Culebras\nvolvi\u00f3 a ser el rey<\/strong><\/p>\n\n\n\n<p>Los vestidos de camiseta azul con vivos blancos lograron la\nhaza\u00f1a y luego del tiempo pactado de juego desataron los festejos. Se midieron\nante Estudio Jur\u00eddico Calabria y a falta de pocos minutos para el final del\nduelo el marcador estaba uno a uno. Una falta dentro del \u00e1rea de Calabria le\npermiti\u00f3 al \u201c10\u201d de Culebras, N\u00e9stor Lescano, transformar el tiro penal en gol,\ny poner a su conjunto dos a uno arriba. El tanteador final fue tres a uno para\nCulebras, con el Hat-Trick de Lescano.<\/p>\n\n\n\n<figure class=\"wp-block-image\"><img loading=\"lazy\" decoding=\"async\" width=\"1024\" height=\"810\" data-attachment-id=\"85970\" data-permalink=\"https:\/\/www.hoymercedes.com.ar\/principal\/2018\/12\/25\/culebras-cerro-el-2018-como-campeon\/goleador-jpg\/#main\" data-orig-file=\"https:\/\/www.hoymercedes.com.ar\/principal\/wp-content\/uploads\/2018\/12\/GOLEADOR.JPG.jpg\" data-orig-size=\"3576,2828\" data-comments-opened=\"0\" data-image-meta=\"{&quot;aperture&quot;:&quot;0&quot;,&quot;credit&quot;:&quot;&quot;,&quot;camera&quot;:&quot;&quot;,&quot;caption&quot;:&quot;&quot;,&quot;created_timestamp&quot;:&quot;0&quot;,&quot;copyright&quot;:&quot;&quot;,&quot;focal_length&quot;:&quot;0&quot;,&quot;iso&quot;:&quot;0&quot;,&quot;shutter_speed&quot;:&quot;0&quot;,&quot;title&quot;:&quot;&quot;,&quot;orientation&quot;:&quot;1&quot;}\" data-image-title=\"GOLEADOR.JPG\" data-image-description=\"\" data-image-caption=\"\" data-large-file=\"https:\/\/www.hoymercedes.com.ar\/principal\/wp-content\/uploads\/2018\/12\/GOLEADOR.JPG-1024x810.jpg\" src=\"https:\/\/www.hoymercedes.com.ar\/principal\/wp-content\/uploads\/2018\/12\/GOLEADOR.JPG-1024x810.jpg\" alt=\"\" class=\"wp-image-85970\" srcset=\"https:\/\/www.hoymercedes.com.ar\/principal\/wp-content\/uploads\/2018\/12\/GOLEADOR.JPG-1024x810.jpg 1024w, https:\/\/www.hoymercedes.com.ar\/principal\/wp-content\/uploads\/2018\/12\/GOLEADOR.JPG-150x119.jpg 150w, https:\/\/www.hoymercedes.com.ar\/principal\/wp-content\/uploads\/2018\/12\/GOLEADOR.JPG-630x498.jpg 630w\" sizes=\"auto, (max-width: 1024px) 100vw, 1024px\" \/><\/figure>\n\n\n\n<p>Por otra parte, los que se quedaron las ganas de levantar la\ncopa fueron Aib &amp; F\u00fatbol del \u201cTurco\u201d Bacri y El Porvenir-Restaurante El\nPrado. En primera instancia, Aib &amp; F\u00fatbol cay\u00f3 derrotado cuatro a dos\nfrente a una de las revelaciones del certamen, Carnicer\u00eda Pisoni. El\nPorvenir-Restaurante El Prado cumpli\u00f3 con el deber, consigui\u00f3 las benditas tres\nunidades, y estuvo a pocos minutos de celebrar; tuvo que enfrentarse contra\nDistribuidora Herrero-Frutas Rosello, y lo venci\u00f3 cuatro a cero.<\/p>\n\n\n\n<figure class=\"wp-block-image\"><img loading=\"lazy\" decoding=\"async\" width=\"782\" height=\"1024\" data-attachment-id=\"85971\" data-permalink=\"https:\/\/www.hoymercedes.com.ar\/principal\/2018\/12\/25\/culebras-cerro-el-2018-como-campeon\/aib-jpg\/#main\" data-orig-file=\"https:\/\/www.hoymercedes.com.ar\/principal\/wp-content\/uploads\/2018\/12\/AIB.JPG.jpg\" data-orig-size=\"2283,2988\" data-comments-opened=\"0\" data-image-meta=\"{&quot;aperture&quot;:&quot;0&quot;,&quot;credit&quot;:&quot;&quot;,&quot;camera&quot;:&quot;&quot;,&quot;caption&quot;:&quot;&quot;,&quot;created_timestamp&quot;:&quot;0&quot;,&quot;copyright&quot;:&quot;&quot;,&quot;focal_length&quot;:&quot;0&quot;,&quot;iso&quot;:&quot;0&quot;,&quot;shutter_speed&quot;:&quot;0&quot;,&quot;title&quot;:&quot;&quot;,&quot;orientation&quot;:&quot;1&quot;}\" data-image-title=\"AIB.JPG\" data-image-description=\"\" data-image-caption=\"\" data-large-file=\"https:\/\/www.hoymercedes.com.ar\/principal\/wp-content\/uploads\/2018\/12\/AIB.JPG-782x1024.jpg\" src=\"https:\/\/www.hoymercedes.com.ar\/principal\/wp-content\/uploads\/2018\/12\/AIB.JPG-782x1024.jpg\" alt=\"\" class=\"wp-image-85971\" srcset=\"https:\/\/www.hoymercedes.com.ar\/principal\/wp-content\/uploads\/2018\/12\/AIB.JPG-782x1024.jpg 782w, https:\/\/www.hoymercedes.com.ar\/principal\/wp-content\/uploads\/2018\/12\/AIB.JPG-115x150.jpg 115w, https:\/\/www.hoymercedes.com.ar\/principal\/wp-content\/uploads\/2018\/12\/AIB.JPG-474x620.jpg 474w\" sizes=\"auto, (max-width: 782px) 100vw, 782px\" \/><\/figure>\n\n\n\n<p>En m\u00e1s partidos, Vidrios Mercedes cerr\u00f3 su participaci\u00f3n con\ngoleada seis a dos frente a la AJB Mercedes. En el match, la figura fue\nPatricio Bonamino con una performance impecable de cuatro goles. Los chicos de\nAmsaco culminaron quintos en la tabla de posiciones. Con un Hat-Trick de Mat\u00edas\nBranko, triunfaron ante Autoservicio Axel y Alex cinco a uno. Para finalizar\ncon la respectiva informaci\u00f3n, hay que decir que tambi\u00e9n estuvieron dentro del\nverde c\u00e9sped, Oveja Bar y Distribuidora Lud Marc. Oveja Bar se qued\u00f3 con la\nvictoria por dos a cero.<\/p>\n\n\n\n<p>Posteriormente a la acci\u00f3n futbol\u00edstica, se realiz\u00f3 la\nentrega de premios, los cuales fueron los siguientes:<\/p>\n\n\n\n<figure class=\"wp-block-image\"><img loading=\"lazy\" decoding=\"async\" width=\"1024\" height=\"795\" data-attachment-id=\"85972\" data-permalink=\"https:\/\/www.hoymercedes.com.ar\/principal\/2018\/12\/25\/culebras-cerro-el-2018-como-campeon\/dupla-tecnica-jpg\/#main\" data-orig-file=\"https:\/\/www.hoymercedes.com.ar\/principal\/wp-content\/uploads\/2018\/12\/DUPLA-TECNICA.JPG.jpg\" data-orig-size=\"3741,2906\" data-comments-opened=\"0\" data-image-meta=\"{&quot;aperture&quot;:&quot;0&quot;,&quot;credit&quot;:&quot;&quot;,&quot;camera&quot;:&quot;&quot;,&quot;caption&quot;:&quot;&quot;,&quot;created_timestamp&quot;:&quot;0&quot;,&quot;copyright&quot;:&quot;&quot;,&quot;focal_length&quot;:&quot;0&quot;,&quot;iso&quot;:&quot;0&quot;,&quot;shutter_speed&quot;:&quot;0&quot;,&quot;title&quot;:&quot;&quot;,&quot;orientation&quot;:&quot;1&quot;}\" data-image-title=\"DUPLA TECNICA.JPG\" data-image-description=\"\" data-image-caption=\"\" data-large-file=\"https:\/\/www.hoymercedes.com.ar\/principal\/wp-content\/uploads\/2018\/12\/DUPLA-TECNICA.JPG-1024x795.jpg\" src=\"https:\/\/www.hoymercedes.com.ar\/principal\/wp-content\/uploads\/2018\/12\/DUPLA-TECNICA.JPG-1024x795.jpg\" alt=\"\" class=\"wp-image-85972\" srcset=\"https:\/\/www.hoymercedes.com.ar\/principal\/wp-content\/uploads\/2018\/12\/DUPLA-TECNICA.JPG-1024x795.jpg 1024w, https:\/\/www.hoymercedes.com.ar\/principal\/wp-content\/uploads\/2018\/12\/DUPLA-TECNICA.JPG-150x117.jpg 150w, https:\/\/www.hoymercedes.com.ar\/principal\/wp-content\/uploads\/2018\/12\/DUPLA-TECNICA.JPG-630x489.jpg 630w\" sizes=\"auto, (max-width: 1024px) 100vw, 1024px\" \/><\/figure>\n\n\n\n<p>Valla menos vencida: Culebras (Eduardo Z\u00e1rate\/Axel Icardi)<\/p>\n\n\n\n<p>Goleador: M\u00e1ximo Cazenave (12 goles\/Autoservicio Axel y Alex)<\/p>\n\n\n\n<p>3\u00b0 puesto: AIB &amp; F\u00fatbol<\/p>\n\n\n\n<p>2\u00b0 puesto: El Porvenir-Restaurante El Prado<\/p>\n\n\n\n<p>1\u00b0 puesto: Culebras<\/p>\n\n\n\n<p>La misma fue concretada por el organizador del campeonato,\nHern\u00e1n Barletta junto a colaboradores de la Asociaci\u00f3n de Judiciales\nBonaerenses. Pr\u00f3ximamente se pondr\u00e1 en marcha el torneo de verano.<\/p>\n\n\n\n<figure class=\"wp-block-image\"><img loading=\"lazy\" decoding=\"async\" width=\"555\" height=\"1024\" data-attachment-id=\"85973\" data-permalink=\"https:\/\/www.hoymercedes.com.ar\/principal\/2018\/12\/25\/culebras-cerro-el-2018-como-campeon\/lescano-jpg\/#main\" data-orig-file=\"https:\/\/www.hoymercedes.com.ar\/principal\/wp-content\/uploads\/2018\/12\/LESCANO.JPG.jpg\" data-orig-size=\"2136,3939\" data-comments-opened=\"0\" data-image-meta=\"{&quot;aperture&quot;:&quot;0&quot;,&quot;credit&quot;:&quot;&quot;,&quot;camera&quot;:&quot;&quot;,&quot;caption&quot;:&quot;&quot;,&quot;created_timestamp&quot;:&quot;0&quot;,&quot;copyright&quot;:&quot;&quot;,&quot;focal_length&quot;:&quot;0&quot;,&quot;iso&quot;:&quot;0&quot;,&quot;shutter_speed&quot;:&quot;0&quot;,&quot;title&quot;:&quot;&quot;,&quot;orientation&quot;:&quot;1&quot;}\" data-image-title=\"LESCANO.JPG\" data-image-description=\"\" data-image-caption=\"\" data-large-file=\"https:\/\/www.hoymercedes.com.ar\/principal\/wp-content\/uploads\/2018\/12\/LESCANO.JPG-555x1024.jpg\" src=\"https:\/\/www.hoymercedes.com.ar\/principal\/wp-content\/uploads\/2018\/12\/LESCANO.JPG-555x1024.jpg\" alt=\"\" class=\"wp-image-85973\" srcset=\"https:\/\/www.hoymercedes.com.ar\/principal\/wp-content\/uploads\/2018\/12\/LESCANO.JPG-555x1024.jpg 555w, https:\/\/www.hoymercedes.com.ar\/principal\/wp-content\/uploads\/2018\/12\/LESCANO.JPG-81x150.jpg 81w, https:\/\/www.hoymercedes.com.ar\/principal\/wp-content\/uploads\/2018\/12\/LESCANO.JPG-336x620.jpg 336w\" sizes=\"auto, (max-width: 555px) 100vw, 555px\" \/><\/figure>\n\n\n\n<p><strong>Resultados\ncompletos:<\/strong><\/p>\n\n\n\n<p>Culebras: 3 (N\u00e9stor Lescano)<\/p>\n\n\n\n<p>Estudio Jur\u00eddico Calabria: 1 (Rodrigo Gauna)<\/p>\n\n\n\n<p>Vidrios Mercedes: 6 (Juan Ignacio Montenegro, Marcos\nAngelucci, Patricio Bonamino 4)<\/p>\n\n\n\n<p>AJB Mercedes: 2 (Ezequiel Ivaldis 2)<\/p>\n\n\n\n<p>Autoservicio Axel y Alex: 1 (M\u00e1ximo Cazenave)<\/p>\n\n\n\n<p>Amsaco: 5 (Mat\u00edas Branko 3, Dami\u00e1n Ortola, Francisco\nBasualdo)<\/p>\n\n\n\n<p>Oveja Bar: 2 (Patricio Spaletti, Dante Carretero)<\/p>\n\n\n\n<p>Distribuidora Lud Marc: 0<\/p>\n\n\n\n<p>Carnicer\u00eda Pisoni: 4 (Leandro Ram\u00edrez 2, Maximiliano Lucero,\nCarlos Zuleta)<\/p>\n\n\n\n<p>AIB &amp; F\u00fatbol: 2(Tom\u00e1s Aristi, Federico Boragno)<\/p>\n\n\n\n<p>Distribuidora Herrero-Frutas Rosello: 0<\/p>\n\n\n\n<p>El Porvenir-Restaurante El Prado: 4 (Marcos Piccone 2 , Miguel Maldonado, Mauricio Pereyra)<\/p>\n\n\n\n<div class=\"wp-block-image\"><figure class=\"aligncenter\"><img loading=\"lazy\" decoding=\"async\" width=\"357\" height=\"361\" data-attachment-id=\"85975\" data-permalink=\"https:\/\/www.hoymercedes.com.ar\/principal\/2018\/12\/25\/culebras-cerro-el-2018-como-campeon\/fecha-final-ajb-jpg\/#main\" data-orig-file=\"https:\/\/www.hoymercedes.com.ar\/principal\/wp-content\/uploads\/2018\/12\/FECHA-FINAL-AJB.-JPG.png\" data-orig-size=\"357,361\" data-comments-opened=\"0\" data-image-meta=\"{&quot;aperture&quot;:&quot;0&quot;,&quot;credit&quot;:&quot;&quot;,&quot;camera&quot;:&quot;&quot;,&quot;caption&quot;:&quot;&quot;,&quot;created_timestamp&quot;:&quot;0&quot;,&quot;copyright&quot;:&quot;&quot;,&quot;focal_length&quot;:&quot;0&quot;,&quot;iso&quot;:&quot;0&quot;,&quot;shutter_speed&quot;:&quot;0&quot;,&quot;title&quot;:&quot;&quot;,&quot;orientation&quot;:&quot;0&quot;}\" data-image-title=\"FECHA FINAL AJB. JPG\" data-image-description=\"\" data-image-caption=\"\" data-large-file=\"https:\/\/www.hoymercedes.com.ar\/principal\/wp-content\/uploads\/2018\/12\/FECHA-FINAL-AJB.-JPG.png\" src=\"https:\/\/www.hoymercedes.com.ar\/principal\/wp-content\/uploads\/2018\/12\/FECHA-FINAL-AJB.-JPG.png\" alt=\"\" class=\"wp-image-85975\" srcset=\"https:\/\/www.hoymercedes.com.ar\/principal\/wp-content\/uploads\/2018\/12\/FECHA-FINAL-AJB.-JPG.png 357w, https:\/\/www.hoymercedes.com.ar\/principal\/wp-content\/uploads\/2018\/12\/FECHA-FINAL-AJB.-JPG-148x150.png 148w\" sizes=\"auto, (max-width: 357px) 100vw, 357px\" \/><\/figure><\/div>\n","protected":false},"excerpt":{"rendered":"<p>La dupla t\u00e9cnica conformada por Carlos Otamendi y Roberto Conte llev\u00f3 a sus dirigidos a lo m\u00e1s alto del complejo &#8230; <a title=\"Culebras cerr\u00f3 el 2018 como campe\u00f3n\" class=\"read-more\" href=\"https:\/\/www.hoymercedes.com.ar\/principal\/2018\/12\/25\/culebras-cerro-el-2018-como-campeon\/\" aria-label=\"Leer m\u00e1s sobre Culebras cerr\u00f3 el 2018 como campe\u00f3n\">Leer m\u00e1s<\/a><\/p>\n","protected":false},"author":1,"featured_media":85974,"comment_status":"closed","ping_status":"open","sticky":false,"template":"","format":"standard","meta":{"_monsterinsights_skip_tracking":false,"_monsterinsights_sitenote_active":false,"_monsterinsights_sitenote_note":"","_monsterinsights_sitenote_category":0,"jetpack_post_was_ever_published":false,"_jetpack_newsletter_access":"","_jetpack_dont_email_post_to_subs":false,"_jetpack_newsletter_tier_id":0,"_jetpack_memberships_contains_paywalled_content":false,"_jetpack_memberships_contains_paid_content":false,"footnotes":"","jetpack_publicize_message":"","jetpack_publicize_feature_enabled":true,"jetpack_social_post_already_shared":true,"jetpack_social_options":{"image_generator_settings":{"template":"highway","default_image_id":0,"font":"","enabled":false},"version":2},"_wpas_customize_per_network":false},"categories":[21],"tags":[95,1003,14270],"class_list":["post-85968","post","type-post","status-publish","format-standard","has-post-thumbnail","hentry","category-deportes","tag-ajb","tag-futbol","tag-futbol-libre","generate-columns","tablet-grid-50","mobile-grid-100","grid-parent","grid-50"],"jetpack_publicize_connections":[],"jetpack_featured_media_url":"https:\/\/www.hoymercedes.com.ar\/principal\/wp-content\/uploads\/2018\/12\/CAMPEON.JPG-1.jpg","wps_subtitle":"Torneo AJB","jetpack_sharing_enabled":true,"_links":{"self":[{"href":"https:\/\/www.hoymercedes.com.ar\/principal\/wp-json\/wp\/v2\/posts\/85968","targetHints":{"allow":["GET"]}}],"collection":[{"href":"https:\/\/www.hoymercedes.com.ar\/principal\/wp-json\/wp\/v2\/posts"}],"about":[{"href":"https:\/\/www.hoymercedes.com.ar\/principal\/wp-json\/wp\/v2\/types\/post"}],"author":[{"embeddable":true,"href":"https:\/\/www.hoymercedes.com.ar\/principal\/wp-json\/wp\/v2\/users\/1"}],"replies":[{"embeddable":true,"href":"https:\/\/www.hoymercedes.com.ar\/principal\/wp-json\/wp\/v2\/comments?post=85968"}],"version-history":[{"count":0,"href":"https:\/\/www.hoymercedes.com.ar\/principal\/wp-json\/wp\/v2\/posts\/85968\/revisions"}],"wp:featuredmedia":[{"embeddable":true,"href":"https:\/\/www.hoymercedes.com.ar\/principal\/wp-json\/wp\/v2\/media\/85974"}],"wp:attachment":[{"href":"https:\/\/www.hoymercedes.com.ar\/principal\/wp-json\/wp\/v2\/media?parent=85968"}],"wp:term":[{"taxonomy":"category","embeddable":true,"href":"https:\/\/www.hoymercedes.com.ar\/principal\/wp-json\/wp\/v2\/categories?post=85968"},{"taxonomy":"post_tag","embeddable":true,"href":"https:\/\/www.hoymercedes.com.ar\/principal\/wp-json\/wp\/v2\/tags?post=85968"}],"curies":[{"name":"wp","href":"https:\/\/api.w.org\/{rel}","templated":true}]}}