{"id":85998,"date":"2018-12-26T08:19:16","date_gmt":"2018-12-26T11:19:16","guid":{"rendered":"http:\/\/www.hoymercedes.com.ar\/principal\/?p=85998"},"modified":"2018-12-26T19:37:47","modified_gmt":"2018-12-26T22:37:47","slug":"con-mejoras-hidricas-arrancara-la-obra-de-av-2","status":"publish","type":"post","link":"https:\/\/www.hoymercedes.com.ar\/principal\/2018\/12\/26\/con-mejoras-hidricas-arrancara-la-obra-de-av-2\/","title":{"rendered":"Con mejoras h\u00eddricas arrancar\u00e1 la obra de Av.2"},"content":{"rendered":"\n<figure class=\"wp-block-image\"><img loading=\"lazy\" decoding=\"async\" width=\"730\" height=\"485\" data-attachment-id=\"85999\" data-permalink=\"https:\/\/www.hoymercedes.com.ar\/principal\/2018\/12\/26\/con-mejoras-hidricas-arrancara-la-obra-de-av-2\/obrahidrica-avenida2\/#main\" data-orig-file=\"https:\/\/www.hoymercedes.com.ar\/principal\/wp-content\/uploads\/2018\/12\/obrahidrica-avenida2.jpg\" data-orig-size=\"730,485\" data-comments-opened=\"0\" data-image-meta=\"{&quot;aperture&quot;:&quot;9&quot;,&quot;credit&quot;:&quot;&quot;,&quot;camera&quot;:&quot;NIKON D3200&quot;,&quot;caption&quot;:&quot;&quot;,&quot;created_timestamp&quot;:&quot;1545410070&quot;,&quot;copyright&quot;:&quot;&quot;,&quot;focal_length&quot;:&quot;18&quot;,&quot;iso&quot;:&quot;100&quot;,&quot;shutter_speed&quot;:&quot;0.005&quot;,&quot;title&quot;:&quot;&quot;,&quot;orientation&quot;:&quot;0&quot;}\" data-image-title=\"obrahidrica-avenida2\" data-image-description=\"\" data-image-caption=\"\" data-large-file=\"https:\/\/www.hoymercedes.com.ar\/principal\/wp-content\/uploads\/2018\/12\/obrahidrica-avenida2.jpg\" src=\"https:\/\/www.hoymercedes.com.ar\/principal\/wp-content\/uploads\/2018\/12\/obrahidrica-avenida2.jpg\" alt=\"\" class=\"wp-image-85999\" srcset=\"https:\/\/www.hoymercedes.com.ar\/principal\/wp-content\/uploads\/2018\/12\/obrahidrica-avenida2.jpg 730w, https:\/\/www.hoymercedes.com.ar\/principal\/wp-content\/uploads\/2018\/12\/obrahidrica-avenida2-150x100.jpg 150w, https:\/\/www.hoymercedes.com.ar\/principal\/wp-content\/uploads\/2018\/12\/obrahidrica-avenida2-630x419.jpg 630w\" sizes=\"auto, (max-width: 730px) 100vw, 730px\" \/><\/figure>\n\n\n\n<p>El inicio de la\nobra de repavimentaci\u00f3n y puesta en valor de la Avenida 2 a instancias del\nMunicipio de Mercedes tras una licitaci\u00f3n p\u00fablica efectuada luego de conocerse\nla negativa del gobierno nacional de efectuar la misma ser\u00e1 a trav\u00e9s de obras\nh\u00eddricas, para posteriormente avanzar con mejoras en el pavimento, forestaci\u00f3n,\nluminaria y bicisenda. <\/p>\n\n\n\n<p>En la semana que\npas\u00f3 se pudo observar la descarga de ca\u00f1os y materiales, la colocaci\u00f3n de\ncarteler\u00eda y que \u201cestos ca\u00f1os ya preparados conformar\u00e1n el pluvial que unir\u00e1 la\ncalle 1 con la 5\u201d coment\u00f3 Mat\u00edas Dematei, jefe de gabinete, y a\u00f1adi\u00f3 que \u201cen la\nactualidad el mismo tiene un recorrido muy largo, por lo que entendemos, no\npermite el escurrimiento r\u00e1pido del agua. Con esta nueva diagramaci\u00f3n le\ndaremos una soluci\u00f3n a este tema\u201d expuso ante la prensa dando cuenta de\nacciones complementarias que dar\u00e1n mayor envergadura a la tarea.&nbsp; <\/p>\n\n\n\n<p>M\u00e1s adelante\nsostuvo que \u201cera algo que anhel\u00e1bamos todos los mercedinos\u201d y que \u201cel\nintendente Ustarroz luego de haber cumplimentado todos los pasos\ncorrespondientes ante el Estado Nacional, que es qui\u00e9n se tendr\u00eda que haber\nhecho cargo de la obra, y por la falta de respuestas, tom\u00f3 la determinaci\u00f3n de\nefectuar la obra con fondos totalmente propios\u201d destacando que \u201centendemos\nadem\u00e1s la peligrosidad que hoy en d\u00eda esta avenida infiere, tanto a los vecinos\ncomo a todos aquellos que llegan a la ciudad, por la p\u00e9sima condici\u00f3n en la que\nse encuentra, es as\u00ed que entendemos desde la comuna que esta obra no pod\u00eda\nesperar\u201d defini\u00f3.<\/p>\n\n\n\n<p>La obra incluir\u00e1, adem\u00e1s del pavimento y la mencionada mejora h\u00eddrica, forestaci\u00f3n desde el plan integral concebido junto al equipo de Carlos Thays, nueva luminaria led, bicisenda y embellecimiento, tal como se observ\u00f3 en avenida 40, destacaron. <\/p>\n","protected":false},"excerpt":{"rendered":"<p>El inicio de la obra de repavimentaci\u00f3n y puesta en valor de la Avenida 2 a instancias del Municipio de &#8230; <a title=\"Con mejoras h\u00eddricas arrancar\u00e1 la obra de Av.2\" class=\"read-more\" href=\"https:\/\/www.hoymercedes.com.ar\/principal\/2018\/12\/26\/con-mejoras-hidricas-arrancara-la-obra-de-av-2\/\" aria-label=\"Leer m\u00e1s sobre Con mejoras h\u00eddricas arrancar\u00e1 la obra de Av.2\">Leer m\u00e1s<\/a><\/p>\n","protected":false},"author":1,"featured_media":85999,"comment_status":"closed","ping_status":"open","sticky":false,"template":"","format":"standard","meta":{"_monsterinsights_skip_tracking":false,"_monsterinsights_sitenote_active":false,"_monsterinsights_sitenote_note":"","_monsterinsights_sitenote_category":0,"jetpack_post_was_ever_published":false,"_jetpack_newsletter_access":"","_jetpack_dont_email_post_to_subs":false,"_jetpack_newsletter_tier_id":0,"_jetpack_memberships_contains_paywalled_content":false,"_jetpack_memberships_contains_paid_content":false,"footnotes":"","jetpack_publicize_message":"","jetpack_publicize_feature_enabled":true,"jetpack_social_post_already_shared":true,"jetpack_social_options":{"image_generator_settings":{"template":"highway","default_image_id":0,"font":"","enabled":false},"version":2},"_wpas_customize_per_network":false},"categories":[30],"tags":[11636,244,1014,424],"class_list":["post-85998","post","type-post","status-publish","format-standard","has-post-thumbnail","hentry","category-municipio","tag-avenida-2","tag-municipio-2","tag-obras","tag-ustarroz","generate-columns","tablet-grid-50","mobile-grid-100","grid-parent","grid-50"],"jetpack_publicize_connections":[],"jetpack_featured_media_url":"https:\/\/www.hoymercedes.com.ar\/principal\/wp-content\/uploads\/2018\/12\/obrahidrica-avenida2.jpg","wps_subtitle":"Obra p\u00fablica Mercedes","jetpack_sharing_enabled":true,"_links":{"self":[{"href":"https:\/\/www.hoymercedes.com.ar\/principal\/wp-json\/wp\/v2\/posts\/85998","targetHints":{"allow":["GET"]}}],"collection":[{"href":"https:\/\/www.hoymercedes.com.ar\/principal\/wp-json\/wp\/v2\/posts"}],"about":[{"href":"https:\/\/www.hoymercedes.com.ar\/principal\/wp-json\/wp\/v2\/types\/post"}],"author":[{"embeddable":true,"href":"https:\/\/www.hoymercedes.com.ar\/principal\/wp-json\/wp\/v2\/users\/1"}],"replies":[{"embeddable":true,"href":"https:\/\/www.hoymercedes.com.ar\/principal\/wp-json\/wp\/v2\/comments?post=85998"}],"version-history":[{"count":0,"href":"https:\/\/www.hoymercedes.com.ar\/principal\/wp-json\/wp\/v2\/posts\/85998\/revisions"}],"wp:featuredmedia":[{"embeddable":true,"href":"https:\/\/www.hoymercedes.com.ar\/principal\/wp-json\/wp\/v2\/media\/85999"}],"wp:attachment":[{"href":"https:\/\/www.hoymercedes.com.ar\/principal\/wp-json\/wp\/v2\/media?parent=85998"}],"wp:term":[{"taxonomy":"category","embeddable":true,"href":"https:\/\/www.hoymercedes.com.ar\/principal\/wp-json\/wp\/v2\/categories?post=85998"},{"taxonomy":"post_tag","embeddable":true,"href":"https:\/\/www.hoymercedes.com.ar\/principal\/wp-json\/wp\/v2\/tags?post=85998"}],"curies":[{"name":"wp","href":"https:\/\/api.w.org\/{rel}","templated":true}]}}