{"id":8601,"date":"2011-10-24T15:53:42","date_gmt":"2011-10-24T15:53:42","guid":{"rendered":"http:\/\/www.hoymercedes.com.ar\/principal\/?p=8601"},"modified":"2011-10-24T15:53:42","modified_gmt":"2011-10-24T15:53:42","slug":"datos-oficiales-selva-40-01-y-15-676-votos-ustarroz-37-49-y-14-329-votos","status":"publish","type":"post","link":"https:\/\/www.hoymercedes.com.ar\/principal\/2011\/10\/24\/datos-oficiales-selva-40-01-y-15-676-votos-ustarroz-37-49-y-14-329-votos\/","title":{"rendered":"Datos oficiales: Selva 40.01% y 15.676 votos. Ustarroz: 37.49% y 14.329 votos"},"content":{"rendered":"<p>Comienzan a conocerse los datos oficiales de la elecci\u00f3n del pasado domingo donde Mercedes vivi\u00f3 una polarizaci\u00f3n y una campa\u00f1a hist\u00f3ricas.<\/p>\n<p>La polarizaci\u00f3n llev\u00f3 a que dos candidatos dentro de un mismo espacio de gobierno consigan la mayor\u00eda de los votos y todos los puestos en juego: 9 concejales, 3 consejeros escolare y claramente la intendencia.<\/p>\n<p>La situci\u00f3n en principio no gener\u00f3 las dudas que se dispararon luego de las primarias donde las planillas hab\u00edan sido puesto en tela de juicio. En esta ocasi\u00f3n los reconomientos de resultados fue relativamente r\u00e1pido.<\/p>\n<p>Los datos oficiales dan cuenta de lo siguiente:<\/p>\n<p><span style=\"color: #ff0000;\"><strong>Carlos Selva &#8211; 15.676 votos &#8211; 41.01% &#8211; \u00a0Frente para la victoria<\/strong><\/span><\/p>\n<p><span style=\"color: #003366;\"><strong>Juan Ustarroz &#8211; 14.329 votos &#8211; 37.49% &#8211; Frente social de la Pcia de Bs As<\/strong><\/span><\/p>\n<p><span style=\"color: #ff0000;\"><strong>Juan M. Torres &#8211; 1883 votos &#8211; 4.93% &#8211; Alianza\u00a0Uni\u00f3n\u00a0para el Desarrollo Social<\/strong><\/span><\/p>\n<p><span style=\"color: #003366;\"><strong>Juan C. Ben\u00edtez &#8211; 1680 votos &#8211; 4.40% &#8211; Alianza Frente Popular<\/strong><\/span><\/p>\n<p><strong><span style=\"color: #ff0000;\">Lu\u00eds Colao<\/span> <span style=\"color: #ff0000;\">&#8211; 1600 votos &#8211; 4.14% &#8211; Frente Amplio Progresista<\/span><\/strong><\/p>\n<p><span style=\"color: #003366;\"><strong>Jos\u00e9 Cestari &#8211; 1278 &#8211; 3.34% &#8211; Coalici\u00f3n C\u00edvica<\/strong><\/span><\/p>\n<p><strong><span style=\"color: #ff0000;\">Sergio Resqu\u00edn<\/span> <span style=\"color: #ff0000;\">&#8211; 912 votos &#8211; Frente de Izquierda de los Trabajadores<\/span><\/strong><\/p>\n<p><span style=\"color: #003366;\"><strong>Gabriel \u00c1lvares &#8211; 863 votos &#8211; Compromiso Federal\u00a0<\/strong><\/span><\/p>\n<p>&nbsp;<\/p>\n","protected":false},"excerpt":{"rendered":"<p>Comienzan a conocerse los datos oficiales de la elecci\u00f3n del pasado domingo donde Mercedes vivi\u00f3 una polarizaci\u00f3n y una campa\u00f1a &#8230; <a title=\"Datos oficiales: Selva 40.01% y 15.676 votos. Ustarroz: 37.49% y 14.329 votos\" class=\"read-more\" href=\"https:\/\/www.hoymercedes.com.ar\/principal\/2011\/10\/24\/datos-oficiales-selva-40-01-y-15-676-votos-ustarroz-37-49-y-14-329-votos\/\" aria-label=\"Leer m\u00e1s sobre Datos oficiales: Selva 40.01% y 15.676 votos. Ustarroz: 37.49% y 14.329 votos\">Leer m\u00e1s<\/a><\/p>\n","protected":false},"author":1,"featured_media":0,"comment_status":"open","ping_status":"open","sticky":false,"template":"","format":"standard","meta":{"_monsterinsights_skip_tracking":false,"_monsterinsights_sitenote_active":false,"_monsterinsights_sitenote_note":"","_monsterinsights_sitenote_category":0,"jetpack_post_was_ever_published":false,"_jetpack_newsletter_access":"","_jetpack_dont_email_post_to_subs":false,"_jetpack_newsletter_tier_id":0,"_jetpack_memberships_contains_paywalled_content":false,"_jetpack_memberships_contains_paid_content":false,"footnotes":"","jetpack_publicize_message":"","jetpack_publicize_feature_enabled":true,"jetpack_social_post_already_shared":false,"jetpack_social_options":{"image_generator_settings":{"template":"highway","default_image_id":0,"font":"","enabled":false},"version":2},"_wpas_customize_per_network":false},"categories":[5],"tags":[1506],"class_list":["post-8601","post","type-post","status-publish","format-standard","hentry","category-politica","tag-datos-elecciones-2011","generate-columns","tablet-grid-50","mobile-grid-100","grid-parent","grid-50"],"jetpack_publicize_connections":[],"jetpack_featured_media_url":"","wps_subtitle":"","jetpack_sharing_enabled":true,"_links":{"self":[{"href":"https:\/\/www.hoymercedes.com.ar\/principal\/wp-json\/wp\/v2\/posts\/8601","targetHints":{"allow":["GET"]}}],"collection":[{"href":"https:\/\/www.hoymercedes.com.ar\/principal\/wp-json\/wp\/v2\/posts"}],"about":[{"href":"https:\/\/www.hoymercedes.com.ar\/principal\/wp-json\/wp\/v2\/types\/post"}],"author":[{"embeddable":true,"href":"https:\/\/www.hoymercedes.com.ar\/principal\/wp-json\/wp\/v2\/users\/1"}],"replies":[{"embeddable":true,"href":"https:\/\/www.hoymercedes.com.ar\/principal\/wp-json\/wp\/v2\/comments?post=8601"}],"version-history":[{"count":0,"href":"https:\/\/www.hoymercedes.com.ar\/principal\/wp-json\/wp\/v2\/posts\/8601\/revisions"}],"wp:attachment":[{"href":"https:\/\/www.hoymercedes.com.ar\/principal\/wp-json\/wp\/v2\/media?parent=8601"}],"wp:term":[{"taxonomy":"category","embeddable":true,"href":"https:\/\/www.hoymercedes.com.ar\/principal\/wp-json\/wp\/v2\/categories?post=8601"},{"taxonomy":"post_tag","embeddable":true,"href":"https:\/\/www.hoymercedes.com.ar\/principal\/wp-json\/wp\/v2\/tags?post=8601"}],"curies":[{"name":"wp","href":"https:\/\/api.w.org\/{rel}","templated":true}]}}