{"id":86043,"date":"2018-12-27T07:41:21","date_gmt":"2018-12-27T10:41:21","guid":{"rendered":"http:\/\/www.hoymercedes.com.ar\/principal\/?p=86043"},"modified":"2018-12-26T20:59:33","modified_gmt":"2018-12-26T23:59:33","slug":"el-equipo-ciudad-de-mercedes-clasifico-a-la-doble-bragado-2019","status":"publish","type":"post","link":"https:\/\/www.hoymercedes.com.ar\/principal\/2018\/12\/27\/el-equipo-ciudad-de-mercedes-clasifico-a-la-doble-bragado-2019\/","title":{"rendered":"El equipo \u00abCiudad de Mercedes\u00bb clasific\u00f3 a la Doble Bragado 2019"},"content":{"rendered":"\n<p>En la \u00faltima fecha del ranking rumbo a la Doble Bragado, Emiliano Trozzi se impuso en la Copa \u201cJorge Gaday\u201d corrida en el KDT de Palermo; el equipo de Chivilcoy lider\u00f3 c\u00f3modamente las posiciones generales y el Ciudad de Mercedes logr\u00f3 el objetivo de clasificar.<\/p>\n\n\n\n<figure class=\"wp-block-image\"><img loading=\"lazy\" decoding=\"async\" width=\"1024\" height=\"683\" data-attachment-id=\"86044\" data-permalink=\"https:\/\/www.hoymercedes.com.ar\/principal\/2018\/12\/27\/el-equipo-ciudad-de-mercedes-clasifico-a-la-doble-bragado-2019\/podio-copa-gaday\/#main\" data-orig-file=\"https:\/\/www.hoymercedes.com.ar\/principal\/wp-content\/uploads\/2018\/12\/Podio-Copa-Gaday.jpg\" data-orig-size=\"1728,1152\" data-comments-opened=\"0\" data-image-meta=\"{&quot;aperture&quot;:&quot;0&quot;,&quot;credit&quot;:&quot;&quot;,&quot;camera&quot;:&quot;&quot;,&quot;caption&quot;:&quot;&quot;,&quot;created_timestamp&quot;:&quot;0&quot;,&quot;copyright&quot;:&quot;&quot;,&quot;focal_length&quot;:&quot;0&quot;,&quot;iso&quot;:&quot;0&quot;,&quot;shutter_speed&quot;:&quot;0&quot;,&quot;title&quot;:&quot;&quot;,&quot;orientation&quot;:&quot;0&quot;}\" data-image-title=\"Podio Copa Gaday\" data-image-description=\"\" data-image-caption=\"\" data-large-file=\"https:\/\/www.hoymercedes.com.ar\/principal\/wp-content\/uploads\/2018\/12\/Podio-Copa-Gaday-1024x683.jpg\" src=\"https:\/\/www.hoymercedes.com.ar\/principal\/wp-content\/uploads\/2018\/12\/Podio-Copa-Gaday-1024x683.jpg\" alt=\"\" class=\"wp-image-86044\" srcset=\"https:\/\/www.hoymercedes.com.ar\/principal\/wp-content\/uploads\/2018\/12\/Podio-Copa-Gaday-1024x683.jpg 1024w, https:\/\/www.hoymercedes.com.ar\/principal\/wp-content\/uploads\/2018\/12\/Podio-Copa-Gaday-150x100.jpg 150w, https:\/\/www.hoymercedes.com.ar\/principal\/wp-content\/uploads\/2018\/12\/Podio-Copa-Gaday-630x420.jpg 630w, https:\/\/www.hoymercedes.com.ar\/principal\/wp-content\/uploads\/2018\/12\/Podio-Copa-Gaday.jpg 1728w\" sizes=\"auto, (max-width: 1024px) 100vw, 1024px\" \/><\/figure>\n\n\n\n<p>Emiliano Trozzi cruz\u00f3 primero la l\u00ednea de llegada y en el sprint super\u00f3 a Marcos M\u00e9ndez y Nahuel D\u2019Aquila, que fueron segundo y tercero. Ciudad de Chivilcoy adem\u00e1s, sum\u00f3 buena cantidad de puntos con el cuarto puesto conseguido por Sergio Fredes, y el noveno lugar de Nicol\u00e1s Benedetto. En la competencia preliminar, que fue para los Master \u201cA\u201d, el ganador fue Jorge Strauch de Lobos, completando el podio Roberto Tallarico de Ranchos en el segundo lugar y Lucas Rico de Mercedes en el tercero.<\/p>\n\n\n\n<p>Clasificaci\u00f3n Elite- Sub 23<\/p>\n\n\n\n<p>1\u00b0) Emiliano Trozzi (Ciudad de Chivilcoy)<\/p>\n\n\n\n<p>2\u00b0) Marcos M\u00e9ndez (Buenos Aires)<\/p>\n\n\n\n<p>3\u00b0) Nahuel D\u00e1quila (Mirasal)<\/p>\n\n\n\n<p>4\u00b0) Sergio Fredes (Ciudad de Chivilcoy)<\/p>\n\n\n\n<p>5\u00b0) Lucas Gaday (Cascos Naranja)<\/p>\n\n\n\n<p>6\u00b0) Ernesto Dostal (Ciudad de Mercedes)<\/p>\n\n\n\n<p>7\u00b0) Facundo Bassi (Cicles Imperio)<\/p>\n\n\n\n<p>8\u00b0) Claudio Flores (Carlos Casares)<\/p>\n\n\n\n<p>9\u00b0) Nicol\u00e1s Benedetto (Ciudad de Chivilcoy)<\/p>\n\n\n\n<p>10\u00b0) Tom\u00e1s Cuevas (Giant)<\/p>\n\n\n\n<p>11\u00b0) Augusto Deluchi (General Rodr\u00edguez)<\/p>\n\n\n\n<p>12\u00b0) Miguel Manso (Transporte El Sol)<\/p>\n\n\n\n<p>13\u00b0) Jes\u00fas Patalagoit\u00eda (Venado Tuerto)<\/p>\n\n\n\n<p>14\u00b0) Santiago Capio (Bragado)<\/p>\n\n\n\n<p>15\u00b0) Federico Ojeda (JEA Construcciones)<\/p>\n\n\n\n<p>Ranking final<\/p>\n\n\n\n<p>Con esta prueba corrida en el KDT de Palermo, finaliz\u00f3 el r\u00e1nking clasificatorio para la Doble Bragado 2019. La Cl\u00e1s\u00edca del Oeste tendr\u00e1 un cupo de 18 equipos participantes de 7 integrantes y cada equipo deber\u00e1 tener 1 ciclista de categor\u00eda Sub 23, no pudiendo ser Clase 2000. <\/p>\n\n\n\n<p>De los 18, 10 equipos avanzar\u00e1n desde el ranking y otros 8 ser\u00e1n invitados por la comisi\u00f3n directiva del Club Ciclista Naci\u00f3n. Finalizado el ranking cada equipo podr\u00e1 realizar una sola modificaci\u00f3n respecto del plantel que se inscribi\u00f3 para participar de la clasificaci\u00f3n. <\/p>\n\n\n\n<p>Los ciclistas que pertenecen a Equipos Continentales con licencia UCI s\u00f3lo podr\u00e1n participar dentro de sus equipos y no podr\u00e1n ser incorporados por ninguna otra formaci\u00f3n. Con los 10 equipos clasificados a partir de una serie de carreras, el Club Ciclista Naci\u00f3n invitar\u00e1 a otros ocho y all\u00ed ya se cursaron invitaciones para Mirasal, Shania, Expo Verde, Cerro Largo de Uruguay, Team Vivo de Paraguay, una formaci\u00f3n de Foz de Iguaz\u00fa (Brasil), un equipo de Chile y un posible conjunto de San Juan.<\/p>\n\n\n\n<p><strong>Master A<\/strong><br>1\u00b0 Jorge Strauch (Lobos).<br>2\u00b0 Roberto Tallarico (Ranhos).<br>3\u00b0 Lucas Rico (Mercedes).<\/p>\n\n\n\n<p><strong>Ranking<\/strong><br>1\u00ba Ciudad de Chivilcoy 1769 puntos Clasificado.<br>2\u00ba SAT 1229 \u00a0puntos Clasificado.<br>3\u00ba Ciudad de Pehuaj\u00f3 1053 puntos Clasificado.<br>4\u00ba Giant 897 puntos Clasificado.<br>5\u00ba Bragado Cicles Club 644 puntos Clasificado.<br><strong>6\u00ba\u00a0KTM\u00a0519 puntos Clasificado.<\/strong><br>7\u00ba Ciudad de Lan\u00fas 430 puntos Clasificado.<br><strong>8\u00ba\u00a0Ciudad de Mercedes\u00a0419 puntos Clasificado.<\/strong><br>9\u00ba Municipalidad de Carlos Casares 409 puntos Clasificado.<br>10\u00ba Transporte el Sol (9 de Julio) 358 puntos Clasificado.<br>11\u00ba Club Ciclista Bragado 347 puntos.<br>12\u00ba Cicles Imperio 318 puntos.<br>13\u00ba Aspor Jun\u00edn 213 puntos.<br><strong>14\u00ba JEA Construcciones 215 puntos.<\/strong><br>15\u00ba Pe\u00f1a Ciclista \u201cCalulo\u201d Anacoreto 114 puntos.<br>16\u00ba Cascos Naranja 73 puntos.<br>17\u00ba Ciudad de Col\u00f3n 62 puntos.<br>18\u00ba Expo Ladrillo \u2013 Buona Vita Sport 23 puntos.<br>19\u00ba Fulanos Ciudad de Villa Ca\u00f1as 21 puntos.<br>20\u00ba Bicicleter\u00eda Cyntia Elena Indubike 11 puntos.<\/p>\n","protected":false},"excerpt":{"rendered":"<p>En la \u00faltima fecha del ranking rumbo a la Doble Bragado, Emiliano Trozzi se impuso en la Copa \u201cJorge Gaday\u201d &#8230; <a title=\"El equipo \u00abCiudad de Mercedes\u00bb clasific\u00f3 a la Doble Bragado 2019\" class=\"read-more\" href=\"https:\/\/www.hoymercedes.com.ar\/principal\/2018\/12\/27\/el-equipo-ciudad-de-mercedes-clasifico-a-la-doble-bragado-2019\/\" aria-label=\"Leer m\u00e1s sobre El equipo \u00abCiudad de Mercedes\u00bb clasific\u00f3 a la Doble Bragado 2019\">Leer m\u00e1s<\/a><\/p>\n","protected":false},"author":1,"featured_media":86044,"comment_status":"closed","ping_status":"open","sticky":false,"template":"","format":"standard","meta":{"_monsterinsights_skip_tracking":false,"_monsterinsights_sitenote_active":false,"_monsterinsights_sitenote_note":"","_monsterinsights_sitenote_category":0,"jetpack_post_was_ever_published":false,"_jetpack_newsletter_access":"","_jetpack_dont_email_post_to_subs":false,"_jetpack_newsletter_tier_id":0,"_jetpack_memberships_contains_paywalled_content":false,"_jetpack_memberships_contains_paid_content":false,"footnotes":"","jetpack_publicize_message":"","jetpack_publicize_feature_enabled":true,"jetpack_social_post_already_shared":true,"jetpack_social_options":{"image_generator_settings":{"template":"highway","default_image_id":0,"font":"","enabled":false},"version":2},"_wpas_customize_per_network":false},"categories":[21],"tags":[],"class_list":["post-86043","post","type-post","status-publish","format-standard","has-post-thumbnail","hentry","category-deportes","generate-columns","tablet-grid-50","mobile-grid-100","grid-parent","grid-50"],"jetpack_publicize_connections":[],"jetpack_featured_media_url":"https:\/\/www.hoymercedes.com.ar\/principal\/wp-content\/uploads\/2018\/12\/Podio-Copa-Gaday.jpg","wps_subtitle":"Ciclismo","jetpack_sharing_enabled":true,"_links":{"self":[{"href":"https:\/\/www.hoymercedes.com.ar\/principal\/wp-json\/wp\/v2\/posts\/86043","targetHints":{"allow":["GET"]}}],"collection":[{"href":"https:\/\/www.hoymercedes.com.ar\/principal\/wp-json\/wp\/v2\/posts"}],"about":[{"href":"https:\/\/www.hoymercedes.com.ar\/principal\/wp-json\/wp\/v2\/types\/post"}],"author":[{"embeddable":true,"href":"https:\/\/www.hoymercedes.com.ar\/principal\/wp-json\/wp\/v2\/users\/1"}],"replies":[{"embeddable":true,"href":"https:\/\/www.hoymercedes.com.ar\/principal\/wp-json\/wp\/v2\/comments?post=86043"}],"version-history":[{"count":0,"href":"https:\/\/www.hoymercedes.com.ar\/principal\/wp-json\/wp\/v2\/posts\/86043\/revisions"}],"wp:featuredmedia":[{"embeddable":true,"href":"https:\/\/www.hoymercedes.com.ar\/principal\/wp-json\/wp\/v2\/media\/86044"}],"wp:attachment":[{"href":"https:\/\/www.hoymercedes.com.ar\/principal\/wp-json\/wp\/v2\/media?parent=86043"}],"wp:term":[{"taxonomy":"category","embeddable":true,"href":"https:\/\/www.hoymercedes.com.ar\/principal\/wp-json\/wp\/v2\/categories?post=86043"},{"taxonomy":"post_tag","embeddable":true,"href":"https:\/\/www.hoymercedes.com.ar\/principal\/wp-json\/wp\/v2\/tags?post=86043"}],"curies":[{"name":"wp","href":"https:\/\/api.w.org\/{rel}","templated":true}]}}