{"id":86048,"date":"2018-12-27T11:07:16","date_gmt":"2018-12-27T14:07:16","guid":{"rendered":"http:\/\/www.hoymercedes.com.ar\/principal\/?p=86048"},"modified":"2018-12-26T21:49:53","modified_gmt":"2018-12-27T00:49:53","slug":"santiago-sosa-jugara-el-sudamericano-de-chile-con-la-seleccion-sub-20","status":"publish","type":"post","link":"https:\/\/www.hoymercedes.com.ar\/principal\/2018\/12\/27\/santiago-sosa-jugara-el-sudamericano-de-chile-con-la-seleccion-sub-20\/","title":{"rendered":"Santiago Sosa jugar\u00e1 el Sudamericano de Chile con la Selecci\u00f3n Sub 20"},"content":{"rendered":"\n<p>A pocos d\u00edas de su nombramiento como entrenador de la<strong>&nbsp;selecci\u00f3n argentina Sub 20<\/strong>,&nbsp;<strong>Fernando Batist<\/strong>a ya entreg\u00f3 la lista definitiva de los 23 jugadores que disputar\u00e1n el&nbsp;<strong>torneo Sudamericano de Chile 2019<\/strong>. El flamante DT del equipo confirm\u00f3 qui\u00e9nes ser\u00e1n los j\u00f3venes futbolistas que representar\u00e1n al conjunto nacional en el certamen que se disputar\u00e1 del 17 al 10 de febrero.<\/p>\n\n\n\n<figure class=\"wp-block-image\"><img loading=\"lazy\" decoding=\"async\" width=\"679\" height=\"380\" data-attachment-id=\"86051\" data-permalink=\"https:\/\/www.hoymercedes.com.ar\/principal\/2018\/12\/27\/santiago-sosa-jugara-el-sudamericano-de-chile-con-la-seleccion-sub-20\/whatsapp-image-2018-12-22-at-15-22-10\/#main\" data-orig-file=\"https:\/\/www.hoymercedes.com.ar\/principal\/wp-content\/uploads\/2018\/12\/WhatsApp-Image-2018-12-22-at-15.22.10.jpeg\" data-orig-size=\"679,380\" data-comments-opened=\"0\" data-image-meta=\"{&quot;aperture&quot;:&quot;0&quot;,&quot;credit&quot;:&quot;&quot;,&quot;camera&quot;:&quot;&quot;,&quot;caption&quot;:&quot;&quot;,&quot;created_timestamp&quot;:&quot;0&quot;,&quot;copyright&quot;:&quot;&quot;,&quot;focal_length&quot;:&quot;0&quot;,&quot;iso&quot;:&quot;0&quot;,&quot;shutter_speed&quot;:&quot;0&quot;,&quot;title&quot;:&quot;&quot;,&quot;orientation&quot;:&quot;0&quot;}\" data-image-title=\"WhatsApp Image 2018-12-22 at 15.22.10\" data-image-description=\"\" data-image-caption=\"\" data-large-file=\"https:\/\/www.hoymercedes.com.ar\/principal\/wp-content\/uploads\/2018\/12\/WhatsApp-Image-2018-12-22-at-15.22.10.jpeg\" src=\"https:\/\/www.hoymercedes.com.ar\/principal\/wp-content\/uploads\/2018\/12\/WhatsApp-Image-2018-12-22-at-15.22.10.jpeg\" alt=\"\" class=\"wp-image-86051\" srcset=\"https:\/\/www.hoymercedes.com.ar\/principal\/wp-content\/uploads\/2018\/12\/WhatsApp-Image-2018-12-22-at-15.22.10.jpeg 679w, https:\/\/www.hoymercedes.com.ar\/principal\/wp-content\/uploads\/2018\/12\/WhatsApp-Image-2018-12-22-at-15.22.10-150x84.jpeg 150w, https:\/\/www.hoymercedes.com.ar\/principal\/wp-content\/uploads\/2018\/12\/WhatsApp-Image-2018-12-22-at-15.22.10-630x353.jpeg 630w\" sizes=\"auto, (max-width: 679px) 100vw, 679px\" \/><\/figure>\n\n\n\n<p>Entre los citados se destacan los nombres de algunos jugadores que, a pesar de su corta edad, ya tienen trayectoria en la Primera Divisi\u00f3n del f\u00fatbol argentino o, incluso, en el exterior. Tal es el caso de\u00a0<strong>Ezequiel Barco<\/strong>\u00a0(Atlanta United de la MLS),\u00a0<strong>Agust\u00edn Almendra<\/strong>\u00a0(Boca Juniors),\u00a0<strong>Juli\u00e1n \u00c1lvarez<\/strong>\u00a0(River Plate),\u00a0<strong>Pedro de la Vega<\/strong>\u00a0(Lan\u00fas) y\u00a0<strong>Adolfo Gaich<\/strong>\u00a0(San Lorenzo), entre otros.<\/p>\n\n\n\n<p>Esta semana,<strong>&nbsp;la Sub 20 estuvo realizando trabajos en el predio de la AFA de Ezeiza<\/strong>. Aunque no estuvieron todos los citados, el entrenador ya pudo ponerse en contacto con los futbolistas para comenzar a transmitir su idea de cara al certamen que se disputar\u00e1 en el pa\u00eds trasandino. En los pr\u00f3ximos d\u00edas se completar\u00e1 el plantel con la llegada, por ejemplo, de los jugadores de River que disputaron la final de la Copa Libertadores en Espa\u00f1a y el Mundial de Clubes en Emiratos \u00c1rabes.<\/p>\n\n\n\n<p>En el Sudamericano Argentina integrar\u00e1 el<strong>\u00a0Grupo B<\/strong>\u00a0junto a Uruguay, Paraguay, Ecuador y Per\u00fa. El debut del elenco \u00abAlbiceleste\u00bb ser\u00e1 el domingo 20 de enero, a las 17.10, ante el conjunto paraguayo en la sede de Curic\u00f3.<\/p>\n\n\n\n<div class=\"wp-block-image\"><figure class=\"aligncenter\"><img loading=\"lazy\" decoding=\"async\" width=\"499\" height=\"1024\" data-attachment-id=\"86050\" data-permalink=\"https:\/\/www.hoymercedes.com.ar\/principal\/2018\/12\/27\/santiago-sosa-jugara-el-sudamericano-de-chile-con-la-seleccion-sub-20\/sin-titulo-7\/#main\" data-orig-file=\"https:\/\/www.hoymercedes.com.ar\/principal\/wp-content\/uploads\/2018\/12\/Sin-t\u00edtulo-4.png\" data-orig-size=\"651,1337\" data-comments-opened=\"0\" data-image-meta=\"{&quot;aperture&quot;:&quot;0&quot;,&quot;credit&quot;:&quot;&quot;,&quot;camera&quot;:&quot;&quot;,&quot;caption&quot;:&quot;&quot;,&quot;created_timestamp&quot;:&quot;0&quot;,&quot;copyright&quot;:&quot;&quot;,&quot;focal_length&quot;:&quot;0&quot;,&quot;iso&quot;:&quot;0&quot;,&quot;shutter_speed&quot;:&quot;0&quot;,&quot;title&quot;:&quot;&quot;,&quot;orientation&quot;:&quot;0&quot;}\" data-image-title=\"Sin t\u00edtulo\" data-image-description=\"\" data-image-caption=\"\" data-large-file=\"https:\/\/www.hoymercedes.com.ar\/principal\/wp-content\/uploads\/2018\/12\/Sin-t\u00edtulo-4-499x1024.png\" src=\"https:\/\/www.hoymercedes.com.ar\/principal\/wp-content\/uploads\/2018\/12\/Sin-t\u00edtulo-4-499x1024.png\" alt=\"\" class=\"wp-image-86050\" srcset=\"https:\/\/www.hoymercedes.com.ar\/principal\/wp-content\/uploads\/2018\/12\/Sin-t\u00edtulo-4-499x1024.png 499w, https:\/\/www.hoymercedes.com.ar\/principal\/wp-content\/uploads\/2018\/12\/Sin-t\u00edtulo-4-73x150.png 73w, https:\/\/www.hoymercedes.com.ar\/principal\/wp-content\/uploads\/2018\/12\/Sin-t\u00edtulo-4-302x620.png 302w, https:\/\/www.hoymercedes.com.ar\/principal\/wp-content\/uploads\/2018\/12\/Sin-t\u00edtulo-4.png 651w\" sizes=\"auto, (max-width: 499px) 100vw, 499px\" \/><\/figure><\/div>\n","protected":false},"excerpt":{"rendered":"<p>A pocos d\u00edas de su nombramiento como entrenador de la&nbsp;selecci\u00f3n argentina Sub 20,&nbsp;Fernando Batista ya entreg\u00f3 la lista definitiva de &#8230; <a title=\"Santiago Sosa jugar\u00e1 el Sudamericano de Chile con la Selecci\u00f3n Sub 20\" class=\"read-more\" href=\"https:\/\/www.hoymercedes.com.ar\/principal\/2018\/12\/27\/santiago-sosa-jugara-el-sudamericano-de-chile-con-la-seleccion-sub-20\/\" aria-label=\"Leer m\u00e1s sobre Santiago Sosa jugar\u00e1 el Sudamericano de Chile con la Selecci\u00f3n Sub 20\">Leer m\u00e1s<\/a><\/p>\n","protected":false},"author":1,"featured_media":86051,"comment_status":"closed","ping_status":"open","sticky":false,"template":"","format":"standard","meta":{"_monsterinsights_skip_tracking":false,"_monsterinsights_sitenote_active":false,"_monsterinsights_sitenote_note":"","_monsterinsights_sitenote_category":0,"jetpack_post_was_ever_published":false,"_jetpack_newsletter_access":"","_jetpack_dont_email_post_to_subs":false,"_jetpack_newsletter_tier_id":0,"_jetpack_memberships_contains_paywalled_content":false,"_jetpack_memberships_contains_paid_content":false,"footnotes":"","jetpack_publicize_message":"","jetpack_publicize_feature_enabled":true,"jetpack_social_post_already_shared":true,"jetpack_social_options":{"image_generator_settings":{"template":"highway","default_image_id":0,"font":"","enabled":false},"version":2},"_wpas_customize_per_network":false},"categories":[21],"tags":[10696,12706],"class_list":["post-86048","post","type-post","status-publish","format-standard","has-post-thumbnail","hentry","category-deportes","tag-river-plate","tag-santiago-sosa","generate-columns","tablet-grid-50","mobile-grid-100","grid-parent","grid-50"],"jetpack_publicize_connections":[],"jetpack_featured_media_url":"https:\/\/www.hoymercedes.com.ar\/principal\/wp-content\/uploads\/2018\/12\/WhatsApp-Image-2018-12-22-at-15.22.10.jpeg","wps_subtitle":"La Legi\u00f3n","jetpack_sharing_enabled":true,"_links":{"self":[{"href":"https:\/\/www.hoymercedes.com.ar\/principal\/wp-json\/wp\/v2\/posts\/86048","targetHints":{"allow":["GET"]}}],"collection":[{"href":"https:\/\/www.hoymercedes.com.ar\/principal\/wp-json\/wp\/v2\/posts"}],"about":[{"href":"https:\/\/www.hoymercedes.com.ar\/principal\/wp-json\/wp\/v2\/types\/post"}],"author":[{"embeddable":true,"href":"https:\/\/www.hoymercedes.com.ar\/principal\/wp-json\/wp\/v2\/users\/1"}],"replies":[{"embeddable":true,"href":"https:\/\/www.hoymercedes.com.ar\/principal\/wp-json\/wp\/v2\/comments?post=86048"}],"version-history":[{"count":0,"href":"https:\/\/www.hoymercedes.com.ar\/principal\/wp-json\/wp\/v2\/posts\/86048\/revisions"}],"wp:featuredmedia":[{"embeddable":true,"href":"https:\/\/www.hoymercedes.com.ar\/principal\/wp-json\/wp\/v2\/media\/86051"}],"wp:attachment":[{"href":"https:\/\/www.hoymercedes.com.ar\/principal\/wp-json\/wp\/v2\/media?parent=86048"}],"wp:term":[{"taxonomy":"category","embeddable":true,"href":"https:\/\/www.hoymercedes.com.ar\/principal\/wp-json\/wp\/v2\/categories?post=86048"},{"taxonomy":"post_tag","embeddable":true,"href":"https:\/\/www.hoymercedes.com.ar\/principal\/wp-json\/wp\/v2\/tags?post=86048"}],"curies":[{"name":"wp","href":"https:\/\/api.w.org\/{rel}","templated":true}]}}