{"id":86087,"date":"2018-12-27T14:10:48","date_gmt":"2018-12-27T17:10:48","guid":{"rendered":"http:\/\/www.hoymercedes.com.ar\/principal\/?p=86087"},"modified":"2018-12-27T17:29:48","modified_gmt":"2018-12-27T20:29:48","slug":"anses-informo-fechas-de-cobro-de-enero","status":"publish","type":"post","link":"https:\/\/www.hoymercedes.com.ar\/principal\/2018\/12\/27\/anses-informo-fechas-de-cobro-de-enero\/","title":{"rendered":"Anses inform\u00f3 fechas de cobro de enero"},"content":{"rendered":"\n<p>El cronograma permite a jubilados, pensionados y titulares de Asignaci\u00f3n por Hijo y Embarazo conocer cu\u00e1ndo recibir\u00e1n su prestaci\u00f3n.\u00a0\u00a0<\/p>\n\n\n\n<p>En la secci\u00f3n&nbsp;<em>Accesos R\u00e1pidos<\/em>, opci\u00f3n&nbsp;<em>Calendario de pagos<\/em>&nbsp;de la pantalla principal de su sitio web,&nbsp;<a rel=\"noreferrer noopener\" target=\"_blank\" href=\"http:\/\/www.anses.gob.ar\/\">www.anses.gob.ar<\/a>, ANSES ya public\u00f3 el cronograma de cobro correspondiente a enero de 2019.&nbsp;<\/p>\n\n\n\n<p>De esta manera, los beneficiarios de jubilaciones, pensiones, Pensiones No Contributivas y Asignaci\u00f3n Universal por Hijo y por Embarazo tienen la posibilidad de agendarlos y tenerlos a mano para una consulta anticipada y m\u00e1s r\u00e1pida.\u00a0\u00a0<\/p>\n\n\n\n<ul class=\"wp-block-list\"><li>En pensiones no contributivas: documentos terminados en 0 y 1 el 3\/1\/2019; en 2 y 3 el 4\/01\/2019; en 4 y 5 el 7\/01\/2019; en 6 y 7 el 8\/01\/2019 y en 8 y 9 el 9\/01\/2019. <\/li><li>Jubilados y pensionados cuyos haberes no superen la suma mensual de $10.580: documentos terminados en 0 el 10\/01\/2019, en 1 el 11\/01\/2019; en 2 el 14\/01\/2019; en 3 el 15\/01\/2019; en 4 el 16\/01\/2019; en 5 el 17\/01\/2019; en 6 el 18\/01\/2019; en 7 el 21\/01\/2019; en 8 el 22\/01\/2019; y en 9 el 22\/01\/2019.<\/li><li>Jubilados y pensionados cuyos haberes superen la suma mensual de $10.580:  documentos terminados en 0 y 1 el 24\/1\/2019; en 2 y 3 el 25\/01\/2019; en 4 y 5 el 28\/01\/2019; en 6 y 7 el 29\/01\/2019 y en 8 y 9 el 30\/01\/2019.  <\/li><li>Asignaci\u00f3n Universal por Hijo y embarazo para Protecci\u00f3n Social:  <br>documentos terminados en 0 el 7\/01\/2019, en 1 el 8\/01\/2019; en 2 el 9\/01\/2019; en 3 el 10\/01\/2019; en 4 el 11\/01\/2019; en 5 el 14\/01\/2019; en 6 el 15\/01\/2019; en 7 el 16\/01\/2019; en 8 el 17\/01\/2019; y en 9 el 18\/01\/2019. <\/li><\/ul>\n\n\n\n<p>Los calendarios est\u00e1n disponibles, adem\u00e1s, en las delegaciones de ANSES y en las redes sociales del organismo: Facebook (<a rel=\"noreferrer noopener\" target=\"_blank\" href=\"http:\/\/www.facebook.com\/ansesgob\">www.facebook.com\/ansesgob<\/a>), Twitter (<a rel=\"noreferrer noopener\" target=\"_blank\" href=\"http:\/\/www.noticias.anses.gob.ar\/gacetilla\/twitter.com\/ansesgob\">twitter.com\/ansesgob<\/a>) y Flickr (<a rel=\"noreferrer noopener\" target=\"_blank\" href=\"http:\/\/www.flickr.com\/photos\/ansesgob\">www.flickr.com\/photos\/ansesgob<\/a>).\u00a0<\/p>\n\n\n\n<p>\n\nTodos los titulares tendr\u00e1n plazo hasta el&nbsp;<strong>11 de febrero de 2019<\/strong>&nbsp;para cobrar en su lugar habitual de pago.\n\n<\/p>\n","protected":false},"excerpt":{"rendered":"<p>El cronograma permite a jubilados, pensionados y titulares de Asignaci\u00f3n por Hijo y Embarazo conocer cu\u00e1ndo recibir\u00e1n su prestaci\u00f3n.\u00a0\u00a0 En &#8230; <a title=\"Anses inform\u00f3 fechas de cobro de enero\" class=\"read-more\" href=\"https:\/\/www.hoymercedes.com.ar\/principal\/2018\/12\/27\/anses-informo-fechas-de-cobro-de-enero\/\" aria-label=\"Leer m\u00e1s sobre Anses inform\u00f3 fechas de cobro de enero\">Leer m\u00e1s<\/a><\/p>\n","protected":false},"author":1,"featured_media":0,"comment_status":"closed","ping_status":"open","sticky":false,"template":"","format":"standard","meta":{"_monsterinsights_skip_tracking":false,"_monsterinsights_sitenote_active":false,"_monsterinsights_sitenote_note":"","_monsterinsights_sitenote_category":0,"jetpack_post_was_ever_published":false,"_jetpack_newsletter_access":"","_jetpack_dont_email_post_to_subs":false,"_jetpack_newsletter_tier_id":0,"_jetpack_memberships_contains_paywalled_content":false,"_jetpack_memberships_contains_paid_content":false,"footnotes":"","jetpack_publicize_message":"","jetpack_publicize_feature_enabled":true,"jetpack_social_post_already_shared":true,"jetpack_social_options":{"image_generator_settings":{"template":"highway","default_image_id":0,"font":"","enabled":false},"version":2},"_wpas_customize_per_network":false},"categories":[8],"tags":[4,14289,14288,7802],"class_list":["post-86087","post","type-post","status-publish","format-standard","hentry","category-sociedad","tag-anses","tag-jubilaciones-y-pensiones","tag-pago","tag-sociedad","generate-columns","tablet-grid-50","mobile-grid-100","grid-parent","grid-50"],"jetpack_publicize_connections":[],"jetpack_featured_media_url":"","wps_subtitle":"Disponibles en la web y redes sociales","jetpack_sharing_enabled":true,"_links":{"self":[{"href":"https:\/\/www.hoymercedes.com.ar\/principal\/wp-json\/wp\/v2\/posts\/86087","targetHints":{"allow":["GET"]}}],"collection":[{"href":"https:\/\/www.hoymercedes.com.ar\/principal\/wp-json\/wp\/v2\/posts"}],"about":[{"href":"https:\/\/www.hoymercedes.com.ar\/principal\/wp-json\/wp\/v2\/types\/post"}],"author":[{"embeddable":true,"href":"https:\/\/www.hoymercedes.com.ar\/principal\/wp-json\/wp\/v2\/users\/1"}],"replies":[{"embeddable":true,"href":"https:\/\/www.hoymercedes.com.ar\/principal\/wp-json\/wp\/v2\/comments?post=86087"}],"version-history":[{"count":0,"href":"https:\/\/www.hoymercedes.com.ar\/principal\/wp-json\/wp\/v2\/posts\/86087\/revisions"}],"wp:attachment":[{"href":"https:\/\/www.hoymercedes.com.ar\/principal\/wp-json\/wp\/v2\/media?parent=86087"}],"wp:term":[{"taxonomy":"category","embeddable":true,"href":"https:\/\/www.hoymercedes.com.ar\/principal\/wp-json\/wp\/v2\/categories?post=86087"},{"taxonomy":"post_tag","embeddable":true,"href":"https:\/\/www.hoymercedes.com.ar\/principal\/wp-json\/wp\/v2\/tags?post=86087"}],"curies":[{"name":"wp","href":"https:\/\/api.w.org\/{rel}","templated":true}]}}