{"id":86095,"date":"2018-12-27T19:54:09","date_gmt":"2018-12-27T22:54:09","guid":{"rendered":"http:\/\/www.hoymercedes.com.ar\/principal\/?p=86095"},"modified":"2018-12-27T19:58:06","modified_gmt":"2018-12-27T22:58:06","slug":"camion-volco-arena-en-la-ruta-41","status":"publish","type":"post","link":"https:\/\/www.hoymercedes.com.ar\/principal\/2018\/12\/27\/camion-volco-arena-en-la-ruta-41\/","title":{"rendered":"Cami\u00f3n volc\u00f3 arena en la ruta 41"},"content":{"rendered":"\n<p>En la tarde de este jueves un cami\u00f3n con arena en su cargamento volc\u00f3 sobre la Ruta 41 entre Mercedes y San Andr\u00e9s de Giles interrumpi\u00e9ndose el tr\u00e1nsito por esa v\u00eda algunas horas.<\/p>\n\n\n\n<figure class=\"wp-block-image\"><img loading=\"lazy\" decoding=\"async\" width=\"870\" height=\"580\" data-attachment-id=\"86096\" data-permalink=\"https:\/\/www.hoymercedes.com.ar\/principal\/2018\/12\/27\/camion-volco-arena-en-la-ruta-41\/28-camion-2\/#main\" data-orig-file=\"https:\/\/www.hoymercedes.com.ar\/principal\/wp-content\/uploads\/2018\/12\/28-camion-2.jpg\" data-orig-size=\"870,580\" data-comments-opened=\"0\" data-image-meta=\"{&quot;aperture&quot;:&quot;0&quot;,&quot;credit&quot;:&quot;&quot;,&quot;camera&quot;:&quot;&quot;,&quot;caption&quot;:&quot;&quot;,&quot;created_timestamp&quot;:&quot;0&quot;,&quot;copyright&quot;:&quot;&quot;,&quot;focal_length&quot;:&quot;0&quot;,&quot;iso&quot;:&quot;0&quot;,&quot;shutter_speed&quot;:&quot;0&quot;,&quot;title&quot;:&quot;&quot;,&quot;orientation&quot;:&quot;0&quot;}\" data-image-title=\"28 camion 2\" data-image-description=\"\" data-image-caption=\"\" data-large-file=\"https:\/\/www.hoymercedes.com.ar\/principal\/wp-content\/uploads\/2018\/12\/28-camion-2.jpg\" src=\"https:\/\/www.hoymercedes.com.ar\/principal\/wp-content\/uploads\/2018\/12\/28-camion-2.jpg\" alt=\"\" class=\"wp-image-86096\" srcset=\"https:\/\/www.hoymercedes.com.ar\/principal\/wp-content\/uploads\/2018\/12\/28-camion-2.jpg 870w, https:\/\/www.hoymercedes.com.ar\/principal\/wp-content\/uploads\/2018\/12\/28-camion-2-150x100.jpg 150w, https:\/\/www.hoymercedes.com.ar\/principal\/wp-content\/uploads\/2018\/12\/28-camion-2-630x420.jpg 630w\" sizes=\"auto, (max-width: 870px) 100vw, 870px\" \/><\/figure>\n","protected":false},"excerpt":{"rendered":"<p>En la tarde de este jueves un cami\u00f3n con arena en su cargamento volc\u00f3 sobre la Ruta 41 entre Mercedes &#8230; <a title=\"Cami\u00f3n volc\u00f3 arena en la ruta 41\" class=\"read-more\" href=\"https:\/\/www.hoymercedes.com.ar\/principal\/2018\/12\/27\/camion-volco-arena-en-la-ruta-41\/\" aria-label=\"Leer m\u00e1s sobre Cami\u00f3n volc\u00f3 arena en la ruta 41\">Leer m\u00e1s<\/a><\/p>\n","protected":false},"author":1,"featured_media":86097,"comment_status":"closed","ping_status":"open","sticky":false,"template":"","format":"standard","meta":{"_monsterinsights_skip_tracking":false,"_monsterinsights_sitenote_active":false,"_monsterinsights_sitenote_note":"","_monsterinsights_sitenote_category":0,"jetpack_post_was_ever_published":false,"_jetpack_newsletter_access":"","_jetpack_dont_email_post_to_subs":false,"_jetpack_newsletter_tier_id":0,"_jetpack_memberships_contains_paywalled_content":false,"_jetpack_memberships_contains_paid_content":false,"footnotes":"","jetpack_publicize_message":"","jetpack_publicize_feature_enabled":true,"jetpack_social_post_already_shared":true,"jetpack_social_options":{"image_generator_settings":{"template":"highway","default_image_id":0,"font":"","enabled":false},"version":2},"_wpas_customize_per_network":false},"categories":[85],"tags":[10575,2670,11469],"class_list":["post-86095","post","type-post","status-publish","format-standard","has-post-thumbnail","hentry","category-policial","tag-camion","tag-ruta-41","tag-vuelco","generate-columns","tablet-grid-50","mobile-grid-100","grid-parent","grid-50"],"jetpack_publicize_connections":[],"jetpack_featured_media_url":"https:\/\/www.hoymercedes.com.ar\/principal\/wp-content\/uploads\/2018\/12\/28-camion-1.jpg","wps_subtitle":"","jetpack_sharing_enabled":true,"_links":{"self":[{"href":"https:\/\/www.hoymercedes.com.ar\/principal\/wp-json\/wp\/v2\/posts\/86095","targetHints":{"allow":["GET"]}}],"collection":[{"href":"https:\/\/www.hoymercedes.com.ar\/principal\/wp-json\/wp\/v2\/posts"}],"about":[{"href":"https:\/\/www.hoymercedes.com.ar\/principal\/wp-json\/wp\/v2\/types\/post"}],"author":[{"embeddable":true,"href":"https:\/\/www.hoymercedes.com.ar\/principal\/wp-json\/wp\/v2\/users\/1"}],"replies":[{"embeddable":true,"href":"https:\/\/www.hoymercedes.com.ar\/principal\/wp-json\/wp\/v2\/comments?post=86095"}],"version-history":[{"count":0,"href":"https:\/\/www.hoymercedes.com.ar\/principal\/wp-json\/wp\/v2\/posts\/86095\/revisions"}],"wp:featuredmedia":[{"embeddable":true,"href":"https:\/\/www.hoymercedes.com.ar\/principal\/wp-json\/wp\/v2\/media\/86097"}],"wp:attachment":[{"href":"https:\/\/www.hoymercedes.com.ar\/principal\/wp-json\/wp\/v2\/media?parent=86095"}],"wp:term":[{"taxonomy":"category","embeddable":true,"href":"https:\/\/www.hoymercedes.com.ar\/principal\/wp-json\/wp\/v2\/categories?post=86095"},{"taxonomy":"post_tag","embeddable":true,"href":"https:\/\/www.hoymercedes.com.ar\/principal\/wp-json\/wp\/v2\/tags?post=86095"}],"curies":[{"name":"wp","href":"https:\/\/api.w.org\/{rel}","templated":true}]}}