{"id":86099,"date":"2018-12-28T07:08:47","date_gmt":"2018-12-28T10:08:47","guid":{"rendered":"http:\/\/www.hoymercedes.com.ar\/principal\/?p=86099"},"modified":"2018-12-27T20:52:51","modified_gmt":"2018-12-27T23:52:51","slug":"el-fronton-sumo-siete-jugadores-pensando-en-el-regional","status":"publish","type":"post","link":"https:\/\/www.hoymercedes.com.ar\/principal\/2018\/12\/28\/el-fronton-sumo-siete-jugadores-pensando-en-el-regional\/","title":{"rendered":"El Front\u00f3n sum\u00f3 siete jugadores pensando en el Regional"},"content":{"rendered":"\n<p>Como en todos los finales de a\u00f1o, los equipos que competir\u00e1n a partir del final de enero en los torneos Regionales se van reforzando. El Front\u00f3n de San Andr\u00e9s de Giles ya comenz\u00f3 a entrenar pensando en el debut del 27 de enero y sum\u00f3 algunos jugadores.<\/p>\n\n\n\n<figure class=\"wp-block-image\"><img loading=\"lazy\" decoding=\"async\" width=\"1024\" height=\"555\" data-attachment-id=\"86100\" data-permalink=\"https:\/\/www.hoymercedes.com.ar\/principal\/2018\/12\/28\/el-fronton-sumo-siete-jugadores-pensando-en-el-regional\/julian-alarcon\/#main\" data-orig-file=\"https:\/\/www.hoymercedes.com.ar\/principal\/wp-content\/uploads\/2018\/12\/Julian-Alarc\u00f3n.jpg\" data-orig-size=\"1351,732\" data-comments-opened=\"0\" data-image-meta=\"{&quot;aperture&quot;:&quot;0&quot;,&quot;credit&quot;:&quot;&quot;,&quot;camera&quot;:&quot;&quot;,&quot;caption&quot;:&quot;&quot;,&quot;created_timestamp&quot;:&quot;0&quot;,&quot;copyright&quot;:&quot;&quot;,&quot;focal_length&quot;:&quot;0&quot;,&quot;iso&quot;:&quot;0&quot;,&quot;shutter_speed&quot;:&quot;0&quot;,&quot;title&quot;:&quot;&quot;,&quot;orientation&quot;:&quot;0&quot;}\" data-image-title=\"Julian Alarc\u00f3n\" data-image-description=\"\" data-image-caption=\"\" data-large-file=\"https:\/\/www.hoymercedes.com.ar\/principal\/wp-content\/uploads\/2018\/12\/Julian-Alarc\u00f3n-1024x555.jpg\" src=\"https:\/\/www.hoymercedes.com.ar\/principal\/wp-content\/uploads\/2018\/12\/Julian-Alarc\u00f3n-1024x555.jpg\" alt=\"\" class=\"wp-image-86100\" srcset=\"https:\/\/www.hoymercedes.com.ar\/principal\/wp-content\/uploads\/2018\/12\/Julian-Alarc\u00f3n-1024x555.jpg 1024w, https:\/\/www.hoymercedes.com.ar\/principal\/wp-content\/uploads\/2018\/12\/Julian-Alarc\u00f3n-150x81.jpg 150w, https:\/\/www.hoymercedes.com.ar\/principal\/wp-content\/uploads\/2018\/12\/Julian-Alarc\u00f3n-630x341.jpg 630w, https:\/\/www.hoymercedes.com.ar\/principal\/wp-content\/uploads\/2018\/12\/Julian-Alarc\u00f3n.jpg 1351w\" sizes=\"auto, (max-width: 1024px) 100vw, 1024px\" \/><\/figure>\n\n\n\n<p>Lo primero que hay que destacar es la vuelta al banco de suplentes de su entrenador. Germ\u00e1n Stopiello retorn\u00f3 al trabajo tras su semestre de licencia y tiene cerca de 40 jugadores a disposici\u00f3n.<\/p>\n\n\n\n<p>Como ya se hab\u00eda anticipado, Mat\u00edas Roncoroni sigue en plena recuperaci\u00f3n tras haber sido baleado en un intento de asalto en Avellaneda y al menos hasta marzo no podr\u00e1 volver a la actividad, por lo que el que estar\u00e1 en su lugar ser\u00e1 el mercedino Mat\u00edas Caputo, con pasado en Flandria, G\u00fcemes de Santiago del Estero e Independiente de Chivilcoy y con \u00faltimo paso por el f\u00fatbol de 25 de Mayo.<\/p>\n\n\n\n<p>Teniendo en cuenta que Fabricio Paganini no podr\u00e1 estar presente debido a la larga suspensi\u00f3n que recae sobre \u00e9l, el DT cuenta ahora con Nicol\u00e1s Rold\u00e1n, oriundo de Carmen de Areco con inferiores en Quilmes y pasado en Col\u00f3n de Chivilcoy en el \u00faltimo Federal C y luego en Florencio Varela.<\/p>\n\n\n\n<p>La sorpresa para el f\u00fatbol mercedino fue la llegada de Marcelo Gonz\u00e1lez, \u00eddolo de Trocha y quien era pretendido desde hace varios torneos por Stopiello. Por tanto, el talentoso enganche ahora enfrentar\u00e1 al club que tanto lo quiere.<\/p>\n\n\n\n<p>El que vuelve es el delantero Juli\u00e1n Alarc\u00f3n, quien jug\u00f3 el \u00faltimo Federal C para el cuadro de Giles y quien tambi\u00e9n enfrentar\u00e1 a ex compa\u00f1eros cuando se mida ante Club Mercedes. El que no estar\u00e1 ser\u00e1 el hist\u00f3rico Alejandro Morada, ya que una lesi\u00f3n lo dej\u00f3 marginado de la pretemporada.<\/p>\n\n\n\n<p>Los otros que vuelven a ponerse la azulgrana son Franco Vivas y Daniel Busca, mientras que el \u00faltimo en llegar fue el mercedino Gino Jadra Trau, con pasado en Club Quilmes y que proviene de San Mart\u00edn de San Juan.<\/p>\n\n\n\n<figure class=\"wp-block-image\"><img loading=\"lazy\" decoding=\"async\" width=\"1024\" height=\"683\" data-attachment-id=\"86101\" data-permalink=\"https:\/\/www.hoymercedes.com.ar\/principal\/2018\/12\/28\/el-fronton-sumo-siete-jugadores-pensando-en-el-regional\/gaston-lozano-3\/#main\" data-orig-file=\"https:\/\/www.hoymercedes.com.ar\/principal\/wp-content\/uploads\/2018\/12\/Gast\u00f3n-Lozano.jpg\" data-orig-size=\"1200,800\" data-comments-opened=\"0\" data-image-meta=\"{&quot;aperture&quot;:&quot;3.5&quot;,&quot;credit&quot;:&quot;&quot;,&quot;camera&quot;:&quot;Canon EOS REBEL T3i&quot;,&quot;caption&quot;:&quot;&quot;,&quot;created_timestamp&quot;:&quot;1402256617&quot;,&quot;copyright&quot;:&quot;&quot;,&quot;focal_length&quot;:&quot;18&quot;,&quot;iso&quot;:&quot;100&quot;,&quot;shutter_speed&quot;:&quot;0.000625&quot;,&quot;title&quot;:&quot;&quot;,&quot;orientation&quot;:&quot;1&quot;}\" data-image-title=\"Gast\u00f3n Lozano\" data-image-description=\"\" data-image-caption=\"\" data-large-file=\"https:\/\/www.hoymercedes.com.ar\/principal\/wp-content\/uploads\/2018\/12\/Gast\u00f3n-Lozano-1024x683.jpg\" src=\"https:\/\/www.hoymercedes.com.ar\/principal\/wp-content\/uploads\/2018\/12\/Gast\u00f3n-Lozano-1024x683.jpg\" alt=\"\" class=\"wp-image-86101\" srcset=\"https:\/\/www.hoymercedes.com.ar\/principal\/wp-content\/uploads\/2018\/12\/Gast\u00f3n-Lozano-1024x683.jpg 1024w, https:\/\/www.hoymercedes.com.ar\/principal\/wp-content\/uploads\/2018\/12\/Gast\u00f3n-Lozano-150x100.jpg 150w, https:\/\/www.hoymercedes.com.ar\/principal\/wp-content\/uploads\/2018\/12\/Gast\u00f3n-Lozano-630x420.jpg 630w, https:\/\/www.hoymercedes.com.ar\/principal\/wp-content\/uploads\/2018\/12\/Gast\u00f3n-Lozano.jpg 1200w\" sizes=\"auto, (max-width: 1024px) 100vw, 1024px\" \/><\/figure>\n\n\n\n<p>Con todo esto, s\u00f3lo se espera por la respuesta de un querido por los gilenses, Cristian Lozano, quien en las pr\u00f3ximas horas podr\u00eda llegar a los entrenamientos y de esta manera, El Front\u00f3n cerrar\u00e1 sus pretenciones de plantel.<\/p>\n","protected":false},"excerpt":{"rendered":"<p>Como en todos los finales de a\u00f1o, los equipos que competir\u00e1n a partir del final de enero en los torneos &#8230; <a title=\"El Front\u00f3n sum\u00f3 siete jugadores pensando en el Regional\" class=\"read-more\" href=\"https:\/\/www.hoymercedes.com.ar\/principal\/2018\/12\/28\/el-fronton-sumo-siete-jugadores-pensando-en-el-regional\/\" aria-label=\"Leer m\u00e1s sobre El Front\u00f3n sum\u00f3 siete jugadores pensando en el Regional\">Leer m\u00e1s<\/a><\/p>\n","protected":false},"author":1,"featured_media":86100,"comment_status":"closed","ping_status":"open","sticky":false,"template":"","format":"standard","meta":{"_monsterinsights_skip_tracking":false,"_monsterinsights_sitenote_active":false,"_monsterinsights_sitenote_note":"","_monsterinsights_sitenote_category":0,"jetpack_post_was_ever_published":false,"_jetpack_newsletter_access":"","_jetpack_dont_email_post_to_subs":false,"_jetpack_newsletter_tier_id":0,"_jetpack_memberships_contains_paywalled_content":false,"_jetpack_memberships_contains_paid_content":false,"footnotes":"","jetpack_publicize_message":"","jetpack_publicize_feature_enabled":true,"jetpack_social_post_already_shared":true,"jetpack_social_options":{"image_generator_settings":{"template":"highway","default_image_id":0,"font":"","enabled":false},"version":2},"_wpas_customize_per_network":false},"categories":[21],"tags":[14292,14291],"class_list":["post-86099","post","type-post","status-publish","format-standard","has-post-thumbnail","hentry","category-deportes","tag-gaston-lozano","tag-julian-alarcon","generate-columns","tablet-grid-50","mobile-grid-100","grid-parent","grid-50"],"jetpack_publicize_connections":[],"jetpack_featured_media_url":"https:\/\/www.hoymercedes.com.ar\/principal\/wp-content\/uploads\/2018\/12\/Julian-Alarc\u00f3n.jpg","wps_subtitle":"Regional Amateur","jetpack_sharing_enabled":true,"_links":{"self":[{"href":"https:\/\/www.hoymercedes.com.ar\/principal\/wp-json\/wp\/v2\/posts\/86099","targetHints":{"allow":["GET"]}}],"collection":[{"href":"https:\/\/www.hoymercedes.com.ar\/principal\/wp-json\/wp\/v2\/posts"}],"about":[{"href":"https:\/\/www.hoymercedes.com.ar\/principal\/wp-json\/wp\/v2\/types\/post"}],"author":[{"embeddable":true,"href":"https:\/\/www.hoymercedes.com.ar\/principal\/wp-json\/wp\/v2\/users\/1"}],"replies":[{"embeddable":true,"href":"https:\/\/www.hoymercedes.com.ar\/principal\/wp-json\/wp\/v2\/comments?post=86099"}],"version-history":[{"count":0,"href":"https:\/\/www.hoymercedes.com.ar\/principal\/wp-json\/wp\/v2\/posts\/86099\/revisions"}],"wp:featuredmedia":[{"embeddable":true,"href":"https:\/\/www.hoymercedes.com.ar\/principal\/wp-json\/wp\/v2\/media\/86100"}],"wp:attachment":[{"href":"https:\/\/www.hoymercedes.com.ar\/principal\/wp-json\/wp\/v2\/media?parent=86099"}],"wp:term":[{"taxonomy":"category","embeddable":true,"href":"https:\/\/www.hoymercedes.com.ar\/principal\/wp-json\/wp\/v2\/categories?post=86099"},{"taxonomy":"post_tag","embeddable":true,"href":"https:\/\/www.hoymercedes.com.ar\/principal\/wp-json\/wp\/v2\/tags?post=86099"}],"curies":[{"name":"wp","href":"https:\/\/api.w.org\/{rel}","templated":true}]}}