{"id":8612,"date":"2011-10-24T22:43:13","date_gmt":"2011-10-24T22:43:13","guid":{"rendered":"http:\/\/www.hoymercedes.com.ar\/principal\/?p=8612"},"modified":"2011-10-24T22:50:49","modified_gmt":"2011-10-24T22:50:49","slug":"cristina-kirchner-la-otra-gran-electora-local","status":"publish","type":"post","link":"https:\/\/www.hoymercedes.com.ar\/principal\/2011\/10\/24\/cristina-kirchner-la-otra-gran-electora-local\/","title":{"rendered":"Cristina Kirchner la otra gran electora local"},"content":{"rendered":"<p>Adem\u00e1s de Selva y Ustarroz que\u00a0resultaron\u00a0ser los granes electores locales llev\u00e1ndose todo lo que estaba en juego entre ambos en la ciudad sumando entre los dos cerca del 70% de los votos fue Cristina Fern\u00e1ndez de Kirchner la otra figura que consigui\u00f3 un importante caudal de votos en nuestra ciudad.<\/p>\n<p>Seg\u00fan los datos oficiales la Presidenta de la Naci\u00f3n logr\u00f3 en Mercedes algo cerca de\u00a020.252 votos, es decir, el 52,80% de los sufragios. \u00a0En segundo lugar Hermes Binner con\u00a06.458 votos arribando al 16,84%. Tercer escal\u00f3n para Alberto Rodriguez S\u00e1a con\u00a03.814 votos siendo el 9,94%. Cuarto Ricardo Alfons\u00edn con\u00a03.433 siendo el 8,95%. \u00a0Un poco m\u00e1s atr\u00e1s Eduardo Duhalde con\u00a02.523 votos y el 6,58%. \u00a0El Frente de Izquierda con Altamira \u00a0obtuvo\u00a01.071, es decir, el 2,79%. Por \u00faltimo Elisa Carrio\u00a0808 \u00a0siendo el 2,11%.<\/p>\n<p>&nbsp;<\/p>\n<p>De esta manera, Mercedes, mantuvo un hilo con lo sucedido a nivel nacional a la hora de elegir sus gobernantes en las esferas presidencial y gobernaci\u00f3n.<\/p>\n","protected":false},"excerpt":{"rendered":"<p>Adem\u00e1s de Selva y Ustarroz que\u00a0resultaron\u00a0ser los granes electores locales llev\u00e1ndose todo lo que estaba en juego entre ambos en &#8230; <a title=\"Cristina Kirchner la otra gran electora local\" class=\"read-more\" href=\"https:\/\/www.hoymercedes.com.ar\/principal\/2011\/10\/24\/cristina-kirchner-la-otra-gran-electora-local\/\" aria-label=\"Leer m\u00e1s sobre Cristina Kirchner la otra gran electora local\">Leer m\u00e1s<\/a><\/p>\n","protected":false},"author":1,"featured_media":0,"comment_status":"open","ping_status":"open","sticky":false,"template":"","format":"standard","meta":{"_monsterinsights_skip_tracking":false,"_monsterinsights_sitenote_active":false,"_monsterinsights_sitenote_note":"","_monsterinsights_sitenote_category":0,"jetpack_post_was_ever_published":false,"_jetpack_newsletter_access":"","_jetpack_dont_email_post_to_subs":false,"_jetpack_newsletter_tier_id":0,"_jetpack_memberships_contains_paywalled_content":false,"_jetpack_memberships_contains_paid_content":false,"footnotes":"","jetpack_publicize_message":"","jetpack_publicize_feature_enabled":true,"jetpack_social_post_already_shared":false,"jetpack_social_options":{"image_generator_settings":{"template":"highway","default_image_id":0,"font":"","enabled":false},"version":2},"_wpas_customize_per_network":false},"categories":[5],"tags":[44,1507],"class_list":["post-8612","post","type-post","status-publish","format-standard","hentry","category-politica","tag-cristina-fernandez","tag-votos","generate-columns","tablet-grid-50","mobile-grid-100","grid-parent","grid-50"],"jetpack_publicize_connections":[],"jetpack_featured_media_url":"","wps_subtitle":"","jetpack_sharing_enabled":true,"_links":{"self":[{"href":"https:\/\/www.hoymercedes.com.ar\/principal\/wp-json\/wp\/v2\/posts\/8612","targetHints":{"allow":["GET"]}}],"collection":[{"href":"https:\/\/www.hoymercedes.com.ar\/principal\/wp-json\/wp\/v2\/posts"}],"about":[{"href":"https:\/\/www.hoymercedes.com.ar\/principal\/wp-json\/wp\/v2\/types\/post"}],"author":[{"embeddable":true,"href":"https:\/\/www.hoymercedes.com.ar\/principal\/wp-json\/wp\/v2\/users\/1"}],"replies":[{"embeddable":true,"href":"https:\/\/www.hoymercedes.com.ar\/principal\/wp-json\/wp\/v2\/comments?post=8612"}],"version-history":[{"count":0,"href":"https:\/\/www.hoymercedes.com.ar\/principal\/wp-json\/wp\/v2\/posts\/8612\/revisions"}],"wp:attachment":[{"href":"https:\/\/www.hoymercedes.com.ar\/principal\/wp-json\/wp\/v2\/media?parent=8612"}],"wp:term":[{"taxonomy":"category","embeddable":true,"href":"https:\/\/www.hoymercedes.com.ar\/principal\/wp-json\/wp\/v2\/categories?post=8612"},{"taxonomy":"post_tag","embeddable":true,"href":"https:\/\/www.hoymercedes.com.ar\/principal\/wp-json\/wp\/v2\/tags?post=8612"}],"curies":[{"name":"wp","href":"https:\/\/api.w.org\/{rel}","templated":true}]}}