{"id":86127,"date":"2018-12-30T14:29:32","date_gmt":"2018-12-30T17:29:32","guid":{"rendered":"http:\/\/www.hoymercedes.com.ar\/principal\/?p=86127"},"modified":"2018-12-28T15:34:41","modified_gmt":"2018-12-28T18:34:41","slug":"los-reyes-magos-llegan-a-la-trocha-para-toda-la-familia","status":"publish","type":"post","link":"https:\/\/www.hoymercedes.com.ar\/principal\/2018\/12\/30\/los-reyes-magos-llegan-a-la-trocha-para-toda-la-familia\/","title":{"rendered":"Los Reyes Magos llegan a La Trocha para toda la familia"},"content":{"rendered":"\n<p>Este domingo 6 de enero los Reyes Magos estar\u00e1n aterrizando en el Complejo Cultura La Trocha. Este evento organizado e impulsado por el Municipio de Mercedes, dar\u00e1 marco a la llegada de Melchor, Gaspar y Baltazar a nuestra ciudad. Esta actividad es libre y gratuita. El evento lo efect\u00faan de manera conjunta la direcci\u00f3n de Cultura y de deportes de nuestra ciudad.<\/p>\n\n\n\n<figure class=\"wp-block-image\"><img loading=\"lazy\" decoding=\"async\" width=\"750\" height=\"750\" data-attachment-id=\"86139\" data-permalink=\"https:\/\/www.hoymercedes.com.ar\/principal\/2018\/12\/30\/los-reyes-magos-llegan-a-la-trocha-para-toda-la-familia\/30-trocha-reyes\/#main\" data-orig-file=\"https:\/\/www.hoymercedes.com.ar\/principal\/wp-content\/uploads\/2018\/12\/30-trocha-reyes.jpg\" data-orig-size=\"750,750\" data-comments-opened=\"0\" data-image-meta=\"{&quot;aperture&quot;:&quot;0&quot;,&quot;credit&quot;:&quot;&quot;,&quot;camera&quot;:&quot;&quot;,&quot;caption&quot;:&quot;&quot;,&quot;created_timestamp&quot;:&quot;0&quot;,&quot;copyright&quot;:&quot;&quot;,&quot;focal_length&quot;:&quot;0&quot;,&quot;iso&quot;:&quot;0&quot;,&quot;shutter_speed&quot;:&quot;0&quot;,&quot;title&quot;:&quot;&quot;,&quot;orientation&quot;:&quot;0&quot;}\" data-image-title=\"30 trocha reyes\" data-image-description=\"\" data-image-caption=\"\" data-large-file=\"https:\/\/www.hoymercedes.com.ar\/principal\/wp-content\/uploads\/2018\/12\/30-trocha-reyes.jpg\" src=\"https:\/\/www.hoymercedes.com.ar\/principal\/wp-content\/uploads\/2018\/12\/30-trocha-reyes.jpg\" alt=\"\" class=\"wp-image-86139\" srcset=\"https:\/\/www.hoymercedes.com.ar\/principal\/wp-content\/uploads\/2018\/12\/30-trocha-reyes.jpg 750w, https:\/\/www.hoymercedes.com.ar\/principal\/wp-content\/uploads\/2018\/12\/30-trocha-reyes-150x150.jpg 150w, https:\/\/www.hoymercedes.com.ar\/principal\/wp-content\/uploads\/2018\/12\/30-trocha-reyes-620x620.jpg 620w\" sizes=\"auto, (max-width: 750px) 100vw, 750px\" \/><\/figure>\n\n\n\n<p>\u201cEl domingo de reyes vamos a realizar una actividad especial -gratuita-, por este motivo, invitamos a todas las familias mercedinas a que se acerquen a pasar una linda tarde de reyes\u201d asegur\u00f3 el jefe comunal, el Dr. Ustarroz. En ese sentido agreg\u00f3 \u201ctambi\u00e9n habr\u00e1 una funci\u00f3n gratuita de un circo ya reconocido en la ciudad\u201d.<\/p>\n\n\n\n<p>\u201cDe cara al verano lo que intentaremos hacer, es tener muchas propuestas culturales recreativas para que los vecinos puedan disfrutar del verano en nuestra ciudad\u201d remarc\u00f3 Juan Ignacio Ustarroz.&nbsp; &nbsp;<\/p>\n\n\n\n<p>Los festejos comenzar\u00e1n a las hora 18, habr\u00e1 juegos para ni\u00f1os y actividades mientras se esperar\u00e1 la llegada de los reyes. Adem\u00e1s, a partir de las 19:30 horas, el circo que hoy se emplaza en el Complejo Cultural la Trocha, realizar\u00e1 una funci\u00f3n gratis.<\/p>\n\n\n\n<p>En referencia a esta actividad, Javier Lennard dijo \u201cjunto al intendente Ustarroz entendimos que esta ser\u00eda una muy buena opci\u00f3n para poder brindar un espect\u00e1culo gratis a todos los ni\u00f1os de Mercedes\u201d.<\/p>\n","protected":false},"excerpt":{"rendered":"<p>Este domingo 6 de enero los Reyes Magos estar\u00e1n aterrizando en el Complejo Cultura La Trocha. Este evento organizado e &#8230; <a title=\"Los Reyes Magos llegan a La Trocha para toda la familia\" class=\"read-more\" href=\"https:\/\/www.hoymercedes.com.ar\/principal\/2018\/12\/30\/los-reyes-magos-llegan-a-la-trocha-para-toda-la-familia\/\" aria-label=\"Leer m\u00e1s sobre Los Reyes Magos llegan a La Trocha para toda la familia\">Leer m\u00e1s<\/a><\/p>\n","protected":false},"author":1,"featured_media":86139,"comment_status":"closed","ping_status":"open","sticky":false,"template":"","format":"standard","meta":{"_monsterinsights_skip_tracking":false,"_monsterinsights_sitenote_active":false,"_monsterinsights_sitenote_note":"","_monsterinsights_sitenote_category":0,"jetpack_post_was_ever_published":false,"_jetpack_newsletter_access":"","_jetpack_dont_email_post_to_subs":false,"_jetpack_newsletter_tier_id":0,"_jetpack_memberships_contains_paywalled_content":false,"_jetpack_memberships_contains_paid_content":false,"footnotes":"","jetpack_publicize_message":"","jetpack_publicize_feature_enabled":true,"jetpack_social_post_already_shared":true,"jetpack_social_options":{"image_generator_settings":{"template":"highway","default_image_id":0,"font":"","enabled":false},"version":2},"_wpas_customize_per_network":false},"categories":[30],"tags":[13143,244,6773],"class_list":["post-86127","post","type-post","status-publish","format-standard","has-post-thumbnail","hentry","category-municipio","tag-cc-la-trocha","tag-municipio-2","tag-reyes-magos","generate-columns","tablet-grid-50","mobile-grid-100","grid-parent","grid-50"],"jetpack_publicize_connections":[],"jetpack_featured_media_url":"https:\/\/www.hoymercedes.com.ar\/principal\/wp-content\/uploads\/2018\/12\/30-trocha-reyes.jpg","wps_subtitle":"","jetpack_sharing_enabled":true,"_links":{"self":[{"href":"https:\/\/www.hoymercedes.com.ar\/principal\/wp-json\/wp\/v2\/posts\/86127","targetHints":{"allow":["GET"]}}],"collection":[{"href":"https:\/\/www.hoymercedes.com.ar\/principal\/wp-json\/wp\/v2\/posts"}],"about":[{"href":"https:\/\/www.hoymercedes.com.ar\/principal\/wp-json\/wp\/v2\/types\/post"}],"author":[{"embeddable":true,"href":"https:\/\/www.hoymercedes.com.ar\/principal\/wp-json\/wp\/v2\/users\/1"}],"replies":[{"embeddable":true,"href":"https:\/\/www.hoymercedes.com.ar\/principal\/wp-json\/wp\/v2\/comments?post=86127"}],"version-history":[{"count":0,"href":"https:\/\/www.hoymercedes.com.ar\/principal\/wp-json\/wp\/v2\/posts\/86127\/revisions"}],"wp:featuredmedia":[{"embeddable":true,"href":"https:\/\/www.hoymercedes.com.ar\/principal\/wp-json\/wp\/v2\/media\/86139"}],"wp:attachment":[{"href":"https:\/\/www.hoymercedes.com.ar\/principal\/wp-json\/wp\/v2\/media?parent=86127"}],"wp:term":[{"taxonomy":"category","embeddable":true,"href":"https:\/\/www.hoymercedes.com.ar\/principal\/wp-json\/wp\/v2\/categories?post=86127"},{"taxonomy":"post_tag","embeddable":true,"href":"https:\/\/www.hoymercedes.com.ar\/principal\/wp-json\/wp\/v2\/tags?post=86127"}],"curies":[{"name":"wp","href":"https:\/\/api.w.org\/{rel}","templated":true}]}}