{"id":86156,"date":"2018-12-28T16:30:03","date_gmt":"2018-12-28T19:30:03","guid":{"rendered":"http:\/\/www.hoymercedes.com.ar\/principal\/?p=86156"},"modified":"2018-12-28T16:25:36","modified_gmt":"2018-12-28T19:25:36","slug":"inauguraron-reformas-en-el-caps-de-goldney","status":"publish","type":"post","link":"https:\/\/www.hoymercedes.com.ar\/principal\/2018\/12\/28\/inauguraron-reformas-en-el-caps-de-goldney\/","title":{"rendered":"Inauguraron reformas en el CAPS de Goldney"},"content":{"rendered":"\n<p>En la ma\u00f1ana del jueves, el Municipio de Mercedes inaugur\u00f3 los arreglos realizados en el Centro de Atenci\u00f3n Primaria a la Salud de la localidad de Goldney. M\u00e1s de 500 mil pesos se invirtieron en las obras y anunciaron que el pr\u00f3ximo mes sumar\u00e1n profesionales de la salud para atenci\u00f3n a los vecinos de la zona rural. <\/p>\n\n\n\n<figure class=\"wp-block-image\"><img loading=\"lazy\" decoding=\"async\" width=\"750\" height=\"500\" data-attachment-id=\"86157\" data-permalink=\"https:\/\/www.hoymercedes.com.ar\/principal\/2018\/12\/28\/inauguraron-reformas-en-el-caps-de-goldney\/28-caps-goldney1-jpg\/#main\" data-orig-file=\"https:\/\/www.hoymercedes.com.ar\/principal\/wp-content\/uploads\/2018\/12\/28-caps-goldney1.jpg.png\" data-orig-size=\"750,500\" data-comments-opened=\"0\" data-image-meta=\"{&quot;aperture&quot;:&quot;0&quot;,&quot;credit&quot;:&quot;&quot;,&quot;camera&quot;:&quot;&quot;,&quot;caption&quot;:&quot;&quot;,&quot;created_timestamp&quot;:&quot;0&quot;,&quot;copyright&quot;:&quot;&quot;,&quot;focal_length&quot;:&quot;0&quot;,&quot;iso&quot;:&quot;0&quot;,&quot;shutter_speed&quot;:&quot;0&quot;,&quot;title&quot;:&quot;&quot;,&quot;orientation&quot;:&quot;0&quot;}\" data-image-title=\"28 caps goldney1.jpg\" data-image-description=\"\" data-image-caption=\"\" data-large-file=\"https:\/\/www.hoymercedes.com.ar\/principal\/wp-content\/uploads\/2018\/12\/28-caps-goldney1.jpg.png\" src=\"https:\/\/www.hoymercedes.com.ar\/principal\/wp-content\/uploads\/2018\/12\/28-caps-goldney1.jpg.png\" alt=\"\" class=\"wp-image-86157\" srcset=\"https:\/\/www.hoymercedes.com.ar\/principal\/wp-content\/uploads\/2018\/12\/28-caps-goldney1.jpg.png 750w, https:\/\/www.hoymercedes.com.ar\/principal\/wp-content\/uploads\/2018\/12\/28-caps-goldney1.jpg-150x100.png 150w, https:\/\/www.hoymercedes.com.ar\/principal\/wp-content\/uploads\/2018\/12\/28-caps-goldney1.jpg-630x420.png 630w\" sizes=\"auto, (max-width: 750px) 100vw, 750px\" \/><\/figure>\n\n\n\n<p>En el acto presidido por el Intendente Juan Ignacio Ustarroz y el Secretario de Salud Dr. Pablo Cassiani, el Jefe Comunal record\u00f3 cuando el temporal hab\u00eda dejado el Centro de Atenci\u00f3n Primaria de Salud en ruinas y se comenz\u00f3 a arreglar el lugar para continuar atendiendo a los vecinos rurales. \u201cVenir y ver esta sala nueva, que se hizo con trabajo mercedino, representa un gran orgullo\u201d, expres\u00f3.<\/p>\n\n\n\n<p>\u00abLes agradecemos la paciencia, se demor\u00f3 un poco m\u00e1s la obra, pero bien vali\u00f3 la espera. Hoy tenemos el orgullo de inaugurar un espacio realmente a nuevo y que va a tener m\u00e1s servicios de salud\u201d, agreg\u00f3.<\/p>\n\n\n\n<p>Por su parte, el Dr. Cassiani, anunci\u00f3 que a partir del mes de enero el CAPS tendr\u00e1 atenci\u00f3n pedi\u00e1trica, sumando profesionales a la localidad de Goldney.  \u00a0<\/p>\n\n\n\n<figure class=\"wp-block-image\"><img loading=\"lazy\" decoding=\"async\" width=\"750\" height=\"499\" data-attachment-id=\"86158\" data-permalink=\"https:\/\/www.hoymercedes.com.ar\/principal\/2018\/12\/28\/inauguraron-reformas-en-el-caps-de-goldney\/28-caps-goldney\/#main\" data-orig-file=\"https:\/\/www.hoymercedes.com.ar\/principal\/wp-content\/uploads\/2018\/12\/28-caps-goldney.jpg\" data-orig-size=\"750,499\" data-comments-opened=\"0\" data-image-meta=\"{&quot;aperture&quot;:&quot;0&quot;,&quot;credit&quot;:&quot;&quot;,&quot;camera&quot;:&quot;&quot;,&quot;caption&quot;:&quot;&quot;,&quot;created_timestamp&quot;:&quot;0&quot;,&quot;copyright&quot;:&quot;&quot;,&quot;focal_length&quot;:&quot;0&quot;,&quot;iso&quot;:&quot;0&quot;,&quot;shutter_speed&quot;:&quot;0&quot;,&quot;title&quot;:&quot;&quot;,&quot;orientation&quot;:&quot;0&quot;}\" data-image-title=\"28 caps goldney\" data-image-description=\"\" data-image-caption=\"\" data-large-file=\"https:\/\/www.hoymercedes.com.ar\/principal\/wp-content\/uploads\/2018\/12\/28-caps-goldney.jpg\" src=\"https:\/\/www.hoymercedes.com.ar\/principal\/wp-content\/uploads\/2018\/12\/28-caps-goldney.jpg\" alt=\"\" class=\"wp-image-86158\" srcset=\"https:\/\/www.hoymercedes.com.ar\/principal\/wp-content\/uploads\/2018\/12\/28-caps-goldney.jpg 750w, https:\/\/www.hoymercedes.com.ar\/principal\/wp-content\/uploads\/2018\/12\/28-caps-goldney-150x100.jpg 150w, https:\/\/www.hoymercedes.com.ar\/principal\/wp-content\/uploads\/2018\/12\/28-caps-goldney-630x419.jpg 630w\" sizes=\"auto, (max-width: 750px) 100vw, 750px\" \/><\/figure>\n","protected":false},"excerpt":{"rendered":"<p>En la ma\u00f1ana del jueves, el Municipio de Mercedes inaugur\u00f3 los arreglos realizados en el Centro de Atenci\u00f3n Primaria a &#8230; <a title=\"Inauguraron reformas en el CAPS de Goldney\" class=\"read-more\" href=\"https:\/\/www.hoymercedes.com.ar\/principal\/2018\/12\/28\/inauguraron-reformas-en-el-caps-de-goldney\/\" aria-label=\"Leer m\u00e1s sobre Inauguraron reformas en el CAPS de Goldney\">Leer m\u00e1s<\/a><\/p>\n","protected":false},"author":1,"featured_media":86158,"comment_status":"closed","ping_status":"open","sticky":false,"template":"","format":"standard","meta":{"_monsterinsights_skip_tracking":false,"_monsterinsights_sitenote_active":false,"_monsterinsights_sitenote_note":"","_monsterinsights_sitenote_category":0,"jetpack_post_was_ever_published":false,"_jetpack_newsletter_access":"","_jetpack_dont_email_post_to_subs":false,"_jetpack_newsletter_tier_id":0,"_jetpack_memberships_contains_paywalled_content":false,"_jetpack_memberships_contains_paid_content":false,"footnotes":"","jetpack_publicize_message":"","jetpack_publicize_feature_enabled":true,"jetpack_social_post_already_shared":true,"jetpack_social_options":{"image_generator_settings":{"template":"highway","default_image_id":0,"font":"","enabled":false},"version":2},"_wpas_customize_per_network":false},"categories":[30],"tags":[3337,10358,134],"class_list":["post-86156","post","type-post","status-publish","format-standard","has-post-thumbnail","hentry","category-municipio","tag-goldney","tag-municipio","tag-salud","generate-columns","tablet-grid-50","mobile-grid-100","grid-parent","grid-50"],"jetpack_publicize_connections":[],"jetpack_featured_media_url":"https:\/\/www.hoymercedes.com.ar\/principal\/wp-content\/uploads\/2018\/12\/28-caps-goldney.jpg","wps_subtitle":"El jueves \u00faltimo","jetpack_sharing_enabled":true,"_links":{"self":[{"href":"https:\/\/www.hoymercedes.com.ar\/principal\/wp-json\/wp\/v2\/posts\/86156","targetHints":{"allow":["GET"]}}],"collection":[{"href":"https:\/\/www.hoymercedes.com.ar\/principal\/wp-json\/wp\/v2\/posts"}],"about":[{"href":"https:\/\/www.hoymercedes.com.ar\/principal\/wp-json\/wp\/v2\/types\/post"}],"author":[{"embeddable":true,"href":"https:\/\/www.hoymercedes.com.ar\/principal\/wp-json\/wp\/v2\/users\/1"}],"replies":[{"embeddable":true,"href":"https:\/\/www.hoymercedes.com.ar\/principal\/wp-json\/wp\/v2\/comments?post=86156"}],"version-history":[{"count":0,"href":"https:\/\/www.hoymercedes.com.ar\/principal\/wp-json\/wp\/v2\/posts\/86156\/revisions"}],"wp:featuredmedia":[{"embeddable":true,"href":"https:\/\/www.hoymercedes.com.ar\/principal\/wp-json\/wp\/v2\/media\/86158"}],"wp:attachment":[{"href":"https:\/\/www.hoymercedes.com.ar\/principal\/wp-json\/wp\/v2\/media?parent=86156"}],"wp:term":[{"taxonomy":"category","embeddable":true,"href":"https:\/\/www.hoymercedes.com.ar\/principal\/wp-json\/wp\/v2\/categories?post=86156"},{"taxonomy":"post_tag","embeddable":true,"href":"https:\/\/www.hoymercedes.com.ar\/principal\/wp-json\/wp\/v2\/tags?post=86156"}],"curies":[{"name":"wp","href":"https:\/\/api.w.org\/{rel}","templated":true}]}}