{"id":86166,"date":"2018-12-28T18:00:17","date_gmt":"2018-12-28T21:00:17","guid":{"rendered":"http:\/\/www.hoymercedes.com.ar\/principal\/?p=86166"},"modified":"2018-12-28T17:16:16","modified_gmt":"2018-12-28T20:16:16","slug":"que-paises-luchan-por-proteger-el-ambiente","status":"publish","type":"post","link":"https:\/\/www.hoymercedes.com.ar\/principal\/2018\/12\/28\/que-paises-luchan-por-proteger-el-ambiente\/","title":{"rendered":"\u00bfQu\u00e9 pa\u00edses luchan por proteger el ambiente?"},"content":{"rendered":"\n<p>Cristi\u00e1n\nFrers* &#8211; En tiempos de hoy, cuidar el planeta es una necesidad que ya la\nmayor\u00eda de los pa\u00edses del mundo est\u00e1 tomando como metas para el milenio. Las\nriquezas naturales hacen afortunados a los pa\u00edses. Argentina es rica en\nrecursos naturales y tambi\u00e9n lo es en productos naturales, y por ello, nuestro\npa\u00eds es considerado megadiverso, expresi\u00f3n que resalta lo rico que somos en\nvida animal, vida vegetal y paisajes.<\/p>\n\n\n\n<p>Como\npuede deducirse, son muchas formas en que el hombre, a trav\u00e9s de sus\nactividades, puede alterar el equilibrio natural, pero en general, se puede\nconsiderar el sobreuso y abuso de la naturaleza, por la incorporaci\u00f3n de\nsubstancias externas derivadas de su quehacer industrial, tecnol\u00f3gico o\ndom\u00e9stico.<\/p>\n\n\n\n<p>La\nrespuesta deber\u00eda ser simple porque el ambiente es todo lo que afecta a un ser\nvivo y condiciona especialmente las circunstancias de vida de las personas o la\nsociedad en su vida.<\/p>\n\n\n\n<p>Comprende\nel conjunto de valores naturales, sociales y culturales existentes en un lugar\ny un momento determinado, que influyen en la vida del ser humano y en las\ngeneraciones venideras. Es decir, no se trata s\u00f3lo del espacio en el que se\ndesarrolla la vida sino que tambi\u00e9n abarca seres vivos, objetos, agua, suelo,\naire y las relaciones entre ellos, as\u00ed como elementos tan intangibles como la\ncultura.<\/p>\n\n\n\n<p>Al\nabusar o hacer mal uso de los recursos naturales que se obtienen del ambiente,\nlo ponemos en peligro y lo agotamos. El aire y el agua est\u00e1n contamin\u00e1ndose,\nlos bosques est\u00e1n desapareciendo y los animales se van extinguiendo.<\/p>\n\n\n\n<p>Se\ndebe promover la educaci\u00f3n ambiental por la importancia de formar conciencia\nambiental en la comunidad, tendientes a lograr comportamientos responsables y\ncomprometidos con la protecci\u00f3n del ambiente y el desarrollo sostenible.<\/p>\n\n\n\n<p>Es\nnecesario que el aprendizaje sea significativo y experiencial, se debe aprender\nobservando, viviendo, estando all\u00ed, y sobre todo sabiendo c\u00f3mo se hacen las cosas.\nPor eso hay que ense\u00f1ar a tomar parte activa del cuidado del ambiente mediante\nla pr\u00e1ctica, y explicar las consecuencias de nuestros actos y debe hacerse\nr\u00e1pido porque la poblaci\u00f3n, en general, vive mejor que hace una d\u00e9cada, pero\nlos avances para garantizar que los beneficios del desarrollo tan b\u00e1sicos como\nla seguridad alimentaria alcancen a todos los seres humanos en 2030 no son lo\nsuficientemente auspiciosos y requieren un impulso urgente.<\/p>\n\n\n\n<p>Para\nanalizar el desarrollo sustentable en pais es \u00fatil mirar su estado actual y\nsobre todo tendencias en materias de conservaci\u00f3n, uso de energ\u00eda, consumo,\npol\u00edticas p\u00fablicas, entre otras cosas. que hablen de c\u00f3mo el pa\u00eds se est\u00e1\ndesarrollando con miras a garantizar a generaciones futuras de argentinos los\nrecursos naturales necesarios para su supervivencia.<\/p>\n\n\n\n<p>El\nEstado y las entidades p\u00fablicas en general deben promover un modelo de\ndesarrollo ambientalmente sostenible, protegiendo el ambiente y, si \u00e9ste fuere\ndeteriorado, recuperarlo o exigir su recuperaci\u00f3n. <\/p>\n\n\n\n<p>Los\nretos para los pr\u00f3ximos cuatro a\u00f1os, a partir del 2019 del gobierno de Mauricio\nMacri o el que prosiga, no ser\u00e1n pocos.&nbsp;Si se quiere proteger el ambiente,\nla institucionalidad ambiental en Argentina debe ser reformada tarde o\ntemprano, porque no tiene las capacidades para atender ninguna situaci\u00f3n y,\npeor a\u00fan, no dispone de capacidad para reparar las \u00e1reas m\u00e1s cr\u00edticas en temas\nambientales. El pa\u00eds va a sufrir dentro de pocos a\u00f1os el costo brutal de la\ncontaminaci\u00f3n de los r\u00edos, ya que de las comunidades de peces depende una\nporci\u00f3n importante del sector rural. Las decisiones ambientales que se ejecuten\nen los pr\u00f3ximos a\u00f1os ser\u00e1n claves para el desarrollo sostenible de cara a un\nfuturo.<\/p>\n\n\n\n<p>El&nbsp; panorama muestra un entorno de desesperanza\npara algunos pa\u00edses subdesarrollados que han contemplado el modelo sustentable\nen su estructura pol\u00edtica-social. No obstante, aunque localmente han surgido\ncomunidades que desde sus pr\u00e1cticas cuidan y conservan la naturaleza, es\ndif\u00edcil creer que r\u00e1pidamente esto tomar\u00e1 la direcci\u00f3n de un efecto domin\u00f3\nafectando a \u00e1reas nacionales o regionales.<\/p>\n\n\n\n<p>Hay\nque motivar a todo pueblo a que reclame lo que le pertenece, a que exija que le\npermitan tener un lugar donde vivir en armon\u00eda con su entorno, para el disfrute\nde toda la especie y de sus futuras generaciones y solo as\u00ed podr\u00edamos hablar de\nque estamos logrando algo profundo, un cambio real.<\/p>\n\n\n\n<p>*Cristi\u00e1n\nFrers \u2013 T\u00e9cnico Superior en Gesti\u00f3n Ambiental y T\u00e9cnico Superior en\nComunicaci\u00f3n Social (Periodista).<\/p>\n","protected":false},"excerpt":{"rendered":"<p>Cristi\u00e1n Frers* &#8211; En tiempos de hoy, cuidar el planeta es una necesidad que ya la mayor\u00eda de los pa\u00edses &#8230; <a title=\"\u00bfQu\u00e9 pa\u00edses luchan por proteger el ambiente?\" class=\"read-more\" href=\"https:\/\/www.hoymercedes.com.ar\/principal\/2018\/12\/28\/que-paises-luchan-por-proteger-el-ambiente\/\" aria-label=\"Leer m\u00e1s sobre \u00bfQu\u00e9 pa\u00edses luchan por proteger el ambiente?\">Leer m\u00e1s<\/a><\/p>\n","protected":false},"author":1,"featured_media":83475,"comment_status":"closed","ping_status":"open","sticky":false,"template":"","format":"standard","meta":{"_monsterinsights_skip_tracking":false,"_monsterinsights_sitenote_active":false,"_monsterinsights_sitenote_note":"","_monsterinsights_sitenote_category":0,"jetpack_post_was_ever_published":false,"_jetpack_newsletter_access":"","_jetpack_dont_email_post_to_subs":false,"_jetpack_newsletter_tier_id":0,"_jetpack_memberships_contains_paywalled_content":false,"_jetpack_memberships_contains_paid_content":false,"footnotes":"","jetpack_publicize_message":"","jetpack_publicize_feature_enabled":true,"jetpack_social_post_already_shared":true,"jetpack_social_options":{"image_generator_settings":{"template":"highway","default_image_id":0,"font":"","enabled":false},"version":2},"_wpas_customize_per_network":false},"categories":[1],"tags":[43,8748],"class_list":["post-86166","post","type-post","status-publish","format-standard","has-post-thumbnail","hentry","category-opinion","tag-medio-ambiente","tag-opinion","generate-columns","tablet-grid-50","mobile-grid-100","grid-parent","grid-50"],"jetpack_publicize_connections":[],"jetpack_featured_media_url":"https:\/\/www.hoymercedes.com.ar\/principal\/wp-content\/uploads\/2018\/11\/04-educacion-ambiental.jpg","wps_subtitle":"","jetpack_sharing_enabled":true,"_links":{"self":[{"href":"https:\/\/www.hoymercedes.com.ar\/principal\/wp-json\/wp\/v2\/posts\/86166","targetHints":{"allow":["GET"]}}],"collection":[{"href":"https:\/\/www.hoymercedes.com.ar\/principal\/wp-json\/wp\/v2\/posts"}],"about":[{"href":"https:\/\/www.hoymercedes.com.ar\/principal\/wp-json\/wp\/v2\/types\/post"}],"author":[{"embeddable":true,"href":"https:\/\/www.hoymercedes.com.ar\/principal\/wp-json\/wp\/v2\/users\/1"}],"replies":[{"embeddable":true,"href":"https:\/\/www.hoymercedes.com.ar\/principal\/wp-json\/wp\/v2\/comments?post=86166"}],"version-history":[{"count":0,"href":"https:\/\/www.hoymercedes.com.ar\/principal\/wp-json\/wp\/v2\/posts\/86166\/revisions"}],"wp:featuredmedia":[{"embeddable":true,"href":"https:\/\/www.hoymercedes.com.ar\/principal\/wp-json\/wp\/v2\/media\/83475"}],"wp:attachment":[{"href":"https:\/\/www.hoymercedes.com.ar\/principal\/wp-json\/wp\/v2\/media?parent=86166"}],"wp:term":[{"taxonomy":"category","embeddable":true,"href":"https:\/\/www.hoymercedes.com.ar\/principal\/wp-json\/wp\/v2\/categories?post=86166"},{"taxonomy":"post_tag","embeddable":true,"href":"https:\/\/www.hoymercedes.com.ar\/principal\/wp-json\/wp\/v2\/tags?post=86166"}],"curies":[{"name":"wp","href":"https:\/\/api.w.org\/{rel}","templated":true}]}}