{"id":8617,"date":"2011-10-25T12:26:17","date_gmt":"2011-10-25T12:26:17","guid":{"rendered":"http:\/\/www.hoymercedes.com.ar\/principal\/?p=8617"},"modified":"2011-10-25T12:26:17","modified_gmt":"2011-10-25T12:26:17","slug":"la-campora-la-interna-y-el-rol-de-wado-de-pedro","status":"publish","type":"post","link":"https:\/\/www.hoymercedes.com.ar\/principal\/2011\/10\/25\/la-campora-la-interna-y-el-rol-de-wado-de-pedro\/","title":{"rendered":"La C\u00e1mpora, la interna y el rol de Wado de Pedro"},"content":{"rendered":"<p>Seg\u00fan algunos medios de capital, en especial el dedicado a pol\u00edtica, La Pol\u00edtica Online, la interna de La C\u00e1mpora a nivel Nacional est\u00e1 a fuego vivo luego de las elecciones.<\/p>\n<p>Para algunos el gran ganador es el \u00abCuervo\u00bb Larroque\u00a0qui\u00e9n\u00a0con su tarea en Capital Federal solidific\u00f3 la elecci\u00f3n Feletti qui\u00e9l le sac\u00f3 una muy amplia diferencia al segundo proveniente del Pro: Pinedo.<\/p>\n<p>Respecto a Wado de Pedro sostienen que sus \u00abacciones\u00bb pol\u00edticas podr\u00edan devaluarse ante Larroque dado que el segundo logr\u00f3 un resultado positivo mientras que el primero no, a pesar de contar con todo el aparato nacional y el apoyo de los m\u00e1s importantes funcionarios.<\/p>\n<p>La Pol\u00edtica Online dice:<\/p>\n<p><em><strong>La C\u00e1mpora: Suben las acciones de Larroque y cae \u201cWado\u201d De Pedro<\/strong><\/em><\/p>\n<p><em>Tras el triunfo de Cristina Kirchner en la Capital Federal, Andr\u00e9s Larroque sum\u00f3 poder en la disputa por el liderazgo en La C\u00e1mpora. El \u201cCuervo\u201d gana espacios dentro de la agrupaci\u00f3n al tiempo que la elecci\u00f3n de ayer significaron un duro golpe para \u00abWado\u00bb De Pedro quien apost\u00f3 fuerte por Juan Ustarroz en Mercedes pero cay\u00f3 ante el intendente, Carlos Selva.<\/em><\/p>\n<p><em>En la interna de La C\u00e1mpora, Andr\u00e9s Larroque le sac\u00f3 algunos cuerpos de ventaja a Eduardo \u00abWado\u00bb De Pedro. El \u201cCuervo\u201d logr\u00f3 ingresar anoche como tercer diputado nacional y sum\u00f3 puntos por ser parte del armado que permiti\u00f3 el triunfo de Cristina Kirchner en el territorio de Mauricio Macri. En tanto, De Pedro, apost\u00f3 fuerte para que la agrupaci\u00f3n tenga su primer intendente, baj\u00f3 a las figuras m\u00e1s importantes del gabinete a Mercedes y, sin embargo, su candidato, Juan Ustarroz fue derrotado.<\/em><\/p>\n<p><em>El triunfo de la Presidenta en la elecci\u00f3n de anoche tuvo varias aristas. Una de ellas fue el triunfo en Capital Federal, territorio de Mauricio Macri. Cristina incluso, mencion\u00f3 su satisfacci\u00f3n en su discurso y despu\u00e9s se lo hizo saber a Larroque.<\/em><\/p>\n<p><em>Es que el \u201cCuervo\u201d fue una especie de fact\u00f3tum de la campa\u00f1a y en los \u00faltimos meses \u2013en particular tras las elecciones en la Ciudad de Buenos Aires- creci\u00f3 en relaci\u00f3n a Juan Cabandi\u00e9 en su disputa por el liderazgo porte\u00f1o en la agrupaci\u00f3n.<\/em><\/p>\n<p><em>Ahora, tras la elecci\u00f3n de ayer, Larroque se impone frente a De Pedro, vicepresidente de Aerol\u00edneas Argentinas, en la propia construcci\u00f3n de La C\u00e1mpora.<\/em><\/p>\n<p><em>Hoy, las acciones que caen son las de \u201cWado\u201d, considerado el \u201cNuevo Zannini\u201d en el gobierno nacional, alguien con perfil intelectual con m\u00e1ximo poder en la toma de decisiones de La C\u00e1mpora.<\/em><\/p>\n<p><em>De Pedro apost\u00f3 muy fuerte para que su medio hermano Juan Ustarroz derrote Carlos Selva, el intendente de Mercedes. De Pedro baj\u00f3 all\u00ed todo el aparato de La C\u00e1mpora y logr\u00f3 que los ministros m\u00e1s importantes del gabinete de Cristina expresen su apoyo a Ustarroz.<\/em><\/p>\n<p><em>Selva, un kirchnerista leal, resisti\u00f3 el embate que llegaba desde las propias entra\u00f1as del gobierno nacional y, si bien contaba con un apoyo de varios intendentes de la Primera Secci\u00f3n, no logr\u00f3 que el gobierno haga p\u00fablico su respald\u00f3 a su gesti\u00f3n.<\/em><\/p>\n<p><em>Amado Boudou, Diego Bossio, Julio Alak, Gabriel Mariotto, Alberto Sileoni, Juli\u00e1n Dom\u00ednguez, entre otros fueron los funcionarios que visitaron el distrito para \u201cbendecir\u201d al candidato de La C\u00e1mpora impulsados por De Pedro, quien adem\u00e1s aport\u00f3 los fondos para la campa\u00f1a.<\/em><\/p>\n<p><em>Con 98,6% de las mesas escrutadas, Selva se impone con el 41%. Ustarroz, por su parte, alcanza el 37,5%, despu\u00e9s de haber recibido el apoyo expl\u00edcito de la Casa Rosada, que incluy\u00f3 la visita de varios referentes nacionales del oficialismo.<\/em><\/p>\n<p><em>Durante la jornada de ayer, tanto Selva como Ustarroz se hab\u00edan declarado vencedores del acto eleccionario, lo cual gener\u00f3 un escenario de mucha confusi\u00f3n y tensi\u00f3n hasta la madrugada. Ahora, la tendencia a favor del actual intendente es irreversible.<\/em><\/p>\n<p><em>Cerca de las 21.30 de anoche, Selva se adjudic\u00f3 la victoria en estas elecciones generales, tras haber perdido con Ustarroz en las primarias del 14 de agosto por muy pocos puntos. De este modo, el jefe comunal comenzar\u00e1 en diciembre su tercer periodo de gobierno.<\/em><\/p>\n<p><em>En el bunker de Ustarroz la euforia de los \u00faltimos d\u00edas dej\u00f3 lugar a las caras largas que comenzaban a confirmar lo que parec\u00eda indiscutible. En tanto, los locales partidarios del resto de las fuerzas opositoras cerraron poco despu\u00e9s de las 18. La tendencia era irreversible para todos y ninguno de ellos alcanzar\u00eda el piso para colar concejales.<\/em><\/p>\n<p><em>La derrota de ayer en Mercedes, significa adem\u00e1s para \u201cWado\u201d un fuerte golpe a sus aspiraciones ministeriales o de presidir el bloque kirchnerista en la c\u00e1mara de Diputados.<\/em><\/p>\n<p>Enlace: <a href=\"http:\/\/lapoliticaonline.com\/noticias\/val\/77507-6\/la-campora-suben-las-acciones-de-larroque-y-cae-%E2%80%9Cwado-de-pedro.html\" target=\"_blank\" rel=\"noopener\">LPO<\/a><\/p>\n","protected":false},"excerpt":{"rendered":"<p>Seg\u00fan algunos medios de capital, en especial el dedicado a pol\u00edtica, La Pol\u00edtica Online, la interna de La C\u00e1mpora a &#8230; <a title=\"La C\u00e1mpora, la interna y el rol de Wado de Pedro\" class=\"read-more\" href=\"https:\/\/www.hoymercedes.com.ar\/principal\/2011\/10\/25\/la-campora-la-interna-y-el-rol-de-wado-de-pedro\/\" aria-label=\"Leer m\u00e1s sobre La C\u00e1mpora, la interna y el rol de Wado de Pedro\">Leer m\u00e1s<\/a><\/p>\n","protected":false},"author":1,"featured_media":0,"comment_status":"open","ping_status":"open","sticky":false,"template":"","format":"standard","meta":{"_monsterinsights_skip_tracking":false,"_monsterinsights_sitenote_active":false,"_monsterinsights_sitenote_note":"","_monsterinsights_sitenote_category":0,"jetpack_post_was_ever_published":false,"_jetpack_newsletter_access":"","_jetpack_dont_email_post_to_subs":false,"_jetpack_newsletter_tier_id":0,"_jetpack_memberships_contains_paywalled_content":false,"_jetpack_memberships_contains_paid_content":false,"footnotes":"","jetpack_publicize_message":"","jetpack_publicize_feature_enabled":true,"jetpack_social_post_already_shared":false,"jetpack_social_options":{"image_generator_settings":{"template":"highway","default_image_id":0,"font":"","enabled":false},"version":2},"_wpas_customize_per_network":false},"categories":[5],"tags":[281],"class_list":["post-8617","post","type-post","status-publish","format-standard","hentry","category-politica","tag-wado-de-pedro","generate-columns","tablet-grid-50","mobile-grid-100","grid-parent","grid-50"],"jetpack_publicize_connections":[],"jetpack_featured_media_url":"","wps_subtitle":"","jetpack_sharing_enabled":true,"_links":{"self":[{"href":"https:\/\/www.hoymercedes.com.ar\/principal\/wp-json\/wp\/v2\/posts\/8617","targetHints":{"allow":["GET"]}}],"collection":[{"href":"https:\/\/www.hoymercedes.com.ar\/principal\/wp-json\/wp\/v2\/posts"}],"about":[{"href":"https:\/\/www.hoymercedes.com.ar\/principal\/wp-json\/wp\/v2\/types\/post"}],"author":[{"embeddable":true,"href":"https:\/\/www.hoymercedes.com.ar\/principal\/wp-json\/wp\/v2\/users\/1"}],"replies":[{"embeddable":true,"href":"https:\/\/www.hoymercedes.com.ar\/principal\/wp-json\/wp\/v2\/comments?post=8617"}],"version-history":[{"count":0,"href":"https:\/\/www.hoymercedes.com.ar\/principal\/wp-json\/wp\/v2\/posts\/8617\/revisions"}],"wp:attachment":[{"href":"https:\/\/www.hoymercedes.com.ar\/principal\/wp-json\/wp\/v2\/media?parent=8617"}],"wp:term":[{"taxonomy":"category","embeddable":true,"href":"https:\/\/www.hoymercedes.com.ar\/principal\/wp-json\/wp\/v2\/categories?post=8617"},{"taxonomy":"post_tag","embeddable":true,"href":"https:\/\/www.hoymercedes.com.ar\/principal\/wp-json\/wp\/v2\/tags?post=8617"}],"curies":[{"name":"wp","href":"https:\/\/api.w.org\/{rel}","templated":true}]}}