{"id":86205,"date":"2018-12-29T12:37:44","date_gmt":"2018-12-29T15:37:44","guid":{"rendered":"http:\/\/www.hoymercedes.com.ar\/principal\/?p=86205"},"modified":"2018-12-29T11:48:34","modified_gmt":"2018-12-29T14:48:34","slug":"la-tasa-de-seguridad-e-higiene-llegaria-03-para-mercedinos-con-los-descuentos-especiales","status":"publish","type":"post","link":"https:\/\/www.hoymercedes.com.ar\/principal\/2018\/12\/29\/la-tasa-de-seguridad-e-higiene-llegaria-03-para-mercedinos-con-los-descuentos-especiales\/","title":{"rendered":"La Tasa de Seguridad e Higiene llegar\u00eda 0,3 para mercedinos con los descuentos especiales"},"content":{"rendered":"\n<p>Luego de diversas\nreuniones de trabajo a lo largo del a\u00f1o que la C\u00e1mara Econ\u00f3mica Mercedina mantuvo\ncon el Departamento Ejecutivo, finalmente se aprobaron modificaciones en los\nart\u00edculos que establecen la Tasa de Inspecci\u00f3n de Seguridad e Higiene tanto en\nel C\u00f3digo Fiscal como en la Ordenanza Impositiva. Uno de los puntos trabajados\nentre la CEM y los funcionarios fue la reducci\u00f3n de la al\u00edcuota y beneficios\npara comerciantes y empresarios locales, puntos que fueron d\u00e1ndose a lo largo\ndel 2018. <\/p>\n\n\n\n<p>\u201cGracias a\nlas gestiones de la C\u00e1mara y por la buena voluntad del Ejecutivo y el consenso\nde los legisladores que aprobaron la ordenanza. Los comerciantes y empresarios\nse ver\u00e1n beneficiados con las modificaciones en la Tasa de Seguridad e Higiene.\nUna es que no habr\u00e1 reajuste entre un a\u00f1o y otro, y el otro es la reducci\u00f3n de\nla al\u00edcuota en un punto m\u00e1s para los mercedinos. En lugar de un 0,4, pagar\u00e1n\n0,3% porque la al\u00edcuota baja con el descuento\u201d, explic\u00f3 Ariel Pietrucha,\nGerente de la CEM. <\/p>\n\n\n\n<p>\u201cAdem\u00e1s,\npasamos a un esquema de liquidaci\u00f3n bimestral por el cual se pagar\u00e1 cuota y no\nanticipo. O sea, factur\u00e9 enero y febrero, en marzo de acuerdo a la liquidaci\u00f3n\npago la cuota. Es real\u201d, agreg\u00f3 Pietrucha a la hora de explicar los beneficios\nque tendr\u00e1n los comerciantes y empresarios con las modificaciones efectuadas en\nlas normativas fiscal e impositiva locales. &nbsp;<\/p>\n\n\n\n<p>Los\ndescuentos especiales para la Tasa de Seguridad e Higiene fueron reformulados.\nLos comerciantes y empresarios tendr\u00e1n descuentos por pago anual adelantado,\npor buen cumplimiento y tambi\u00e9n por mercedino. Sin embargo, el importe a abonar\ndeterminado no podr\u00e1 ser inferior a la base imponible por el 0,30%. El\ndescuento mercedino es para los contribuyentes que posean su domicilio fiscal\nen la ciudad. A ellos se les reducir\u00e1 la al\u00edcuota en 0,45 puntos porcentuales. <\/p>\n\n\n\n<p>Por otro\nlado, entre las modificaciones solicitadas por la CEM, el Ejecutivo y el\nlegislativo reformaron el C\u00f3digo de Procedimiento Fiscal y Tributario aprobado\nen 2017 en su cap\u00edtulo Tasa de Inspecci\u00f3n de Seguridad e Higiene. Las\nmodificaciones significan que no habr\u00e1 reajuste entre un a\u00f1o y otro para\nquienes abonen la Tasa mencionada. <\/p>\n\n\n\n<p>La\nmodificaci\u00f3n del art\u00edculo 74 establece que la \u201cobligaci\u00f3n fiscal se efectuar\u00e1\nen base a los Ingresos Brutos Anuales del a\u00f1o anterior multiplicado por la\nal\u00edcuota correspondiente seg\u00fan la actividad detallada en la Ordenanza\nImpositiva\u201d. Dicho importe se dividir\u00e1 en seis cuotas que ser\u00e1n los seis\nanticipos a pagar en el a\u00f1o que no podr\u00e1n ser menor a los m\u00ednimos establecidos.\n<\/p>\n\n\n\n<p>En tanto,\nen el art\u00edculo 88 la modificaci\u00f3n establece que \u201cal momento de realizar la\nliquidaci\u00f3n junto con la Declaraci\u00f3n Jurada anual previa para el R\u00e9gimen General,\nel Departamento Ejecutivo determinar\u00e1 el saldo a favor o a pagar por el\nContribuyente: En caso de poseer saldo a favor, podr\u00e1 compensarse con las\nDeclaraciones Juradas del pr\u00f3ximo a\u00f1o, salvo que posea deudas por otras Tasas o\nDerechos en cuyo caso el Departamento Ejecutivo lo podr\u00e1 atribuir a \u00e9stos\u201d. <\/p>\n\n\n\n<p>La\nordenanza fue aprobada en el mes de diciembre en una sesi\u00f3n extraordinaria del\nConcejo Deliberante, desde la C\u00e1mara Econ\u00f3mica anticiparon que las reuniones\ncon legisladores y funcionarios continuar\u00e1n a lo largo de este 2019. <\/p>\n","protected":false},"excerpt":{"rendered":"<p>Luego de diversas reuniones de trabajo a lo largo del a\u00f1o que la C\u00e1mara Econ\u00f3mica Mercedina mantuvo con el Departamento &#8230; <a title=\"La Tasa de Seguridad e Higiene llegar\u00eda 0,3 para mercedinos con los descuentos especiales\" class=\"read-more\" href=\"https:\/\/www.hoymercedes.com.ar\/principal\/2018\/12\/29\/la-tasa-de-seguridad-e-higiene-llegaria-03-para-mercedinos-con-los-descuentos-especiales\/\" aria-label=\"Leer m\u00e1s sobre La Tasa de Seguridad e Higiene llegar\u00eda 0,3 para mercedinos con los descuentos especiales\">Leer m\u00e1s<\/a><\/p>\n","protected":false},"author":1,"featured_media":86207,"comment_status":"closed","ping_status":"open","sticky":false,"template":"","format":"standard","meta":{"_monsterinsights_skip_tracking":false,"_monsterinsights_sitenote_active":false,"_monsterinsights_sitenote_note":"","_monsterinsights_sitenote_category":0,"jetpack_post_was_ever_published":false,"_jetpack_newsletter_access":"","_jetpack_dont_email_post_to_subs":false,"_jetpack_newsletter_tier_id":0,"_jetpack_memberships_contains_paywalled_content":false,"_jetpack_memberships_contains_paid_content":false,"footnotes":"","jetpack_publicize_message":"","jetpack_publicize_feature_enabled":true,"jetpack_social_post_already_shared":true,"jetpack_social_options":{"image_generator_settings":{"template":"highway","default_image_id":0,"font":"","enabled":false},"version":2},"_wpas_customize_per_network":false},"categories":[8],"tags":[267,682,12428,9633],"class_list":["post-86205","post","type-post","status-publish","format-standard","has-post-thumbnail","hentry","category-sociedad","tag-camara-economica-mercedina","tag-cem","tag-ordenanza-impositiva","tag-tasa-de-seguridad-e-higiene","generate-columns","tablet-grid-50","mobile-grid-100","grid-parent","grid-50"],"jetpack_publicize_connections":[],"jetpack_featured_media_url":"https:\/\/www.hoymercedes.com.ar\/principal\/wp-content\/uploads\/2018\/12\/Ariel-pietrucha-2018.jpg","wps_subtitle":"Importante logro de la C\u00e1mara Econ\u00f3mica","jetpack_sharing_enabled":true,"_links":{"self":[{"href":"https:\/\/www.hoymercedes.com.ar\/principal\/wp-json\/wp\/v2\/posts\/86205","targetHints":{"allow":["GET"]}}],"collection":[{"href":"https:\/\/www.hoymercedes.com.ar\/principal\/wp-json\/wp\/v2\/posts"}],"about":[{"href":"https:\/\/www.hoymercedes.com.ar\/principal\/wp-json\/wp\/v2\/types\/post"}],"author":[{"embeddable":true,"href":"https:\/\/www.hoymercedes.com.ar\/principal\/wp-json\/wp\/v2\/users\/1"}],"replies":[{"embeddable":true,"href":"https:\/\/www.hoymercedes.com.ar\/principal\/wp-json\/wp\/v2\/comments?post=86205"}],"version-history":[{"count":0,"href":"https:\/\/www.hoymercedes.com.ar\/principal\/wp-json\/wp\/v2\/posts\/86205\/revisions"}],"wp:featuredmedia":[{"embeddable":true,"href":"https:\/\/www.hoymercedes.com.ar\/principal\/wp-json\/wp\/v2\/media\/86207"}],"wp:attachment":[{"href":"https:\/\/www.hoymercedes.com.ar\/principal\/wp-json\/wp\/v2\/media?parent=86205"}],"wp:term":[{"taxonomy":"category","embeddable":true,"href":"https:\/\/www.hoymercedes.com.ar\/principal\/wp-json\/wp\/v2\/categories?post=86205"},{"taxonomy":"post_tag","embeddable":true,"href":"https:\/\/www.hoymercedes.com.ar\/principal\/wp-json\/wp\/v2\/tags?post=86205"}],"curies":[{"name":"wp","href":"https:\/\/api.w.org\/{rel}","templated":true}]}}