{"id":8621,"date":"2011-10-25T12:36:05","date_gmt":"2011-10-25T12:36:05","guid":{"rendered":"http:\/\/www.hoymercedes.com.ar\/principal\/?p=8621"},"modified":"2011-10-25T12:36:05","modified_gmt":"2011-10-25T12:36:05","slug":"frente-mercedino-caminata-en-agradecimiento","status":"publish","type":"post","link":"https:\/\/www.hoymercedes.com.ar\/principal\/2011\/10\/25\/frente-mercedino-caminata-en-agradecimiento\/","title":{"rendered":"Frente Mercedino: caminata en agradecimiento"},"content":{"rendered":"<p>Seg\u00fan declaraciones de Ustarroz el pr\u00f3ximo s\u00e1bado llevar\u00e1n\u00a0adelante una caminata por la ciudad donde dar\u00e1n su agradecimiento a la comuna por el apoyo brindado dado que no es un dato menor haber sacado m\u00e1s de catorce mil votos.<\/p>\n<p>EL pr\u00f3ximo jueves, a su vez, planear realizar un acto en conmemoraci\u00f3n del primer aniversario de la muerte de N\u00e9stor Kirchner.<\/p>\n<p>Ratific\u00f3 el referente del Frente Mercedino que seguir\u00e1n trabajando en pos del 2013 y del 2015 dado que son un espacio de poder que no dejar\u00e1 de movilizarse.<\/p>\n<p>A\u00fan, seg\u00fan sus palabras, no tuvo respuesta del mensaje y del llamado que le envi\u00f3 al intendente luego de la victoria para darle sus felicitaciones.<\/p>\n<p>Ustarroz, de esta manera, confirma que seguir\u00e1n como fuerza pol\u00edtica trabajando para la ciudad.<\/p>\n","protected":false},"excerpt":{"rendered":"<p>Seg\u00fan declaraciones de Ustarroz el pr\u00f3ximo s\u00e1bado llevar\u00e1n\u00a0adelante una caminata por la ciudad donde dar\u00e1n su agradecimiento a la comuna &#8230; <a title=\"Frente Mercedino: caminata en agradecimiento\" class=\"read-more\" href=\"https:\/\/www.hoymercedes.com.ar\/principal\/2011\/10\/25\/frente-mercedino-caminata-en-agradecimiento\/\" aria-label=\"Leer m\u00e1s sobre Frente Mercedino: caminata en agradecimiento\">Leer m\u00e1s<\/a><\/p>\n","protected":false},"author":1,"featured_media":0,"comment_status":"open","ping_status":"open","sticky":false,"template":"","format":"standard","meta":{"_monsterinsights_skip_tracking":false,"_monsterinsights_sitenote_active":false,"_monsterinsights_sitenote_note":"","_monsterinsights_sitenote_category":0,"jetpack_post_was_ever_published":false,"_jetpack_newsletter_access":"","_jetpack_dont_email_post_to_subs":false,"_jetpack_newsletter_tier_id":0,"_jetpack_memberships_contains_paywalled_content":false,"_jetpack_memberships_contains_paid_content":false,"footnotes":"","jetpack_publicize_message":"","jetpack_publicize_feature_enabled":true,"jetpack_social_post_already_shared":false,"jetpack_social_options":{"image_generator_settings":{"template":"highway","default_image_id":0,"font":"","enabled":false},"version":2},"_wpas_customize_per_network":false},"categories":[5],"tags":[424],"class_list":["post-8621","post","type-post","status-publish","format-standard","hentry","category-politica","tag-ustarroz","generate-columns","tablet-grid-50","mobile-grid-100","grid-parent","grid-50"],"jetpack_publicize_connections":[],"jetpack_featured_media_url":"","wps_subtitle":"","jetpack_sharing_enabled":true,"_links":{"self":[{"href":"https:\/\/www.hoymercedes.com.ar\/principal\/wp-json\/wp\/v2\/posts\/8621","targetHints":{"allow":["GET"]}}],"collection":[{"href":"https:\/\/www.hoymercedes.com.ar\/principal\/wp-json\/wp\/v2\/posts"}],"about":[{"href":"https:\/\/www.hoymercedes.com.ar\/principal\/wp-json\/wp\/v2\/types\/post"}],"author":[{"embeddable":true,"href":"https:\/\/www.hoymercedes.com.ar\/principal\/wp-json\/wp\/v2\/users\/1"}],"replies":[{"embeddable":true,"href":"https:\/\/www.hoymercedes.com.ar\/principal\/wp-json\/wp\/v2\/comments?post=8621"}],"version-history":[{"count":0,"href":"https:\/\/www.hoymercedes.com.ar\/principal\/wp-json\/wp\/v2\/posts\/8621\/revisions"}],"wp:attachment":[{"href":"https:\/\/www.hoymercedes.com.ar\/principal\/wp-json\/wp\/v2\/media?parent=8621"}],"wp:term":[{"taxonomy":"category","embeddable":true,"href":"https:\/\/www.hoymercedes.com.ar\/principal\/wp-json\/wp\/v2\/categories?post=8621"},{"taxonomy":"post_tag","embeddable":true,"href":"https:\/\/www.hoymercedes.com.ar\/principal\/wp-json\/wp\/v2\/tags?post=8621"}],"curies":[{"name":"wp","href":"https:\/\/api.w.org\/{rel}","templated":true}]}}