{"id":86214,"date":"2018-12-29T21:09:02","date_gmt":"2018-12-30T00:09:02","guid":{"rendered":"http:\/\/www.hoymercedes.com.ar\/principal\/?p=86214"},"modified":"2018-12-29T21:09:10","modified_gmt":"2018-12-30T00:09:10","slug":"%ef%bb%bfdematei-nunca-hubo-tanta-obra-publica-con-fondos-propios-como-ahora","status":"publish","type":"post","link":"https:\/\/www.hoymercedes.com.ar\/principal\/2018\/12\/29\/%ef%bb%bfdematei-nunca-hubo-tanta-obra-publica-con-fondos-propios-como-ahora\/","title":{"rendered":"\ufeffDematei \u00abnunca hubo tanta obra p\u00fablica con fondos propios como ahora\u00bb"},"content":{"rendered":"\n<p><br><\/p>\n\n\n\n<div class=\"wp-block-image\"><figure class=\"aligncenter\"><img loading=\"lazy\" decoding=\"async\" width=\"479\" height=\"480\" data-attachment-id=\"68555\" data-permalink=\"https:\/\/www.hoymercedes.com.ar\/principal\/2017\/10\/19\/matias-dematei-espreso-su-preocupacion-por-el-vamos-por-todo-y-el-ordenamos-de-cambiemos\/dematei\/#main\" data-orig-file=\"https:\/\/www.hoymercedes.com.ar\/principal\/wp-content\/uploads\/2017\/10\/Dematei.jpeg\" data-orig-size=\"479,480\" data-comments-opened=\"0\" data-image-meta=\"{&quot;aperture&quot;:&quot;0&quot;,&quot;credit&quot;:&quot;&quot;,&quot;camera&quot;:&quot;&quot;,&quot;caption&quot;:&quot;&quot;,&quot;created_timestamp&quot;:&quot;0&quot;,&quot;copyright&quot;:&quot;&quot;,&quot;focal_length&quot;:&quot;0&quot;,&quot;iso&quot;:&quot;0&quot;,&quot;shutter_speed&quot;:&quot;0&quot;,&quot;title&quot;:&quot;&quot;,&quot;orientation&quot;:&quot;0&quot;}\" data-image-title=\"Dematei\" data-image-description=\"\" data-image-caption=\"\" data-large-file=\"https:\/\/www.hoymercedes.com.ar\/principal\/wp-content\/uploads\/2017\/10\/Dematei.jpeg\" src=\"https:\/\/www.hoymercedes.com.ar\/principal\/wp-content\/uploads\/2017\/10\/Dematei.jpeg\" alt=\"\" class=\"wp-image-68555\" srcset=\"https:\/\/www.hoymercedes.com.ar\/principal\/wp-content\/uploads\/2017\/10\/Dematei.jpeg 479w, https:\/\/www.hoymercedes.com.ar\/principal\/wp-content\/uploads\/2017\/10\/Dematei-150x150.jpeg 150w\" sizes=\"auto, (max-width: 479px) 100vw, 479px\" \/><figcaption>Mat\u00edas Dematei, jefe de gabinete, Municipalidad de Mercedes <\/figcaption><\/figure><\/div>\n\n\n\n<p>El jefe de gabinete, <strong>Mat\u00edas Dematei<\/strong>, expres\u00f3 que el a\u00f1o termino con obras y as\u00ed continuar\u00e1 el que se inicia. Mencion\u00f3 que se est\u00e1 trabajando en la nueva vereda de la Escuela de Arte, a la vez que se est\u00e1 ampliando la obra de desobstrucci\u00f3n de calle 11 y 32 yendo ahora hacia 34 dado que \u00abtras detectarse el tap\u00f3n se hizo el primer corte de pavimento y all\u00ed una intervenci\u00f3n que permiti\u00f3 encontrar otra anomal\u00eda que estamos ya corrigiendo\u00bb dijo y destac\u00f3 que \u00abel tema cloacal es importante como as\u00ed tambi\u00e9n tener en cuenta que es la de Mercedes de las m\u00e1s viejas que existen en la provincia\u00bb<\/p>\n\n\n\n<p>M\u00e1s adelante coment\u00f3 que \u00ablas veredas en la escuela de arte es algo que beneficia a la instituci\u00f3n, pero tambi\u00e9n a todos los vecinos\u00bb y rescat\u00f3 que \u00abhemos cerrado un 2018 con una inversi\u00f3n en obra de 100 millones y con otros casi 59 millones con la avenida 2 que se convirti\u00f3 en algo fundamental porque estaba en juego la vida de los mercedinos, adem\u00e1s de que hubo un claro incumplimiento por parte del gobierno nacional\u00bb sostuvo sin dejar de marcar que \u00absanear la econom\u00eda, comprar m\u00e1quinas al contado, cuidar el dinero de los mercedinos nos est\u00e1 dando este buen presente en un contexto de pa\u00eds cada d\u00eda m\u00e1s en crisis\u00bb afirm\u00f3 el <strong>jefe de gabinete.<\/strong><\/p>\n","protected":false},"excerpt":{"rendered":"<p>El jefe de gabinete, Mat\u00edas Dematei, expres\u00f3 que el a\u00f1o termino con obras y as\u00ed continuar\u00e1 el que se inicia. &#8230; <a title=\"\ufeffDematei \u00abnunca hubo tanta obra p\u00fablica con fondos propios como ahora\u00bb\" class=\"read-more\" href=\"https:\/\/www.hoymercedes.com.ar\/principal\/2018\/12\/29\/%ef%bb%bfdematei-nunca-hubo-tanta-obra-publica-con-fondos-propios-como-ahora\/\" aria-label=\"Leer m\u00e1s sobre \ufeffDematei \u00abnunca hubo tanta obra p\u00fablica con fondos propios como ahora\u00bb\">Leer m\u00e1s<\/a><\/p>\n","protected":false},"author":1,"featured_media":0,"comment_status":"closed","ping_status":"open","sticky":false,"template":"","format":"standard","meta":{"_monsterinsights_skip_tracking":false,"_monsterinsights_sitenote_active":false,"_monsterinsights_sitenote_note":"","_monsterinsights_sitenote_category":0,"jetpack_post_was_ever_published":false,"_jetpack_newsletter_access":"","_jetpack_dont_email_post_to_subs":false,"_jetpack_newsletter_tier_id":0,"_jetpack_memberships_contains_paywalled_content":false,"_jetpack_memberships_contains_paid_content":false,"footnotes":"","jetpack_publicize_message":"","jetpack_publicize_feature_enabled":true,"jetpack_social_post_already_shared":true,"jetpack_social_options":{"image_generator_settings":{"template":"highway","default_image_id":0,"font":"","enabled":false},"version":2},"_wpas_customize_per_network":false},"categories":[30],"tags":[3810],"class_list":["post-86214","post","type-post","status-publish","format-standard","hentry","category-municipio","tag-matias-dematei","generate-columns","tablet-grid-50","mobile-grid-100","grid-parent","grid-50"],"jetpack_publicize_connections":[],"jetpack_featured_media_url":"","wps_subtitle":"Obra p\u00fablica","jetpack_sharing_enabled":true,"_links":{"self":[{"href":"https:\/\/www.hoymercedes.com.ar\/principal\/wp-json\/wp\/v2\/posts\/86214","targetHints":{"allow":["GET"]}}],"collection":[{"href":"https:\/\/www.hoymercedes.com.ar\/principal\/wp-json\/wp\/v2\/posts"}],"about":[{"href":"https:\/\/www.hoymercedes.com.ar\/principal\/wp-json\/wp\/v2\/types\/post"}],"author":[{"embeddable":true,"href":"https:\/\/www.hoymercedes.com.ar\/principal\/wp-json\/wp\/v2\/users\/1"}],"replies":[{"embeddable":true,"href":"https:\/\/www.hoymercedes.com.ar\/principal\/wp-json\/wp\/v2\/comments?post=86214"}],"version-history":[{"count":0,"href":"https:\/\/www.hoymercedes.com.ar\/principal\/wp-json\/wp\/v2\/posts\/86214\/revisions"}],"wp:attachment":[{"href":"https:\/\/www.hoymercedes.com.ar\/principal\/wp-json\/wp\/v2\/media?parent=86214"}],"wp:term":[{"taxonomy":"category","embeddable":true,"href":"https:\/\/www.hoymercedes.com.ar\/principal\/wp-json\/wp\/v2\/categories?post=86214"},{"taxonomy":"post_tag","embeddable":true,"href":"https:\/\/www.hoymercedes.com.ar\/principal\/wp-json\/wp\/v2\/tags?post=86214"}],"curies":[{"name":"wp","href":"https:\/\/api.w.org\/{rel}","templated":true}]}}