{"id":8624,"date":"2011-10-25T12:41:34","date_gmt":"2011-10-25T12:41:34","guid":{"rendered":"http:\/\/www.hoymercedes.com.ar\/principal\/?p=8624"},"modified":"2011-10-25T12:41:34","modified_gmt":"2011-10-25T12:41:34","slug":"se-vienen-cambios-en-el-gabinete-selvista","status":"publish","type":"post","link":"https:\/\/www.hoymercedes.com.ar\/principal\/2011\/10\/25\/se-vienen-cambios-en-el-gabinete-selvista\/","title":{"rendered":"Se vienen cambios en el gabinete selvista"},"content":{"rendered":"<p>En declaraciones a la prensa el intendente local Carlos Selva confirm\u00f3 que tiene en carpeta realizar cambios en el gabinete municipal dado que ser\u00eda una l\u00ednea de continuidad con lo efectuado luego de las elecciones primarias donde entre otros se movi\u00f3 de su lugar al cuestionado Galiani.<\/p>\n<p>Lo que espera la militancia de alguna manera es eso, pero, fundamentalmente, debe refrescar la gesti\u00f3n en pos de la\u00a0fort\u00edsima\u00a0elecci\u00f3n vivida donde estuvo a punto de perder la conducci\u00f3n comunal y de hecho la logr\u00f3 retener luego de una importante movilizaci\u00f3n militante, fundamentalmente, luego de las elecciones primarias.<\/p>\n<p>Confirm\u00f3 mover\u00e1 diferentes personalidades, pero, sin dar fecha. No se trata de decir ni diez ni once de diciembre, puede ser antes o despu\u00e9s, sin embargo, ratific\u00f3 se vendr\u00e1n los cambios.<\/p>\n","protected":false},"excerpt":{"rendered":"<p>En declaraciones a la prensa el intendente local Carlos Selva confirm\u00f3 que tiene en carpeta realizar cambios en el gabinete &#8230; <a title=\"Se vienen cambios en el gabinete selvista\" class=\"read-more\" href=\"https:\/\/www.hoymercedes.com.ar\/principal\/2011\/10\/25\/se-vienen-cambios-en-el-gabinete-selvista\/\" aria-label=\"Leer m\u00e1s sobre Se vienen cambios en el gabinete selvista\">Leer m\u00e1s<\/a><\/p>\n","protected":false},"author":1,"featured_media":0,"comment_status":"open","ping_status":"open","sticky":false,"template":"","format":"standard","meta":{"_monsterinsights_skip_tracking":false,"_monsterinsights_sitenote_active":false,"_monsterinsights_sitenote_note":"","_monsterinsights_sitenote_category":0,"jetpack_post_was_ever_published":false,"_jetpack_newsletter_access":"","_jetpack_dont_email_post_to_subs":false,"_jetpack_newsletter_tier_id":0,"_jetpack_memberships_contains_paywalled_content":false,"_jetpack_memberships_contains_paid_content":false,"footnotes":"","jetpack_publicize_message":"","jetpack_publicize_feature_enabled":true,"jetpack_social_post_already_shared":false,"jetpack_social_options":{"image_generator_settings":{"template":"highway","default_image_id":0,"font":"","enabled":false},"version":2},"_wpas_customize_per_network":false},"categories":[5],"tags":[1508,18],"class_list":["post-8624","post","type-post","status-publish","format-standard","hentry","category-politica","tag-cambios-de-gabinete","tag-selva","generate-columns","tablet-grid-50","mobile-grid-100","grid-parent","grid-50"],"jetpack_publicize_connections":[],"jetpack_featured_media_url":"","wps_subtitle":"","jetpack_sharing_enabled":true,"_links":{"self":[{"href":"https:\/\/www.hoymercedes.com.ar\/principal\/wp-json\/wp\/v2\/posts\/8624","targetHints":{"allow":["GET"]}}],"collection":[{"href":"https:\/\/www.hoymercedes.com.ar\/principal\/wp-json\/wp\/v2\/posts"}],"about":[{"href":"https:\/\/www.hoymercedes.com.ar\/principal\/wp-json\/wp\/v2\/types\/post"}],"author":[{"embeddable":true,"href":"https:\/\/www.hoymercedes.com.ar\/principal\/wp-json\/wp\/v2\/users\/1"}],"replies":[{"embeddable":true,"href":"https:\/\/www.hoymercedes.com.ar\/principal\/wp-json\/wp\/v2\/comments?post=8624"}],"version-history":[{"count":0,"href":"https:\/\/www.hoymercedes.com.ar\/principal\/wp-json\/wp\/v2\/posts\/8624\/revisions"}],"wp:attachment":[{"href":"https:\/\/www.hoymercedes.com.ar\/principal\/wp-json\/wp\/v2\/media?parent=8624"}],"wp:term":[{"taxonomy":"category","embeddable":true,"href":"https:\/\/www.hoymercedes.com.ar\/principal\/wp-json\/wp\/v2\/categories?post=8624"},{"taxonomy":"post_tag","embeddable":true,"href":"https:\/\/www.hoymercedes.com.ar\/principal\/wp-json\/wp\/v2\/tags?post=8624"}],"curies":[{"name":"wp","href":"https:\/\/api.w.org\/{rel}","templated":true}]}}