{"id":86251,"date":"2018-12-31T14:57:18","date_gmt":"2018-12-31T17:57:18","guid":{"rendered":"http:\/\/www.hoymercedes.com.ar\/principal\/?p=86251"},"modified":"2018-12-31T15:21:17","modified_gmt":"2018-12-31T18:21:17","slug":"macri-y-su-gabinete-se-aumentan-el-sueldo-para-los-demas-tarifazos-y-ajuste-expreso-matias-dematei","status":"publish","type":"post","link":"https:\/\/www.hoymercedes.com.ar\/principal\/2018\/12\/31\/macri-y-su-gabinete-se-aumentan-el-sueldo-para-los-demas-tarifazos-y-ajuste-expreso-matias-dematei\/","title":{"rendered":"\u201cMacri y su gabinete se aumentan el sueldo, para los dem\u00e1s,  tarifazos y ajuste\u201d expres\u00f3 Mat\u00edas Dematei"},"content":{"rendered":"\n<p>El jefe de gabinete <strong>Mat\u00edas Dematei<\/strong>expres\u00f3 que \u201cno tienen cara, saquean a los jubilados\u201d en relaci\u00f3n a la p\u00e9rdida y reducci\u00f3n de sus haberes, al igual que \u201ca los veteranos, bomberos, trabajadores, menos a los ricos, a todos los dem\u00e1s los conducen a un camino de hambre\u201d destac\u00f3.<\/p>\n\n\n\n<p>Indignado y enojado por la situaci\u00f3n que vive el pa\u00eds en este fin de a\u00f1o, donde \u201c<strong>no cumplieron una sola promesa<\/strong>, sino todo lo contrario\u201d, afirm\u00f3 que \u201cno tienen cara, saquean a los jubilados, a los veteranos de Malvinas, a los bomberos , a las personas con discapacidad, a cada uno de los laburantes\u201d enumer\u00f3 sin olvidar que \u201ctambi\u00e9n a los cient\u00edficos que han sido hist\u00f3ricamente reconocidos en todo el mundo\u201d para que ahora se \u201canuncie un a<strong>umento del 25% a los funcionarios<\/strong>, a esos que tienen un sueldo de m\u00e1s de 200 mil mensuales, es decir, <strong>les dar\u00e1n 50 mil pesos m\u00e1s por mes<\/strong>\u201d y coment\u00f3 que \u201ca todos los dem\u00e1s hay ajuste y miseria, pero para ellos aumentos\u201d declarando que \u201cenriquecen a los ricos, empobrecen a todos los dem\u00e1s\u201d.<\/p>\n\n\n\n<p>Sin ning\u00fan tipo de miramientos expres\u00f3 que\n\u201cviven en una pecera de millonarios, no conocen al vecino, ahogan a las pymes,\ncierran escuelas, despiden docentes, obligan a bajar las persianas de los\ncomercios, destruyen el comercio interno en favor de las importaciones\u201d sostuvo\ny afirm\u00f3 \u201chacen sus negocios, esos que la justicia no investiga, ni los grandes\nmedios expone, solo saben ahondar la bicicleta financiera en la que ellos\nmismos, otra vez, vuelven a ganar y ganar y ganar\u201d <\/p>\n\n\n\n<p>\u201cA veces decimos que son incapaces de\ngobernar, pero tambi\u00e9n pensamos que son muy capaces, pero para gobernar para\nellos, es decir, para los ricos. No gobiernan para los argentinos. No gobiernan\npara la soberan\u00eda\u201d afirm\u00f3 Dematei destacando que \u201cquieren a la mayor cantidad\nde personas fuera del sistema, solo les interesa el circuito financiero, la\ndeuda p\u00fablica, el d\u00f3lar, los pr\u00e9stamos, nada m\u00e1s\u201d.<\/p>\n\n\n\n<p>\u201cDentro de sus barrios exclusivos no ven la\nrealidad. Tienen la frialdad de anunciar un aumento de gas, electricidad y\ntransporte y a los minutos ya parten a Punta del Este. Son fr\u00edos,\nespeculadores\u201d por eso \u201cact\u00faan para las 100 familias millonarias del pa\u00eds, es\nun saqueo, sin duda se sentar\u00e1n a la mesa de este fin de a\u00f1o y se reir\u00e1n de las\nfortunas amasadas, mientras, los jubilados a un a\u00f1o de la reforma no pueden ni\nponer carne en la mesa, o los veteranos ver c\u00f3mo tras dar la vida por Malvinas\nleen que el embajador Argentino dice que son de los brit\u00e1nicos y as\u00ed ser\u00edan mil\nlos ejemplos\u201d<\/p>\n\n\n\n<p>Por \u00faltimo Dematei coment\u00f3 \u201cestos mismos\ntipos son los due\u00f1os de los bancos, de las empresas de energ\u00eda , de transporte,\nde los peajes, son due\u00f1os de todo, que me van a hablar de amor a la gente ,\ntienen amor a su bolsillo y solo se miran su ombligo\u201d indignado sostuvo\nreafirmando \u201cPara ellos no existimos, solo existe su sector social, los que\nveranean en Punta o el exterior. No registran que los vecinos no tienen para\ncomer, para remedios, para pagar los servicios. Se termina un a\u00f1o en que la\nestamos pasando muy mal, sufriendo\u201d, expres\u00f3. <\/p>\n","protected":false},"excerpt":{"rendered":"<p>Mat\u00edas Dematei cuestion\u00f3 el fuerte aumento que Macri dar\u00e1 a sus ministros y secretarios mientras ajusta, da tarifazos y quita derechos al resto de la poblaci\u00f3n. <\/p>\n","protected":false},"author":1,"featured_media":86254,"comment_status":"closed","ping_status":"open","sticky":false,"template":"","format":"standard","meta":{"_monsterinsights_skip_tracking":false,"_monsterinsights_sitenote_active":false,"_monsterinsights_sitenote_note":"","_monsterinsights_sitenote_category":0,"jetpack_post_was_ever_published":false,"_jetpack_newsletter_access":"","_jetpack_dont_email_post_to_subs":false,"_jetpack_newsletter_tier_id":0,"_jetpack_memberships_contains_paywalled_content":false,"_jetpack_memberships_contains_paid_content":false,"footnotes":"","jetpack_publicize_message":"","jetpack_publicize_feature_enabled":true,"jetpack_social_post_already_shared":true,"jetpack_social_options":{"image_generator_settings":{"template":"highway","default_image_id":0,"font":"","enabled":false},"version":2},"_wpas_customize_per_network":false},"categories":[1],"tags":[3810],"class_list":["post-86251","post","type-post","status-publish","format-standard","has-post-thumbnail","hentry","category-opinion","tag-matias-dematei","generate-columns","tablet-grid-50","mobile-grid-100","grid-parent","grid-50"],"jetpack_publicize_connections":[],"jetpack_featured_media_url":"https:\/\/www.hoymercedes.com.ar\/principal\/wp-content\/uploads\/2018\/12\/IMG-20181231-WA0046.jpg","wps_subtitle":"Opini\u00f3n","jetpack_sharing_enabled":true,"_links":{"self":[{"href":"https:\/\/www.hoymercedes.com.ar\/principal\/wp-json\/wp\/v2\/posts\/86251","targetHints":{"allow":["GET"]}}],"collection":[{"href":"https:\/\/www.hoymercedes.com.ar\/principal\/wp-json\/wp\/v2\/posts"}],"about":[{"href":"https:\/\/www.hoymercedes.com.ar\/principal\/wp-json\/wp\/v2\/types\/post"}],"author":[{"embeddable":true,"href":"https:\/\/www.hoymercedes.com.ar\/principal\/wp-json\/wp\/v2\/users\/1"}],"replies":[{"embeddable":true,"href":"https:\/\/www.hoymercedes.com.ar\/principal\/wp-json\/wp\/v2\/comments?post=86251"}],"version-history":[{"count":0,"href":"https:\/\/www.hoymercedes.com.ar\/principal\/wp-json\/wp\/v2\/posts\/86251\/revisions"}],"wp:featuredmedia":[{"embeddable":true,"href":"https:\/\/www.hoymercedes.com.ar\/principal\/wp-json\/wp\/v2\/media\/86254"}],"wp:attachment":[{"href":"https:\/\/www.hoymercedes.com.ar\/principal\/wp-json\/wp\/v2\/media?parent=86251"}],"wp:term":[{"taxonomy":"category","embeddable":true,"href":"https:\/\/www.hoymercedes.com.ar\/principal\/wp-json\/wp\/v2\/categories?post=86251"},{"taxonomy":"post_tag","embeddable":true,"href":"https:\/\/www.hoymercedes.com.ar\/principal\/wp-json\/wp\/v2\/tags?post=86251"}],"curies":[{"name":"wp","href":"https:\/\/api.w.org\/{rel}","templated":true}]}}