{"id":8631,"date":"2011-10-26T02:23:50","date_gmt":"2011-10-26T02:23:50","guid":{"rendered":"http:\/\/www.hoymercedes.com.ar\/principal\/?p=8631"},"modified":"2011-10-26T02:27:16","modified_gmt":"2011-10-26T02:27:16","slug":"wado-de-pedro-y-larroque-podrian-presidir-comisiones-en-diputados","status":"publish","type":"post","link":"https:\/\/www.hoymercedes.com.ar\/principal\/2011\/10\/26\/wado-de-pedro-y-larroque-podrian-presidir-comisiones-en-diputados\/","title":{"rendered":"Wado de Pedro y Larroque podr\u00edan presidir comisiones en Diputados"},"content":{"rendered":"<figure id=\"attachment_8633\" aria-describedby=\"caption-attachment-8633\" style=\"width: 602px\" class=\"wp-caption aligncenter\"><a href=\"https:\/\/www.hoymercedes.com.ar\/principal\/wp-content\/uploads\/2011\/10\/lacampora.jpg\"><img loading=\"lazy\" decoding=\"async\" data-attachment-id=\"8633\" data-permalink=\"https:\/\/www.hoymercedes.com.ar\/principal\/2011\/10\/26\/wado-de-pedro-y-larroque-podrian-presidir-comisiones-en-diputados\/lacampora\/#main\" data-orig-file=\"https:\/\/www.hoymercedes.com.ar\/principal\/wp-content\/uploads\/2011\/10\/lacampora.jpg\" data-orig-size=\"467,200\" data-comments-opened=\"1\" data-image-meta=\"{&quot;aperture&quot;:&quot;0&quot;,&quot;credit&quot;:&quot;&quot;,&quot;camera&quot;:&quot;&quot;,&quot;caption&quot;:&quot;&quot;,&quot;created_timestamp&quot;:&quot;0&quot;,&quot;copyright&quot;:&quot;&quot;,&quot;focal_length&quot;:&quot;0&quot;,&quot;iso&quot;:&quot;0&quot;,&quot;shutter_speed&quot;:&quot;0&quot;,&quot;title&quot;:&quot;&quot;}\" data-image-title=\"lacampora\" data-image-description=\"\" data-image-caption=\"\" data-large-file=\"https:\/\/www.hoymercedes.com.ar\/principal\/wp-content\/uploads\/2011\/10\/lacampora.jpg\" class=\"size-full wp-image-8633 \" title=\"lacampora\" src=\"https:\/\/www.hoymercedes.com.ar\/principal\/wp-content\/uploads\/2011\/10\/lacampora.jpg\" alt=\"\" width=\"612\" height=\"250\" \/><\/a><figcaption id=\"caption-attachment-8633\" class=\"wp-caption-text\">Foto: Diario Perfil<\/figcaption><\/figure>\n<p>Los electos diputados integrantes de La C\u00e1mpora podr\u00edan ser dos fuertes espadachines del oficialismo en la C\u00e1mara de Diputados.<\/p>\n<p>Si bien luego de la derrota de Ustarroz en nuestra ciudad y el buen desempe\u00f1o del juego desplegado por Larroque en Capital en apoyo a Feletti dio lugar a la especulaci\u00f3n y a una potencial p\u00e9rdida de influencia para el mercedino lo cierto es que podr\u00eda tener un lugar envidiable dentro de la c\u00e1mara legislativa.<\/p>\n<p>Nada m\u00e1s y nada menos que la presidencia de una comisi\u00f3n, con todo lo que ello implica, desde el manejo de presupuesto a la capacidad de influencia o incluso la presidencia de todo el bloque del Kirchnerismo. A su vez, al ser ocho los electos diputados miembros de La C\u00e1mpora ya se especula que ser\u00edan la guardia de fuego dentro del espacio de la c\u00e1mara ante lo cual es muy poco probable las denominadas \u00abacciones\u00bb de De Pedro caigan como ya muchos intentaban hacer ver incluso algunos medios tal como graficamos en el d\u00eda de ayer en este mismo espacio.<\/p>\n<p>Vale la pena recordar que La C\u00e1mpora es un \u00e1mbito de los m\u00e1s activos dentro del armado del grupo cercano a la presidencia.<\/p>\n","protected":false},"excerpt":{"rendered":"<p>Los electos diputados integrantes de La C\u00e1mpora podr\u00edan ser dos fuertes espadachines del oficialismo en la C\u00e1mara de Diputados. Si &#8230; <a title=\"Wado de Pedro y Larroque podr\u00edan presidir comisiones en Diputados\" class=\"read-more\" href=\"https:\/\/www.hoymercedes.com.ar\/principal\/2011\/10\/26\/wado-de-pedro-y-larroque-podrian-presidir-comisiones-en-diputados\/\" aria-label=\"Leer m\u00e1s sobre Wado de Pedro y Larroque podr\u00edan presidir comisiones en Diputados\">Leer m\u00e1s<\/a><\/p>\n","protected":false},"author":1,"featured_media":0,"comment_status":"open","ping_status":"open","sticky":false,"template":"","format":"standard","meta":{"_monsterinsights_skip_tracking":false,"_monsterinsights_sitenote_active":false,"_monsterinsights_sitenote_note":"","_monsterinsights_sitenote_category":0,"jetpack_post_was_ever_published":false,"_jetpack_newsletter_access":"","_jetpack_dont_email_post_to_subs":false,"_jetpack_newsletter_tier_id":0,"_jetpack_memberships_contains_paywalled_content":false,"_jetpack_memberships_contains_paid_content":false,"footnotes":"","jetpack_publicize_message":"","jetpack_publicize_feature_enabled":true,"jetpack_social_post_already_shared":false,"jetpack_social_options":{"image_generator_settings":{"template":"highway","default_image_id":0,"font":"","enabled":false},"version":2},"_wpas_customize_per_network":false},"categories":[5],"tags":[1032,425,1509],"class_list":["post-8631","post","type-post","status-publish","format-standard","hentry","category-politica","tag-de-pedro","tag-la-campora","tag-larroque","generate-columns","tablet-grid-50","mobile-grid-100","grid-parent","grid-50"],"jetpack_publicize_connections":[],"jetpack_featured_media_url":"","wps_subtitle":"","jetpack_sharing_enabled":true,"_links":{"self":[{"href":"https:\/\/www.hoymercedes.com.ar\/principal\/wp-json\/wp\/v2\/posts\/8631","targetHints":{"allow":["GET"]}}],"collection":[{"href":"https:\/\/www.hoymercedes.com.ar\/principal\/wp-json\/wp\/v2\/posts"}],"about":[{"href":"https:\/\/www.hoymercedes.com.ar\/principal\/wp-json\/wp\/v2\/types\/post"}],"author":[{"embeddable":true,"href":"https:\/\/www.hoymercedes.com.ar\/principal\/wp-json\/wp\/v2\/users\/1"}],"replies":[{"embeddable":true,"href":"https:\/\/www.hoymercedes.com.ar\/principal\/wp-json\/wp\/v2\/comments?post=8631"}],"version-history":[{"count":0,"href":"https:\/\/www.hoymercedes.com.ar\/principal\/wp-json\/wp\/v2\/posts\/8631\/revisions"}],"wp:attachment":[{"href":"https:\/\/www.hoymercedes.com.ar\/principal\/wp-json\/wp\/v2\/media?parent=8631"}],"wp:term":[{"taxonomy":"category","embeddable":true,"href":"https:\/\/www.hoymercedes.com.ar\/principal\/wp-json\/wp\/v2\/categories?post=8631"},{"taxonomy":"post_tag","embeddable":true,"href":"https:\/\/www.hoymercedes.com.ar\/principal\/wp-json\/wp\/v2\/tags?post=8631"}],"curies":[{"name":"wp","href":"https:\/\/api.w.org\/{rel}","templated":true}]}}