{"id":86340,"date":"2019-01-03T20:05:50","date_gmt":"2019-01-03T23:05:50","guid":{"rendered":"http:\/\/www.hoymercedes.com.ar\/principal\/?p=86340"},"modified":"2019-01-03T20:06:14","modified_gmt":"2019-01-03T23:06:14","slug":"en-la-ultima-fecha-estudiantes-se-quedo-con-el-titulo-en-sub-16","status":"publish","type":"post","link":"https:\/\/www.hoymercedes.com.ar\/principal\/2019\/01\/03\/en-la-ultima-fecha-estudiantes-se-quedo-con-el-titulo-en-sub-16\/","title":{"rendered":"En la \u00faltima fecha Estudiantes se qued\u00f3 con el t\u00edtulo en Sub 16"},"content":{"rendered":"\n<p>Cuando todo parec\u00eda que estaba a pedir de V\u00e9lez, fue Comunicaciones el que le amarg\u00f3 el fin de a\u00f1o a las chicas del barrio El Molino ya que s\u00f3lo necesitaba sumar para dar la vuelta ol\u00edmpica y termin\u00f3 cayendo por la m\u00ednima.<\/p>\n\n\n\n<figure class=\"wp-block-image\"><img loading=\"lazy\" decoding=\"async\" width=\"960\" height=\"720\" data-attachment-id=\"86408\" data-permalink=\"https:\/\/www.hoymercedes.com.ar\/principal\/2019\/01\/03\/en-la-ultima-fecha-estudiantes-se-quedo-con-el-titulo-en-sub-16\/estudiants-sub-16-campeon-femenino\/#main\" data-orig-file=\"https:\/\/www.hoymercedes.com.ar\/principal\/wp-content\/uploads\/2019\/01\/Estudiants-Sub-16-campeon-femenino.jpg\" data-orig-size=\"960,720\" data-comments-opened=\"0\" data-image-meta=\"{&quot;aperture&quot;:&quot;0&quot;,&quot;credit&quot;:&quot;&quot;,&quot;camera&quot;:&quot;&quot;,&quot;caption&quot;:&quot;&quot;,&quot;created_timestamp&quot;:&quot;0&quot;,&quot;copyright&quot;:&quot;&quot;,&quot;focal_length&quot;:&quot;0&quot;,&quot;iso&quot;:&quot;0&quot;,&quot;shutter_speed&quot;:&quot;0&quot;,&quot;title&quot;:&quot;&quot;,&quot;orientation&quot;:&quot;0&quot;}\" data-image-title=\"Estudiants Sub 16 campeon femenino\" data-image-description=\"\" data-image-caption=\"\" data-large-file=\"https:\/\/www.hoymercedes.com.ar\/principal\/wp-content\/uploads\/2019\/01\/Estudiants-Sub-16-campeon-femenino.jpg\" src=\"https:\/\/www.hoymercedes.com.ar\/principal\/wp-content\/uploads\/2019\/01\/Estudiants-Sub-16-campeon-femenino.jpg\" alt=\"\" class=\"wp-image-86408\" srcset=\"https:\/\/www.hoymercedes.com.ar\/principal\/wp-content\/uploads\/2019\/01\/Estudiants-Sub-16-campeon-femenino.jpg 960w, https:\/\/www.hoymercedes.com.ar\/principal\/wp-content\/uploads\/2019\/01\/Estudiants-Sub-16-campeon-femenino-150x113.jpg 150w, https:\/\/www.hoymercedes.com.ar\/principal\/wp-content\/uploads\/2019\/01\/Estudiants-Sub-16-campeon-femenino-630x473.jpg 630w\" sizes=\"auto, (max-width: 960px) 100vw, 960px\" \/><\/figure>\n\n\n\n<p>Por su parte, Estudiantes aprovecho la situaci\u00f3n y gan\u00f3 tambi\u00e9n por la m\u00ednima a ALFA de Olivera. Tras su triunfo en cancha de Defensores, se qued\u00f3 a la expectativa del partido de V\u00e9lez y luego termin\u00f3 dando la vuelta ol\u00edmpica.<\/p>\n\n\n\n<p><strong>Defensores 1:<\/strong>&nbsp;Tamara Ortubia.<br><strong>Independiente 2:<\/strong>&nbsp;Sof\u00eda Saruba y Ayel\u00e9n Savoy.<\/p>\n\n\n\n<p><strong>Estudiantes 1:<\/strong>&nbsp;Valentina Alfano.<br><strong>Alfa 0<\/strong>.<\/p>\n\n\n\n<p><strong>V\u00e9lez 0.<br>Comunicaciones 1:<\/strong>\u00a0Caterina Ben\u00edtez de penal.<\/p>\n\n\n\n<div class=\"wp-block-image\"><figure class=\"aligncenter\"><img loading=\"lazy\" decoding=\"async\" width=\"424\" height=\"170\" data-attachment-id=\"86409\" data-permalink=\"https:\/\/www.hoymercedes.com.ar\/principal\/2019\/01\/03\/en-la-ultima-fecha-estudiantes-se-quedo-con-el-titulo-en-sub-16\/sin-titulo-8\/#main\" data-orig-file=\"https:\/\/www.hoymercedes.com.ar\/principal\/wp-content\/uploads\/2019\/01\/Sin-t\u00edtulo.png\" data-orig-size=\"424,170\" data-comments-opened=\"0\" data-image-meta=\"{&quot;aperture&quot;:&quot;0&quot;,&quot;credit&quot;:&quot;&quot;,&quot;camera&quot;:&quot;&quot;,&quot;caption&quot;:&quot;&quot;,&quot;created_timestamp&quot;:&quot;0&quot;,&quot;copyright&quot;:&quot;&quot;,&quot;focal_length&quot;:&quot;0&quot;,&quot;iso&quot;:&quot;0&quot;,&quot;shutter_speed&quot;:&quot;0&quot;,&quot;title&quot;:&quot;&quot;,&quot;orientation&quot;:&quot;0&quot;}\" data-image-title=\"Sin t\u00edtulo\" data-image-description=\"\" data-image-caption=\"\" data-large-file=\"https:\/\/www.hoymercedes.com.ar\/principal\/wp-content\/uploads\/2019\/01\/Sin-t\u00edtulo.png\" src=\"https:\/\/www.hoymercedes.com.ar\/principal\/wp-content\/uploads\/2019\/01\/Sin-t\u00edtulo.png\" alt=\"\" class=\"wp-image-86409\" srcset=\"https:\/\/www.hoymercedes.com.ar\/principal\/wp-content\/uploads\/2019\/01\/Sin-t\u00edtulo.png 424w, https:\/\/www.hoymercedes.com.ar\/principal\/wp-content\/uploads\/2019\/01\/Sin-t\u00edtulo-150x60.png 150w\" sizes=\"auto, (max-width: 424px) 100vw, 424px\" \/><\/figure><\/div>\n\n\n\n<div class=\"wp-block-image\"><figure class=\"aligncenter\"><img loading=\"lazy\" decoding=\"async\" width=\"319\" height=\"647\" data-attachment-id=\"86410\" data-permalink=\"https:\/\/www.hoymercedes.com.ar\/principal\/2019\/01\/03\/en-la-ultima-fecha-estudiantes-se-quedo-con-el-titulo-en-sub-16\/sin-titulo-2-2\/#main\" data-orig-file=\"https:\/\/www.hoymercedes.com.ar\/principal\/wp-content\/uploads\/2019\/01\/Sin-t\u00edtulo-2.png\" data-orig-size=\"319,647\" data-comments-opened=\"0\" data-image-meta=\"{&quot;aperture&quot;:&quot;0&quot;,&quot;credit&quot;:&quot;&quot;,&quot;camera&quot;:&quot;&quot;,&quot;caption&quot;:&quot;&quot;,&quot;created_timestamp&quot;:&quot;0&quot;,&quot;copyright&quot;:&quot;&quot;,&quot;focal_length&quot;:&quot;0&quot;,&quot;iso&quot;:&quot;0&quot;,&quot;shutter_speed&quot;:&quot;0&quot;,&quot;title&quot;:&quot;&quot;,&quot;orientation&quot;:&quot;0&quot;}\" data-image-title=\"Sin t\u00edtulo 2\" data-image-description=\"\" data-image-caption=\"\" data-large-file=\"https:\/\/www.hoymercedes.com.ar\/principal\/wp-content\/uploads\/2019\/01\/Sin-t\u00edtulo-2.png\" src=\"https:\/\/www.hoymercedes.com.ar\/principal\/wp-content\/uploads\/2019\/01\/Sin-t\u00edtulo-2.png\" alt=\"\" class=\"wp-image-86410\" srcset=\"https:\/\/www.hoymercedes.com.ar\/principal\/wp-content\/uploads\/2019\/01\/Sin-t\u00edtulo-2.png 319w, https:\/\/www.hoymercedes.com.ar\/principal\/wp-content\/uploads\/2019\/01\/Sin-t\u00edtulo-2-74x150.png 74w, https:\/\/www.hoymercedes.com.ar\/principal\/wp-content\/uploads\/2019\/01\/Sin-t\u00edtulo-2-306x620.png 306w\" sizes=\"auto, (max-width: 319px) 100vw, 319px\" \/><\/figure><\/div>\n","protected":false},"excerpt":{"rendered":"<p>Cuando todo parec\u00eda que estaba a pedir de V\u00e9lez, fue Comunicaciones el que le amarg\u00f3 el fin de a\u00f1o a &#8230; <a title=\"En la \u00faltima fecha Estudiantes se qued\u00f3 con el t\u00edtulo en Sub 16\" class=\"read-more\" href=\"https:\/\/www.hoymercedes.com.ar\/principal\/2019\/01\/03\/en-la-ultima-fecha-estudiantes-se-quedo-con-el-titulo-en-sub-16\/\" aria-label=\"Leer m\u00e1s sobre En la \u00faltima fecha Estudiantes se qued\u00f3 con el t\u00edtulo en Sub 16\">Leer m\u00e1s<\/a><\/p>\n","protected":false},"author":1,"featured_media":86408,"comment_status":"closed","ping_status":"open","sticky":false,"template":"","format":"standard","meta":{"_monsterinsights_skip_tracking":false,"_monsterinsights_sitenote_active":false,"_monsterinsights_sitenote_note":"","_monsterinsights_sitenote_category":0,"jetpack_post_was_ever_published":false,"_jetpack_newsletter_access":"","_jetpack_dont_email_post_to_subs":false,"_jetpack_newsletter_tier_id":0,"_jetpack_memberships_contains_paywalled_content":false,"_jetpack_memberships_contains_paid_content":false,"footnotes":"","jetpack_publicize_message":"","jetpack_publicize_feature_enabled":true,"jetpack_social_post_already_shared":true,"jetpack_social_options":{"image_generator_settings":{"template":"highway","default_image_id":0,"font":"","enabled":false},"version":2},"_wpas_customize_per_network":false},"categories":[21],"tags":[14088,895,1901],"class_list":["post-86340","post","type-post","status-publish","format-standard","has-post-thumbnail","hentry","category-deportes","tag-campeon","tag-futbol-femenino","tag-liga-mercedina","generate-columns","tablet-grid-50","mobile-grid-100","grid-parent","grid-50"],"jetpack_publicize_connections":[],"jetpack_featured_media_url":"https:\/\/www.hoymercedes.com.ar\/principal\/wp-content\/uploads\/2019\/01\/Estudiants-Sub-16-campeon-femenino.jpg","wps_subtitle":"F\u00fatbol Femenino","jetpack_sharing_enabled":true,"_links":{"self":[{"href":"https:\/\/www.hoymercedes.com.ar\/principal\/wp-json\/wp\/v2\/posts\/86340","targetHints":{"allow":["GET"]}}],"collection":[{"href":"https:\/\/www.hoymercedes.com.ar\/principal\/wp-json\/wp\/v2\/posts"}],"about":[{"href":"https:\/\/www.hoymercedes.com.ar\/principal\/wp-json\/wp\/v2\/types\/post"}],"author":[{"embeddable":true,"href":"https:\/\/www.hoymercedes.com.ar\/principal\/wp-json\/wp\/v2\/users\/1"}],"replies":[{"embeddable":true,"href":"https:\/\/www.hoymercedes.com.ar\/principal\/wp-json\/wp\/v2\/comments?post=86340"}],"version-history":[{"count":0,"href":"https:\/\/www.hoymercedes.com.ar\/principal\/wp-json\/wp\/v2\/posts\/86340\/revisions"}],"wp:featuredmedia":[{"embeddable":true,"href":"https:\/\/www.hoymercedes.com.ar\/principal\/wp-json\/wp\/v2\/media\/86408"}],"wp:attachment":[{"href":"https:\/\/www.hoymercedes.com.ar\/principal\/wp-json\/wp\/v2\/media?parent=86340"}],"wp:term":[{"taxonomy":"category","embeddable":true,"href":"https:\/\/www.hoymercedes.com.ar\/principal\/wp-json\/wp\/v2\/categories?post=86340"},{"taxonomy":"post_tag","embeddable":true,"href":"https:\/\/www.hoymercedes.com.ar\/principal\/wp-json\/wp\/v2\/tags?post=86340"}],"curies":[{"name":"wp","href":"https:\/\/api.w.org\/{rel}","templated":true}]}}