{"id":86344,"date":"2019-01-02T19:00:28","date_gmt":"2019-01-02T22:00:28","guid":{"rendered":"http:\/\/www.hoymercedes.com.ar\/principal\/?p=86344"},"modified":"2019-01-02T18:48:39","modified_gmt":"2019-01-02T21:48:39","slug":"vinales-es-todo-nuevo-me-tengo-que-empapar-en-el-tema","status":"publish","type":"post","link":"https:\/\/www.hoymercedes.com.ar\/principal\/2019\/01\/02\/vinales-es-todo-nuevo-me-tengo-que-empapar-en-el-tema\/","title":{"rendered":"Vi\u00f1ales: \u201cEs todo nuevo, me tengo que empapar en el tema\u201d"},"content":{"rendered":"\n<p><em>La flamante presidenta del cuerpo legislativo\nde Mercedes asumi\u00f3 el primer d\u00eda del a\u00f1o. Se sorprendi\u00f3 la repercusi\u00f3n de su\ndesignaci\u00f3n y lament\u00f3 los insultos recibidos por \u201cser mujer\u201d. En un a\u00f1o\nelectoral buscar\u00e1 el consenso entre los bloques partidarios. <\/em><\/p>\n\n\n\n<figure class=\"wp-block-image\"><img loading=\"lazy\" decoding=\"async\" width=\"750\" height=\"500\" data-attachment-id=\"86345\" data-permalink=\"https:\/\/www.hoymercedes.com.ar\/principal\/2019\/01\/02\/vinales-es-todo-nuevo-me-tengo-que-empapar-en-el-tema\/02-sabrina-vinales-1\/#main\" data-orig-file=\"https:\/\/www.hoymercedes.com.ar\/principal\/wp-content\/uploads\/2019\/01\/02-sabrina-vi\u00f1ales-1.jpg\" data-orig-size=\"750,500\" data-comments-opened=\"0\" data-image-meta=\"{&quot;aperture&quot;:&quot;2&quot;,&quot;credit&quot;:&quot;&quot;,&quot;camera&quot;:&quot;Moto G (5S) Plus&quot;,&quot;caption&quot;:&quot;&quot;,&quot;created_timestamp&quot;:&quot;1546426939&quot;,&quot;copyright&quot;:&quot;&quot;,&quot;focal_length&quot;:&quot;3.59&quot;,&quot;iso&quot;:&quot;593&quot;,&quot;shutter_speed&quot;:&quot;0.03030303030303&quot;,&quot;title&quot;:&quot;&quot;,&quot;orientation&quot;:&quot;1&quot;}\" data-image-title=\"02 sabrina vi\u00f1ales 1\" data-image-description=\"\" data-image-caption=\"\" data-large-file=\"https:\/\/www.hoymercedes.com.ar\/principal\/wp-content\/uploads\/2019\/01\/02-sabrina-vi\u00f1ales-1.jpg\" src=\"https:\/\/www.hoymercedes.com.ar\/principal\/wp-content\/uploads\/2019\/01\/02-sabrina-vi\u00f1ales-1.jpg\" alt=\"\" class=\"wp-image-86345\" srcset=\"https:\/\/www.hoymercedes.com.ar\/principal\/wp-content\/uploads\/2019\/01\/02-sabrina-vi\u00f1ales-1.jpg 750w, https:\/\/www.hoymercedes.com.ar\/principal\/wp-content\/uploads\/2019\/01\/02-sabrina-vi\u00f1ales-1-150x100.jpg 150w, https:\/\/www.hoymercedes.com.ar\/principal\/wp-content\/uploads\/2019\/01\/02-sabrina-vi\u00f1ales-1-630x420.jpg 630w\" sizes=\"auto, (max-width: 750px) 100vw, 750px\" \/><\/figure>\n\n\n\n<p>Desde el 1\u00b0\nde enero, el Concejo Deliberante cambi\u00f3 la presidencia. Por primera vez, luego\nde 132 a\u00f1os de la creaci\u00f3n del cuerpo legislativo en Mercedes, una mujer\npreside el cuerpo. Sabrina Vi\u00f1ales, integrante del bloque Cambiemos, fue\nelegida por los legisladores para ocupar el m\u00e1ximo cargo en el departamento legislativo.\n&nbsp;\u201cEs todo nuevo. Hay cosas de las cuales\nme tengo que empapar en el tema. A medida que pasen los d\u00edas aprender\u00e9. Tengo\ntodo enero para tomar conocimiento de todo lo que se hace en la presidencia del\nConcejo\u201d, expres\u00f3. <\/p>\n\n\n\n<p>Instalada\nen el despacho de la presidencia, a pocos metros del recinto deliberativo, en\nel primer piso del Palacio Municipal, Sabrina Vi\u00f1ales se tomar\u00e1 enero para\nconocer las peripecias administrativas del cuerpo. \u201cEstar sentada en una banca\ncomo concejal, tener una tarea legislativa es una cosa, y estar a cargo del\ncuerpo es otra. Hay muchas responsabilidades y yo suelo tomarme las cosas muy a\npecho, muy presente. Vine a las 7 de la ma\u00f1ana y me ir\u00e9 a la una como los\nempleados\u201d, confes\u00f3 la concejal de 40 a\u00f1os que fue electa en 2017,\nperteneciente al Partido FE y que jam\u00e1s imagin\u00f3 que ocupar\u00eda el cargo que ocupa\ndesde el primer d\u00eda del a\u00f1o. <\/p>\n\n\n\n<p>\u201cEstoy aprendiendo\nd\u00eda a d\u00eda. S\u00e9 que le puedo consultar a (Oscar) Albini y est\u00e1 Yolanda (Gorosito)\ncon los chicos del despacho que te apuntan en todo. Tomar\u00e9 enero para aprender,\nas\u00ed en febrero cuando empiece el mayor movimiento legislativo, est\u00e9 con m\u00e1s\nexperiencia\u201d, agreg\u00f3 Vi\u00f1ales. <\/p>\n\n\n\n<figure class=\"wp-block-image\"><img loading=\"lazy\" decoding=\"async\" width=\"750\" height=\"500\" data-attachment-id=\"86346\" data-permalink=\"https:\/\/www.hoymercedes.com.ar\/principal\/2019\/01\/02\/vinales-es-todo-nuevo-me-tengo-que-empapar-en-el-tema\/02-sabrina-vinales-2\/#main\" data-orig-file=\"https:\/\/www.hoymercedes.com.ar\/principal\/wp-content\/uploads\/2019\/01\/02-sabrina-vi\u00f1ales-2.jpg\" data-orig-size=\"750,500\" data-comments-opened=\"0\" data-image-meta=\"{&quot;aperture&quot;:&quot;2&quot;,&quot;credit&quot;:&quot;&quot;,&quot;camera&quot;:&quot;Moto G (5S) Plus&quot;,&quot;caption&quot;:&quot;&quot;,&quot;created_timestamp&quot;:&quot;1546426957&quot;,&quot;copyright&quot;:&quot;&quot;,&quot;focal_length&quot;:&quot;3.59&quot;,&quot;iso&quot;:&quot;612&quot;,&quot;shutter_speed&quot;:&quot;0.03030303030303&quot;,&quot;title&quot;:&quot;&quot;,&quot;orientation&quot;:&quot;1&quot;}\" data-image-title=\"02 sabrina vi\u00f1ales 2\" data-image-description=\"\" data-image-caption=\"\" data-large-file=\"https:\/\/www.hoymercedes.com.ar\/principal\/wp-content\/uploads\/2019\/01\/02-sabrina-vi\u00f1ales-2.jpg\" src=\"https:\/\/www.hoymercedes.com.ar\/principal\/wp-content\/uploads\/2019\/01\/02-sabrina-vi\u00f1ales-2.jpg\" alt=\"\" class=\"wp-image-86346\" srcset=\"https:\/\/www.hoymercedes.com.ar\/principal\/wp-content\/uploads\/2019\/01\/02-sabrina-vi\u00f1ales-2.jpg 750w, https:\/\/www.hoymercedes.com.ar\/principal\/wp-content\/uploads\/2019\/01\/02-sabrina-vi\u00f1ales-2-150x100.jpg 150w, https:\/\/www.hoymercedes.com.ar\/principal\/wp-content\/uploads\/2019\/01\/02-sabrina-vi\u00f1ales-2-630x420.jpg 630w\" sizes=\"auto, (max-width: 750px) 100vw, 750px\" \/><\/figure>\n\n\n\n<p><strong>Mujer en el HCD<\/strong><\/p>\n\n\n\n<p>El jueves\nde la semana pasada fue la sesi\u00f3n en la que result\u00f3 electa como presidenta del\nHCD. Desde ese d\u00eda recibi\u00f3 miles de mensaje, buenos y malos, positivos y\nnegativos, algunos porque era mujer, otros porque era de Cambiemos. \u201cDesde que\ntermin\u00f3 la sesi\u00f3n recib\u00ed muchos llamados. En ese momento cambi\u00f3 mi vida porque\nno me imaginaba tanta repercusi\u00f3n. Me imagina, s\u00ed, por ser mujer la repercusi\u00f3n.\nPero no sab\u00eda que llegar\u00eda a tal extremo en redes sociales. Ver cosas desagradables.\nUno puede estar en desacuerdo en lo partidario. Es entendible que les guste o\nno la l\u00ednea pol\u00edtica. Lo importante es el respeto. Pero la agresi\u00f3n verbal o\nescrita. Hay una lucha de igualdad de g\u00e9nero, y no puede ser que por redes\nsociales, me insulten por ser mujer. Barbaridades le\u00ed. Pero hay muchos m\u00e1s\ngente que felicita y se pone contenta\u201d, agreg\u00f3 Sabrina Vi\u00f1ales. <\/p>\n\n\n\n<p>\u201cLa\npropuesta del bloque fue tan r\u00e1pida que ni lo analic\u00e9. Dije que s\u00ed y no tom\u00e9\nconciencia en ese momento. Fue sorpresivo. No lo imagin\u00e9 en ese momento, menos\nhaber pensado antes que a los 40 a\u00f1os estar\u00eda ac\u00e1. Mujer, 40 a\u00f1os, un a\u00f1o de\nConcejal, que tampoco lo imaginaba antes de estar en la lista de candidatos. Son\ncosas que se presentan, se afrontan y se sale adelante\u201d, destac\u00f3 Vi\u00f1ales al\nrecordar y pensar en retrospectiva los \u00faltimos meses de su vida desde que el\nPartido FE la sum\u00f3 como cuarta candidata en la lista 2017 de Cambiemos. <\/p>\n\n\n\n<p><strong>Objetivos legislativos<\/strong><\/p>\n\n\n\n<p>El 2019 es un a\u00f1o en donde la pol\u00edtica ser\u00e1 m\u00e1s que importante teniendo en cuenta que es un a\u00f1o electoral. Vi\u00f1ales no pone en juego su banca, pero tendr\u00e1 la tarea de moderar los debates en el recinto. \u201cVoy a seguir la l\u00ednea de Albini en cuanto a la tarea legislativa, la labor parlamentaria previo a cada sesi\u00f3n. Buscar el consenso y el acuerdo de todas las fuerzas pol\u00edticas del recinto. Tener la capacidad de negociaci\u00f3n para lograr ese consenso. Tambi\u00e9n, tendr\u00e9 muy en cuenta la Ley Org\u00e1nica de las Municipalidades y el Reglamento Interno. Lo que est\u00e1 escrito, est\u00e1 escrito y as\u00ed debe ser. Yo me manejo as\u00ed en mi vida. Sobre todo en los trabajos en comisi\u00f3n, a los tiempos de las sesiones, los tiempos para hablar de los concejales, los tiempos de las bancas participativas\u201d, resalt\u00f3. <\/p>\n\n\n\n<p>Por TeCleArte<\/p>\n","protected":false},"excerpt":{"rendered":"<p>La flamante presidenta del cuerpo legislativo de Mercedes asumi\u00f3 el primer d\u00eda del a\u00f1o. Se sorprendi\u00f3 la repercusi\u00f3n de su &#8230; <a title=\"Vi\u00f1ales: \u201cEs todo nuevo, me tengo que empapar en el tema\u201d\" class=\"read-more\" href=\"https:\/\/www.hoymercedes.com.ar\/principal\/2019\/01\/02\/vinales-es-todo-nuevo-me-tengo-que-empapar-en-el-tema\/\" aria-label=\"Leer m\u00e1s sobre Vi\u00f1ales: \u201cEs todo nuevo, me tengo que empapar en el tema\u201d\">Leer m\u00e1s<\/a><\/p>\n","protected":false},"author":1,"featured_media":86346,"comment_status":"closed","ping_status":"open","sticky":false,"template":"","format":"standard","meta":{"_monsterinsights_skip_tracking":false,"_monsterinsights_sitenote_active":false,"_monsterinsights_sitenote_note":"","_monsterinsights_sitenote_category":0,"jetpack_post_was_ever_published":false,"_jetpack_newsletter_access":"","_jetpack_dont_email_post_to_subs":false,"_jetpack_newsletter_tier_id":0,"_jetpack_memberships_contains_paywalled_content":false,"_jetpack_memberships_contains_paid_content":false,"footnotes":"","jetpack_publicize_message":"","jetpack_publicize_feature_enabled":true,"jetpack_social_post_already_shared":true,"jetpack_social_options":{"image_generator_settings":{"template":"highway","default_image_id":0,"font":"","enabled":false},"version":2},"_wpas_customize_per_network":false},"categories":[5],"tags":[15,5319,11760,12098],"class_list":["post-86344","post","type-post","status-publish","format-standard","has-post-thumbnail","hentry","category-politica","tag-hcd","tag-politica-2","tag-presidencia","tag-sabrina-vinales","generate-columns","tablet-grid-50","mobile-grid-100","grid-parent","grid-50"],"jetpack_publicize_connections":[],"jetpack_featured_media_url":"https:\/\/www.hoymercedes.com.ar\/principal\/wp-content\/uploads\/2019\/01\/02-sabrina-vi\u00f1ales-2.jpg","wps_subtitle":"Primeros d\u00edas en la presidencia del HCD","jetpack_sharing_enabled":true,"_links":{"self":[{"href":"https:\/\/www.hoymercedes.com.ar\/principal\/wp-json\/wp\/v2\/posts\/86344","targetHints":{"allow":["GET"]}}],"collection":[{"href":"https:\/\/www.hoymercedes.com.ar\/principal\/wp-json\/wp\/v2\/posts"}],"about":[{"href":"https:\/\/www.hoymercedes.com.ar\/principal\/wp-json\/wp\/v2\/types\/post"}],"author":[{"embeddable":true,"href":"https:\/\/www.hoymercedes.com.ar\/principal\/wp-json\/wp\/v2\/users\/1"}],"replies":[{"embeddable":true,"href":"https:\/\/www.hoymercedes.com.ar\/principal\/wp-json\/wp\/v2\/comments?post=86344"}],"version-history":[{"count":0,"href":"https:\/\/www.hoymercedes.com.ar\/principal\/wp-json\/wp\/v2\/posts\/86344\/revisions"}],"wp:featuredmedia":[{"embeddable":true,"href":"https:\/\/www.hoymercedes.com.ar\/principal\/wp-json\/wp\/v2\/media\/86346"}],"wp:attachment":[{"href":"https:\/\/www.hoymercedes.com.ar\/principal\/wp-json\/wp\/v2\/media?parent=86344"}],"wp:term":[{"taxonomy":"category","embeddable":true,"href":"https:\/\/www.hoymercedes.com.ar\/principal\/wp-json\/wp\/v2\/categories?post=86344"},{"taxonomy":"post_tag","embeddable":true,"href":"https:\/\/www.hoymercedes.com.ar\/principal\/wp-json\/wp\/v2\/tags?post=86344"}],"curies":[{"name":"wp","href":"https:\/\/api.w.org\/{rel}","templated":true}]}}