{"id":86354,"date":"2019-01-03T11:44:37","date_gmt":"2019-01-03T14:44:37","guid":{"rendered":"http:\/\/www.hoymercedes.com.ar\/principal\/?p=86354"},"modified":"2019-01-02T21:48:45","modified_gmt":"2019-01-03T00:48:45","slug":"rosario-plastico-autoservicio-marisol-logro-su-quinto-titulo","status":"publish","type":"post","link":"https:\/\/www.hoymercedes.com.ar\/principal\/2019\/01\/03\/rosario-plastico-autoservicio-marisol-logro-su-quinto-titulo\/","title":{"rendered":"Rosario Pl\u00e1stico-Autoservicio Marisol logr\u00f3 su quinto t\u00edtulo"},"content":{"rendered":"\n<p><strong>En la\nfinal\u00edsima su adversario fue Ap\u00edcola Mercedes. La definici\u00f3n del encuentro se\nextendi\u00f3 hasta la tanda de penales. En menores, por la lluvia, solo se disputaron\ndos partidos el viernes por la tarde noche.<\/strong><\/p>\n\n\n\n<figure class=\"wp-block-image\"><img loading=\"lazy\" decoding=\"async\" width=\"1024\" height=\"576\" data-attachment-id=\"86355\" data-permalink=\"https:\/\/www.hoymercedes.com.ar\/principal\/2019\/01\/03\/rosario-plastico-autoservicio-marisol-logro-su-quinto-titulo\/el-campeon-jpg\/#main\" data-orig-file=\"https:\/\/www.hoymercedes.com.ar\/principal\/wp-content\/uploads\/2019\/01\/el-campe\u00f3n.jpg.jpg\" data-orig-size=\"2656,1494\" data-comments-opened=\"0\" data-image-meta=\"{&quot;aperture&quot;:&quot;0&quot;,&quot;credit&quot;:&quot;&quot;,&quot;camera&quot;:&quot;&quot;,&quot;caption&quot;:&quot;&quot;,&quot;created_timestamp&quot;:&quot;0&quot;,&quot;copyright&quot;:&quot;&quot;,&quot;focal_length&quot;:&quot;0&quot;,&quot;iso&quot;:&quot;0&quot;,&quot;shutter_speed&quot;:&quot;0&quot;,&quot;title&quot;:&quot;&quot;,&quot;orientation&quot;:&quot;1&quot;}\" data-image-title=\"el campe\u00f3n.jpg\" data-image-description=\"\" data-image-caption=\"\" data-large-file=\"https:\/\/www.hoymercedes.com.ar\/principal\/wp-content\/uploads\/2019\/01\/el-campe\u00f3n.jpg-1024x576.jpg\" src=\"https:\/\/www.hoymercedes.com.ar\/principal\/wp-content\/uploads\/2019\/01\/el-campe\u00f3n.jpg-1024x576.jpg\" alt=\"\" class=\"wp-image-86355\" srcset=\"https:\/\/www.hoymercedes.com.ar\/principal\/wp-content\/uploads\/2019\/01\/el-campe\u00f3n.jpg-1024x576.jpg 1024w, https:\/\/www.hoymercedes.com.ar\/principal\/wp-content\/uploads\/2019\/01\/el-campe\u00f3n.jpg-150x84.jpg 150w, https:\/\/www.hoymercedes.com.ar\/principal\/wp-content\/uploads\/2019\/01\/el-campe\u00f3n.jpg-630x354.jpg 630w\" sizes=\"auto, (max-width: 1024px) 100vw, 1024px\" \/><\/figure>\n\n\n\n<p>Concluy\u00f3 otro campeonato del m\u00e1ster, organizado como\nde costumbre y de excelente manera por Walter Banega. En esta ocasi\u00f3n, la Copa\nGoodyear Neum\u00e1ticos enfrent\u00f3 a los planteles de Rosario Pl\u00e1stico-Autoservicio\nMarisol, los entrenados por el \u201cGringo\u201d Fabi\u00e1n Miccotis, contra los de casaca\nverde y blanca, Ap\u00edcola Mercedes.<\/p>\n\n\n\n<p><strong>Copa\nGoodyear Neum\u00e1ticos (vetreranos)<\/strong><\/p>\n\n\n\n<p>La cancha 1 fue la que de mejor manera se encontraba\nal momento de la acci\u00f3n futbol\u00edstica. En la ma\u00f1ana del s\u00e1bado se registraron\nalgunas precipitaciones en la ciudad, lo cual deriv\u00f3 en la suspensi\u00f3n de la\nsegunda fecha del certamen de los menores, para preservar el campo de juego\npara el tercer-cuarto puesto, y la gran definici\u00f3n en los veteranos.<\/p>\n\n\n\n<p>En primera instancia, El Rejunte y Goodyear Neum\u00e1ticos\nse enfrentaron para ver quien ocupaba el \u00faltimo escal\u00f3n del podio. M\u00e1s que\ndisputado fue el match, al t\u00e9rmino de los 80\u00b4 de juego, la historia finaliz\u00f3 0\na 0. Los doce pasos defin\u00edan al tercero. En una magn\u00edfica tanda, el arquero del\nRejunte Sergio Monetenegro, contuvo dos env\u00edos. Eso alcanz\u00f3 para que el\nmencionado team se subiera a la tercera ubicaci\u00f3n.<\/p>\n\n\n\n<figure class=\"wp-block-image\"><img loading=\"lazy\" decoding=\"async\" width=\"1024\" height=\"576\" data-attachment-id=\"86356\" data-permalink=\"https:\/\/www.hoymercedes.com.ar\/principal\/2019\/01\/03\/rosario-plastico-autoservicio-marisol-logro-su-quinto-titulo\/apicola-segundo-jpg\/#main\" data-orig-file=\"https:\/\/www.hoymercedes.com.ar\/principal\/wp-content\/uploads\/2019\/01\/ap\u00edcola-segundo-jpg.jpg\" data-orig-size=\"2656,1494\" data-comments-opened=\"0\" data-image-meta=\"{&quot;aperture&quot;:&quot;0&quot;,&quot;credit&quot;:&quot;&quot;,&quot;camera&quot;:&quot;&quot;,&quot;caption&quot;:&quot;&quot;,&quot;created_timestamp&quot;:&quot;0&quot;,&quot;copyright&quot;:&quot;&quot;,&quot;focal_length&quot;:&quot;0&quot;,&quot;iso&quot;:&quot;0&quot;,&quot;shutter_speed&quot;:&quot;0&quot;,&quot;title&quot;:&quot;&quot;,&quot;orientation&quot;:&quot;1&quot;}\" data-image-title=\"ap\u00edcola segundo-jpg\" data-image-description=\"\" data-image-caption=\"\" data-large-file=\"https:\/\/www.hoymercedes.com.ar\/principal\/wp-content\/uploads\/2019\/01\/ap\u00edcola-segundo-jpg-1024x576.jpg\" src=\"https:\/\/www.hoymercedes.com.ar\/principal\/wp-content\/uploads\/2019\/01\/ap\u00edcola-segundo-jpg-1024x576.jpg\" alt=\"\" class=\"wp-image-86356\" srcset=\"https:\/\/www.hoymercedes.com.ar\/principal\/wp-content\/uploads\/2019\/01\/ap\u00edcola-segundo-jpg-1024x576.jpg 1024w, https:\/\/www.hoymercedes.com.ar\/principal\/wp-content\/uploads\/2019\/01\/ap\u00edcola-segundo-jpg-150x84.jpg 150w, https:\/\/www.hoymercedes.com.ar\/principal\/wp-content\/uploads\/2019\/01\/ap\u00edcola-segundo-jpg-630x354.jpg 630w\" sizes=\"auto, (max-width: 1024px) 100vw, 1024px\" \/><\/figure>\n\n\n\n<p>Minutos m\u00e1s tarde se observ\u00f3 la s\u00faper final, con mucha\ntensi\u00f3n antes del comienzo. Los dos planteles estuvieron concentrados en todo\nmomento con una solo obsesi\u00f3n, el t\u00edtulo. Las chances para cada bando fueron\nreiteradas, pero la N\u00b0 5 no quiso entrar. La m\u00e1xima sentencia volvi\u00f3 a ser la\nprincipal protagonista. Por el lado de Rosario Pl\u00e1stico-Autoservicio Marisol,\nel \u201c1\u00b0 Sebasti\u00e1n Rivero, tap\u00f3 el remate decisivo de Maximiliano Ibarra, y toda\nla alegr\u00eda se desat\u00f3. Antes, David \u00c1vila, Javier Barandarian y Rodrigo Piccone,\nlograron convertir sus tantos; Javier \u00c1vila fall\u00f3. En Ap\u00edcola, Jorge Sphan y\nJorge Bartolomeo inflaron la red; Cristian Lombardo y Marcelo Carpaneto no\ncontaron con la suerte de marcar.<\/p>\n\n\n\n<p><strong>Copa\nMercedes Deportes (menores)<\/strong><\/p>\n\n\n\n<p>En cancha solamente pudieron presentarse San Mart\u00edn\nante El Bosquecito-Peluquer\u00eda Juan Cesar, y Los Pibes contra Estudio Jur\u00eddico\nPagano-Poggio. Los muchachos del Barrio San Mart\u00edn fueron m\u00e1s que su\ncontendiente, con autoridad se impusieron por cinco a tres, en donde Diego\nMaiorana fue la gran figura del partido con un Hat-Trick.<\/p>\n\n\n\n<p>Por el otro duelo, la pulseada se la llev\u00f3 Estudio\nJur\u00eddico Pagano-Poggio por tres a dos. Los enfrentamientos faltantes que\nestaban pactados se disputar\u00e1n el pr\u00f3ximo s\u00e1bado.<\/p>\n\n\n\n<figure class=\"wp-block-image\"><img loading=\"lazy\" decoding=\"async\" width=\"1024\" height=\"576\" data-attachment-id=\"86357\" data-permalink=\"https:\/\/www.hoymercedes.com.ar\/principal\/2019\/01\/03\/rosario-plastico-autoservicio-marisol-logro-su-quinto-titulo\/avila-primer-puesto-jpg\/#main\" data-orig-file=\"https:\/\/www.hoymercedes.com.ar\/principal\/wp-content\/uploads\/2019\/01\/\u00e1vila-primer-puesto-jpg.jpg\" data-orig-size=\"2656,1494\" data-comments-opened=\"0\" data-image-meta=\"{&quot;aperture&quot;:&quot;0&quot;,&quot;credit&quot;:&quot;&quot;,&quot;camera&quot;:&quot;&quot;,&quot;caption&quot;:&quot;&quot;,&quot;created_timestamp&quot;:&quot;0&quot;,&quot;copyright&quot;:&quot;&quot;,&quot;focal_length&quot;:&quot;0&quot;,&quot;iso&quot;:&quot;0&quot;,&quot;shutter_speed&quot;:&quot;0&quot;,&quot;title&quot;:&quot;&quot;,&quot;orientation&quot;:&quot;1&quot;}\" data-image-title=\"\u00e1vila primer puesto-jpg\" data-image-description=\"\" data-image-caption=\"\" data-large-file=\"https:\/\/www.hoymercedes.com.ar\/principal\/wp-content\/uploads\/2019\/01\/\u00e1vila-primer-puesto-jpg-1024x576.jpg\" src=\"https:\/\/www.hoymercedes.com.ar\/principal\/wp-content\/uploads\/2019\/01\/\u00e1vila-primer-puesto-jpg-1024x576.jpg\" alt=\"\" class=\"wp-image-86357\" srcset=\"https:\/\/www.hoymercedes.com.ar\/principal\/wp-content\/uploads\/2019\/01\/\u00e1vila-primer-puesto-jpg-1024x576.jpg 1024w, https:\/\/www.hoymercedes.com.ar\/principal\/wp-content\/uploads\/2019\/01\/\u00e1vila-primer-puesto-jpg-150x84.jpg 150w, https:\/\/www.hoymercedes.com.ar\/principal\/wp-content\/uploads\/2019\/01\/\u00e1vila-primer-puesto-jpg-630x354.jpg 630w\" sizes=\"auto, (max-width: 1024px) 100vw, 1024px\" \/><\/figure>\n\n\n\n<p><strong>Resultados\ncompletos torneo m\u00e1ster:<\/strong><\/p>\n\n\n\n<p>El Rejunte: 0 (gan\u00f3 por penales)<\/p>\n\n\n\n<p>Goodyear Neum\u00e1ticos: 0<\/p>\n\n\n\n<p>Rosario Pl\u00e1stico-Autoservicio Marisol: 0 (gan\u00f3 por\npenales)<\/p>\n\n\n\n<p>Apicola Mercedes: 0<\/p>\n\n\n\n<p><strong>Premiaciones:<\/strong><\/p>\n\n\n\n<p>Mejor jugador del torneo: Jorge Sphan (Apicola\nMercedes)<\/p>\n\n\n\n<figure class=\"wp-block-image\"><img loading=\"lazy\" decoding=\"async\" width=\"576\" height=\"1024\" data-attachment-id=\"86359\" data-permalink=\"https:\/\/www.hoymercedes.com.ar\/principal\/2019\/01\/03\/rosario-plastico-autoservicio-marisol-logro-su-quinto-titulo\/jorge-sphan-jpg-2\/#main\" data-orig-file=\"https:\/\/www.hoymercedes.com.ar\/principal\/wp-content\/uploads\/2019\/01\/jorge-sphan-1.jpg-1.jpg\" data-orig-size=\"750,1333\" data-comments-opened=\"0\" data-image-meta=\"{&quot;aperture&quot;:&quot;0&quot;,&quot;credit&quot;:&quot;&quot;,&quot;camera&quot;:&quot;&quot;,&quot;caption&quot;:&quot;&quot;,&quot;created_timestamp&quot;:&quot;0&quot;,&quot;copyright&quot;:&quot;&quot;,&quot;focal_length&quot;:&quot;0&quot;,&quot;iso&quot;:&quot;0&quot;,&quot;shutter_speed&quot;:&quot;0&quot;,&quot;title&quot;:&quot;&quot;,&quot;orientation&quot;:&quot;1&quot;}\" data-image-title=\"jorge sphan.jpg\" data-image-description=\"\" data-image-caption=\"\" data-large-file=\"https:\/\/www.hoymercedes.com.ar\/principal\/wp-content\/uploads\/2019\/01\/jorge-sphan-1.jpg-1-576x1024.jpg\" src=\"https:\/\/www.hoymercedes.com.ar\/principal\/wp-content\/uploads\/2019\/01\/jorge-sphan-1.jpg-1-576x1024.jpg\" alt=\"\" class=\"wp-image-86359\" srcset=\"https:\/\/www.hoymercedes.com.ar\/principal\/wp-content\/uploads\/2019\/01\/jorge-sphan-1.jpg-1-576x1024.jpg 576w, https:\/\/www.hoymercedes.com.ar\/principal\/wp-content\/uploads\/2019\/01\/jorge-sphan-1.jpg-1-84x150.jpg 84w, https:\/\/www.hoymercedes.com.ar\/principal\/wp-content\/uploads\/2019\/01\/jorge-sphan-1.jpg-1-349x620.jpg 349w, https:\/\/www.hoymercedes.com.ar\/principal\/wp-content\/uploads\/2019\/01\/jorge-sphan-1.jpg-1.jpg 750w\" sizes=\"auto, (max-width: 576px) 100vw, 576px\" \/><\/figure>\n\n\n\n<p>Goleador: Julio Mart\u00ednez (El Rejunte 7 goles)<\/p>\n\n\n\n<figure class=\"wp-block-image\"><img loading=\"lazy\" decoding=\"async\" width=\"576\" height=\"1024\" data-attachment-id=\"86361\" data-permalink=\"https:\/\/www.hoymercedes.com.ar\/principal\/2019\/01\/03\/rosario-plastico-autoservicio-marisol-logro-su-quinto-titulo\/martinez-jpg-2\/#main\" data-orig-file=\"https:\/\/www.hoymercedes.com.ar\/principal\/wp-content\/uploads\/2019\/01\/mart\u00ednez-1.jpg-1.jpg\" data-orig-size=\"750,1333\" data-comments-opened=\"0\" data-image-meta=\"{&quot;aperture&quot;:&quot;0&quot;,&quot;credit&quot;:&quot;&quot;,&quot;camera&quot;:&quot;&quot;,&quot;caption&quot;:&quot;&quot;,&quot;created_timestamp&quot;:&quot;0&quot;,&quot;copyright&quot;:&quot;&quot;,&quot;focal_length&quot;:&quot;0&quot;,&quot;iso&quot;:&quot;0&quot;,&quot;shutter_speed&quot;:&quot;0&quot;,&quot;title&quot;:&quot;&quot;,&quot;orientation&quot;:&quot;1&quot;}\" data-image-title=\"mart\u00ednez.jpg\" data-image-description=\"\" data-image-caption=\"\" data-large-file=\"https:\/\/www.hoymercedes.com.ar\/principal\/wp-content\/uploads\/2019\/01\/mart\u00ednez-1.jpg-1-576x1024.jpg\" src=\"https:\/\/www.hoymercedes.com.ar\/principal\/wp-content\/uploads\/2019\/01\/mart\u00ednez-1.jpg-1-576x1024.jpg\" alt=\"\" class=\"wp-image-86361\" srcset=\"https:\/\/www.hoymercedes.com.ar\/principal\/wp-content\/uploads\/2019\/01\/mart\u00ednez-1.jpg-1-576x1024.jpg 576w, https:\/\/www.hoymercedes.com.ar\/principal\/wp-content\/uploads\/2019\/01\/mart\u00ednez-1.jpg-1-84x150.jpg 84w, https:\/\/www.hoymercedes.com.ar\/principal\/wp-content\/uploads\/2019\/01\/mart\u00ednez-1.jpg-1-349x620.jpg 349w, https:\/\/www.hoymercedes.com.ar\/principal\/wp-content\/uploads\/2019\/01\/mart\u00ednez-1.jpg-1.jpg 750w\" sizes=\"auto, (max-width: 576px) 100vw, 576px\" \/><\/figure>\n\n\n\n<p>Valla menos vencida: Sebasti\u00e1n Rivero (Rosario\nPl\u00e1stico-Autoservicio Marisol 6 goles)<\/p>\n\n\n\n<figure class=\"wp-block-image\"><img loading=\"lazy\" decoding=\"async\" width=\"576\" height=\"1024\" data-attachment-id=\"86362\" data-permalink=\"https:\/\/www.hoymercedes.com.ar\/principal\/2019\/01\/03\/rosario-plastico-autoservicio-marisol-logro-su-quinto-titulo\/micottis-jpg\/#main\" data-orig-file=\"https:\/\/www.hoymercedes.com.ar\/principal\/wp-content\/uploads\/2019\/01\/micottis.jpg.jpg\" data-orig-size=\"750,1333\" data-comments-opened=\"0\" data-image-meta=\"{&quot;aperture&quot;:&quot;0&quot;,&quot;credit&quot;:&quot;&quot;,&quot;camera&quot;:&quot;&quot;,&quot;caption&quot;:&quot;&quot;,&quot;created_timestamp&quot;:&quot;0&quot;,&quot;copyright&quot;:&quot;&quot;,&quot;focal_length&quot;:&quot;0&quot;,&quot;iso&quot;:&quot;0&quot;,&quot;shutter_speed&quot;:&quot;0&quot;,&quot;title&quot;:&quot;&quot;,&quot;orientation&quot;:&quot;1&quot;}\" data-image-title=\"micottis.jpg\" data-image-description=\"\" data-image-caption=\"\" data-large-file=\"https:\/\/www.hoymercedes.com.ar\/principal\/wp-content\/uploads\/2019\/01\/micottis.jpg-576x1024.jpg\" src=\"https:\/\/www.hoymercedes.com.ar\/principal\/wp-content\/uploads\/2019\/01\/micottis.jpg-576x1024.jpg\" alt=\"\" class=\"wp-image-86362\" srcset=\"https:\/\/www.hoymercedes.com.ar\/principal\/wp-content\/uploads\/2019\/01\/micottis.jpg-576x1024.jpg 576w, https:\/\/www.hoymercedes.com.ar\/principal\/wp-content\/uploads\/2019\/01\/micottis.jpg-84x150.jpg 84w, https:\/\/www.hoymercedes.com.ar\/principal\/wp-content\/uploads\/2019\/01\/micottis.jpg-349x620.jpg 349w, https:\/\/www.hoymercedes.com.ar\/principal\/wp-content\/uploads\/2019\/01\/micottis.jpg.jpg 750w\" sizes=\"auto, (max-width: 576px) 100vw, 576px\" \/><\/figure>\n\n\n\n<p>Mejor Director t\u00e9cnico: Fabi\u00e1n Micottis (Rosario\nPl\u00e1stico-Autoservicio Marisol)<\/p>\n\n\n\n<p>Mejor defensor: David \u00c1vila (Rosario\nPl\u00e1stico-Autoservicio Marisol)<\/p>\n\n\n\n<p>Mejor l\u00ednea: Roberto Rojas<\/p>\n\n\n\n<p>Copa Fair Play: El Rejunte<\/p>\n\n\n\n<p>3\u00b0 puesto: El Rejunte<\/p>\n\n\n\n<p>2\u00b0 puesto: Ap\u00edcola Mercedes<\/p>\n\n\n\n<p>1\u00b0 puesto: Rosario Pl\u00e1stico-Autoservicio Marisol<\/p>\n\n\n\n<p><strong>Resultados\ncompletos torneo libre:<\/strong><\/p>\n\n\n\n<p>Barrio San Mart\u00edn: 5 (Diego Maiorana 3, Nicol\u00e1s\nMontenegro 2)<\/p>\n\n\n\n<p>El Bosquecito-Peluquer\u00eda Juan Cesar: 3 (Germ\u00e1n\nCastillo 2, Matias Verde)<\/p>\n\n\n\n<p>Los Pibes: 2 (Carlos Larrea, Juan Cruz Torres)<\/p>\n\n\n\n<p>Estudio Jur\u00eddico Pagano-Poggio: 3 (Carlos Dubertti,\nLucas Quiroga, Jes\u00fas Dubertti)<\/p>\n","protected":false},"excerpt":{"rendered":"<p>En la final\u00edsima su adversario fue Ap\u00edcola Mercedes. La definici\u00f3n del encuentro se extendi\u00f3 hasta la tanda de penales. En &#8230; <a title=\"Rosario Pl\u00e1stico-Autoservicio Marisol logr\u00f3 su quinto t\u00edtulo\" class=\"read-more\" href=\"https:\/\/www.hoymercedes.com.ar\/principal\/2019\/01\/03\/rosario-plastico-autoservicio-marisol-logro-su-quinto-titulo\/\" aria-label=\"Leer m\u00e1s sobre Rosario Pl\u00e1stico-Autoservicio Marisol logr\u00f3 su quinto t\u00edtulo\">Leer m\u00e1s<\/a><\/p>\n","protected":false},"author":1,"featured_media":86355,"comment_status":"closed","ping_status":"open","sticky":false,"template":"","format":"standard","meta":{"_monsterinsights_skip_tracking":false,"_monsterinsights_sitenote_active":false,"_monsterinsights_sitenote_note":"","_monsterinsights_sitenote_category":0,"jetpack_post_was_ever_published":false,"_jetpack_newsletter_access":"","_jetpack_dont_email_post_to_subs":false,"_jetpack_newsletter_tier_id":0,"_jetpack_memberships_contains_paywalled_content":false,"_jetpack_memberships_contains_paid_content":false,"footnotes":"","jetpack_publicize_message":"","jetpack_publicize_feature_enabled":true,"jetpack_social_post_already_shared":true,"jetpack_social_options":{"image_generator_settings":{"template":"highway","default_image_id":0,"font":"","enabled":false},"version":2},"_wpas_customize_per_network":false},"categories":[21],"tags":[12957,1789],"class_list":["post-86354","post","type-post","status-publish","format-standard","has-post-thumbnail","hentry","category-deportes","tag-futbol-amateur","tag-sindicato-de-la-carne","generate-columns","tablet-grid-50","mobile-grid-100","grid-parent","grid-50"],"jetpack_publicize_connections":[],"jetpack_featured_media_url":"https:\/\/www.hoymercedes.com.ar\/principal\/wp-content\/uploads\/2019\/01\/el-campe\u00f3n.jpg.jpg","wps_subtitle":"Sindicato de La Carne","jetpack_sharing_enabled":true,"jetpack-related-posts":[{"id":93986,"url":"https:\/\/www.hoymercedes.com.ar\/principal\/2019\/05\/29\/autoservicio-marisol-rosario-plastico-goleo-y-sigue-primero-en-soledad\/","url_meta":{"origin":86354,"position":0},"title":"Autoservicio Marisol-Rosario Pl\u00e1stico gole\u00f3, y sigue primero en soledad","author":"hoymercedes","date":"29 mayo, 2019","format":false,"excerpt":"Fue una goleada avasallante contra Electromec\u00e1nica Zunino. Por el lado de los menores, se jug\u00f3 la final de la Copa de Campeones, y Verduler\u00eda Roc\u00edo festej\u00f3 ante Culebras. Nuevamente se vivi\u00f3 un espect\u00e1culo futbol\u00edstico en el predio del Sindicato de la Carne Mercedes, con todo lo que aportan los veteranos\u2026","rel":"","context":"En \u00abDeportes\u00bb","block_context":{"text":"Deportes","link":"https:\/\/www.hoymercedes.com.ar\/principal\/category\/deportes\/"},"img":{"alt_text":"","src":"https:\/\/i0.wp.com\/www.hoymercedes.com.ar\/principal\/wp-content\/uploads\/2019\/05\/verduler%C3%ADa-roc%C3%ADo-campe%C3%B3n.jpg.jpg?resize=350%2C200&ssl=1","width":350,"height":200,"srcset":"https:\/\/i0.wp.com\/www.hoymercedes.com.ar\/principal\/wp-content\/uploads\/2019\/05\/verduler%C3%ADa-roc%C3%ADo-campe%C3%B3n.jpg.jpg?resize=350%2C200&ssl=1 1x, https:\/\/i0.wp.com\/www.hoymercedes.com.ar\/principal\/wp-content\/uploads\/2019\/05\/verduler%C3%ADa-roc%C3%ADo-campe%C3%B3n.jpg.jpg?resize=525%2C300&ssl=1 1.5x, https:\/\/i0.wp.com\/www.hoymercedes.com.ar\/principal\/wp-content\/uploads\/2019\/05\/verduler%C3%ADa-roc%C3%ADo-campe%C3%B3n.jpg.jpg?resize=700%2C400&ssl=1 2x"},"classes":[]},{"id":85979,"url":"https:\/\/www.hoymercedes.com.ar\/principal\/2018\/12\/25\/rosario-plastico-autoservicio-marisol-y-apicola-mercedes-jugaran-la-final-de-veteranos\/","url_meta":{"origin":86354,"position":1},"title":"Rosario Pl\u00e1stico-Autoservicio Marisol y Ap\u00edcola Mercedes jugar\u00e1n la final de veteranos","author":"hoymercedes","date":"25 diciembre, 2018","format":false,"excerpt":"En la instancia decisiva para conocer al campe\u00f3n del complejo, nuevamente se ver\u00e1n las caras estos dos planteles. Supieron jugar la final\u00edsima hace algunos cert\u00e1menes atr\u00e1s. En menores comenz\u00f3 otra Copa Mercedes Deportes. Se realizaron las correspondientes semifinales del torneo m\u00e1ster, y se dio un nuevo inicio a otro campeonato\u2026","rel":"","context":"En \u00abDeportes\u00bb","block_context":{"text":"Deportes","link":"https:\/\/www.hoymercedes.com.ar\/principal\/category\/deportes\/"},"img":{"alt_text":"","src":"https:\/\/i0.wp.com\/www.hoymercedes.com.ar\/principal\/wp-content\/uploads\/2018\/12\/Rosario-Pl%C3%A1stico-Autoservicio-Marisol.jpg.jpg?resize=350%2C200&ssl=1","width":350,"height":200,"srcset":"https:\/\/i0.wp.com\/www.hoymercedes.com.ar\/principal\/wp-content\/uploads\/2018\/12\/Rosario-Pl%C3%A1stico-Autoservicio-Marisol.jpg.jpg?resize=350%2C200&ssl=1 1x, https:\/\/i0.wp.com\/www.hoymercedes.com.ar\/principal\/wp-content\/uploads\/2018\/12\/Rosario-Pl%C3%A1stico-Autoservicio-Marisol.jpg.jpg?resize=525%2C300&ssl=1 1.5x, https:\/\/i0.wp.com\/www.hoymercedes.com.ar\/principal\/wp-content\/uploads\/2018\/12\/Rosario-Pl%C3%A1stico-Autoservicio-Marisol.jpg.jpg?resize=700%2C400&ssl=1 2x"},"classes":[]},{"id":83974,"url":"https:\/\/www.hoymercedes.com.ar\/principal\/2018\/11\/14\/a-pesar-de-la-lluvia-los-mayores-disputaron-su-fecha\/","url_meta":{"origin":86354,"position":2},"title":"A pesar de la lluvia los mayores disputaron su fecha","author":"hoymercedes","date":"14 noviembre, 2018","format":false,"excerpt":"Autoservicio El Cicl\u00f3n-Forrajer\u00eda El Cholo y El Rejunte lideran las dos zonas de los veteranos. En el torneo libre se espera otro s\u00e1bado de definiciones, esta vez, en instancias de semis. \u00a0 Copa Goodyear Neum\u00e1ticos: Entra en la recta final la primera fase del torneo m\u00e1ster, organizado por Walter Banega,\u2026","rel":"","context":"En \u00abDeportes\u00bb","block_context":{"text":"Deportes","link":"https:\/\/www.hoymercedes.com.ar\/principal\/category\/deportes\/"},"img":{"alt_text":"","src":"https:\/\/i0.wp.com\/www.hoymercedes.com.ar\/principal\/wp-content\/uploads\/2018\/11\/los-pibes.jpg?resize=350%2C200&ssl=1","width":350,"height":200,"srcset":"https:\/\/i0.wp.com\/www.hoymercedes.com.ar\/principal\/wp-content\/uploads\/2018\/11\/los-pibes.jpg?resize=350%2C200&ssl=1 1x, https:\/\/i0.wp.com\/www.hoymercedes.com.ar\/principal\/wp-content\/uploads\/2018\/11\/los-pibes.jpg?resize=525%2C300&ssl=1 1.5x, https:\/\/i0.wp.com\/www.hoymercedes.com.ar\/principal\/wp-content\/uploads\/2018\/11\/los-pibes.jpg?resize=700%2C400&ssl=1 2x"},"classes":[]},{"id":100475,"url":"https:\/\/www.hoymercedes.com.ar\/principal\/2019\/09\/27\/a-paso-firme-goodyear-neumaticos\/","url_meta":{"origin":86354,"position":3},"title":"A paso firme Goodyear Neum\u00e1ticos","author":"hoymercedes","date":"27 septiembre, 2019","format":false,"excerpt":"Cada vez causan m\u00e1s furor los dos torneos organizados por Walter Banega, quien con su impecable desempe\u00f1o dentro del predio mercedino, lleva adelante la Copa Goodyear Neum\u00e1ticos de mayores y la Copa Mercedes Deportes de los m\u00e1s chicos del complejo. En la tarde del s\u00e1bado, se concretaron los correspondientes partidos\u2026","rel":"","context":"En \u00abDeportes\u00bb","block_context":{"text":"Deportes","link":"https:\/\/www.hoymercedes.com.ar\/principal\/category\/deportes\/"},"img":{"alt_text":"","src":"https:\/\/i0.wp.com\/www.hoymercedes.com.ar\/principal\/wp-content\/uploads\/2019\/09\/consultorio.jpg.jpg?resize=350%2C200&ssl=1","width":350,"height":200,"srcset":"https:\/\/i0.wp.com\/www.hoymercedes.com.ar\/principal\/wp-content\/uploads\/2019\/09\/consultorio.jpg.jpg?resize=350%2C200&ssl=1 1x, https:\/\/i0.wp.com\/www.hoymercedes.com.ar\/principal\/wp-content\/uploads\/2019\/09\/consultorio.jpg.jpg?resize=525%2C300&ssl=1 1.5x, https:\/\/i0.wp.com\/www.hoymercedes.com.ar\/principal\/wp-content\/uploads\/2019\/09\/consultorio.jpg.jpg?resize=700%2C400&ssl=1 2x"},"classes":[]},{"id":92855,"url":"https:\/\/www.hoymercedes.com.ar\/principal\/2019\/05\/14\/el-campeon-saldra-del-duelo-entre-san-martin-y-verduleria-rocio\/","url_meta":{"origin":86354,"position":4},"title":"El campe\u00f3n saldr\u00e1 del duelo entre San Mart\u00edn y Verduler\u00eda Roc\u00edo","author":"hoymercedes","date":"14 mayo, 2019","format":false,"excerpt":"Fueron los dos planteles que salieron beneficiados del triangular, y ahora se ver\u00e1n las caras en un enfrentamiento mano a mano. El futbol que se desarrolla en el complejo mercedino es de alto vuelo, apasionante, y vibra con los grandes jugadores y planteles que concurren s\u00e1bado a s\u00e1bado para mostrar\u2026","rel":"","context":"En \u00abDeportes\u00bb","block_context":{"text":"Deportes","link":"https:\/\/www.hoymercedes.com.ar\/principal\/category\/deportes\/"},"img":{"alt_text":"","src":"https:\/\/i0.wp.com\/www.hoymercedes.com.ar\/principal\/wp-content\/uploads\/2019\/05\/lo-jarrones.jpg.jpg?resize=350%2C200&ssl=1","width":350,"height":200,"srcset":"https:\/\/i0.wp.com\/www.hoymercedes.com.ar\/principal\/wp-content\/uploads\/2019\/05\/lo-jarrones.jpg.jpg?resize=350%2C200&ssl=1 1x, https:\/\/i0.wp.com\/www.hoymercedes.com.ar\/principal\/wp-content\/uploads\/2019\/05\/lo-jarrones.jpg.jpg?resize=525%2C300&ssl=1 1.5x, https:\/\/i0.wp.com\/www.hoymercedes.com.ar\/principal\/wp-content\/uploads\/2019\/05\/lo-jarrones.jpg.jpg?resize=700%2C400&ssl=1 2x"},"classes":[]},{"id":98586,"url":"https:\/\/www.hoymercedes.com.ar\/principal\/2019\/08\/20\/el-certamen-de-los-veteranos-se-pone-cada-vez-mas-interesante\/","url_meta":{"origin":86354,"position":5},"title":"El certamen de los veteranos se pone cada vez m\u00e1s interesante","author":"hoymercedes","date":"20 agosto, 2019","format":false,"excerpt":"En una nueva tarde en el complejo del Sindicato de la Carne Mercedes, hubo f\u00fatbol del bueno una vez m\u00e1s, con todos los equipos participantes de ambos torneos, el de los menores y el de los mayores. Los menores ya se encuentran en etapa de definiciones, y est\u00e1n disputando la\u2026","rel":"","context":"En \u00abDeportes\u00bb","block_context":{"text":"Deportes","link":"https:\/\/www.hoymercedes.com.ar\/principal\/category\/deportes\/"},"img":{"alt_text":"","src":"https:\/\/i0.wp.com\/www.hoymercedes.com.ar\/principal\/wp-content\/uploads\/2019\/08\/goodyear.jpg.jpg?resize=350%2C200&ssl=1","width":350,"height":200,"srcset":"https:\/\/i0.wp.com\/www.hoymercedes.com.ar\/principal\/wp-content\/uploads\/2019\/08\/goodyear.jpg.jpg?resize=350%2C200&ssl=1 1x, https:\/\/i0.wp.com\/www.hoymercedes.com.ar\/principal\/wp-content\/uploads\/2019\/08\/goodyear.jpg.jpg?resize=525%2C300&ssl=1 1.5x, https:\/\/i0.wp.com\/www.hoymercedes.com.ar\/principal\/wp-content\/uploads\/2019\/08\/goodyear.jpg.jpg?resize=700%2C400&ssl=1 2x"},"classes":[]}],"_links":{"self":[{"href":"https:\/\/www.hoymercedes.com.ar\/principal\/wp-json\/wp\/v2\/posts\/86354","targetHints":{"allow":["GET"]}}],"collection":[{"href":"https:\/\/www.hoymercedes.com.ar\/principal\/wp-json\/wp\/v2\/posts"}],"about":[{"href":"https:\/\/www.hoymercedes.com.ar\/principal\/wp-json\/wp\/v2\/types\/post"}],"author":[{"embeddable":true,"href":"https:\/\/www.hoymercedes.com.ar\/principal\/wp-json\/wp\/v2\/users\/1"}],"replies":[{"embeddable":true,"href":"https:\/\/www.hoymercedes.com.ar\/principal\/wp-json\/wp\/v2\/comments?post=86354"}],"version-history":[{"count":0,"href":"https:\/\/www.hoymercedes.com.ar\/principal\/wp-json\/wp\/v2\/posts\/86354\/revisions"}],"wp:featuredmedia":[{"embeddable":true,"href":"https:\/\/www.hoymercedes.com.ar\/principal\/wp-json\/wp\/v2\/media\/86355"}],"wp:attachment":[{"href":"https:\/\/www.hoymercedes.com.ar\/principal\/wp-json\/wp\/v2\/media?parent=86354"}],"wp:term":[{"taxonomy":"category","embeddable":true,"href":"https:\/\/www.hoymercedes.com.ar\/principal\/wp-json\/wp\/v2\/categories?post=86354"},{"taxonomy":"post_tag","embeddable":true,"href":"https:\/\/www.hoymercedes.com.ar\/principal\/wp-json\/wp\/v2\/tags?post=86354"}],"curies":[{"name":"wp","href":"https:\/\/api.w.org\/{rel}","templated":true}]}}