{"id":8637,"date":"2011-10-26T11:18:05","date_gmt":"2011-10-26T11:18:05","guid":{"rendered":"http:\/\/www.hoymercedes.com.ar\/principal\/?p=8637"},"modified":"2011-10-26T11:18:05","modified_gmt":"2011-10-26T11:18:05","slug":"javier-moreyra-presenta-sus-nuevas-muestras-ceramicas-%e2%80%9caraza2%e2%80%9d-y-%e2%80%9cmontaje-capital%e2%80%9d","status":"publish","type":"post","link":"https:\/\/www.hoymercedes.com.ar\/principal\/2011\/10\/26\/javier-moreyra-presenta-sus-nuevas-muestras-ceramicas-%e2%80%9caraza2%e2%80%9d-y-%e2%80%9cmontaje-capital%e2%80%9d\/","title":{"rendered":"Javier Moreyra presenta sus nuevas muestras cer\u00e1micas \u201caRAZA2\u201d y \u201cMontaje capital\u201d"},"content":{"rendered":"<p><a href=\"https:\/\/www.hoymercedes.com.ar\/principal\/wp-content\/uploads\/2011\/10\/arazados-moreyra.jpg\"><img loading=\"lazy\" decoding=\"async\" data-attachment-id=\"8639\" data-permalink=\"https:\/\/www.hoymercedes.com.ar\/principal\/2011\/10\/26\/javier-moreyra-presenta-sus-nuevas-muestras-ceramicas-%e2%80%9caraza2%e2%80%9d-y-%e2%80%9cmontaje-capital%e2%80%9d\/s-2\/#main\" data-orig-file=\"https:\/\/www.hoymercedes.com.ar\/principal\/wp-content\/uploads\/2011\/10\/arazados-moreyra.jpg\" data-orig-size=\"512,389\" data-comments-opened=\"1\" data-image-meta=\"{&quot;aperture&quot;:&quot;2.8&quot;,&quot;credit&quot;:&quot;&quot;,&quot;camera&quot;:&quot;KP570&quot;,&quot;caption&quot;:&quot;&quot;,&quot;created_timestamp&quot;:&quot;1319493648&quot;,&quot;copyright&quot;:&quot;&quot;,&quot;focal_length&quot;:&quot;3.55&quot;,&quot;iso&quot;:&quot;0&quot;,&quot;shutter_speed&quot;:&quot;0&quot;,&quot;title&quot;:&quot;S&quot;}\" data-image-title=\"Moreyra\" data-image-description=\"\" data-image-caption=\"\" data-large-file=\"https:\/\/www.hoymercedes.com.ar\/principal\/wp-content\/uploads\/2011\/10\/arazados-moreyra.jpg\" class=\"aligncenter size-full wp-image-8639\" title=\"Moreyra\" src=\"https:\/\/www.hoymercedes.com.ar\/principal\/wp-content\/uploads\/2011\/10\/arazados-moreyra.jpg\" alt=\"\" width=\"512\" height=\"389\" \/><\/a><\/p>\n<p>Ser\u00e1n inauguradas el venidero s\u00e1bado 5 de noviembre a partir de las 20 horas, en la vidriera del \u201cTaller del Sol\u201d, de calle 18 entre 27 y 29. Se trata de dos instalaciones que son distintas pero tienen hilos conductores.<\/p>\n<p>El multifac\u00e9tico y prol\u00edfico artista de la cer\u00e1mica Javier Moreyra presenta en el mes de noviembre dos nuevas instalaciones para mostrar sus \u00faltimos trabajos realizados. Ambas podr\u00e1n verse en el \u201cTaller del Sol\u201d, de calle 18 entre 27 y 29. Se trata de \u201caRAZA2\u201d (por un cacho de cultura bicentenaria) y \u201cMontaje capital\u201d (instaalaacci\u00f3n cer\u00e1mica), que ser\u00e1n inauguradas el venidero s\u00e1bado 5 de noviembre a partir de las 20 horas.<\/p>\n<p>Se trata de dos instalaciones, que son distintas pero tienen hilos conductores: \u201cSon muy distintas entre s\u00ed, pero unidas por las cosas que perdimos y las cosas que ganamos. Algo fue arrasado y algo perdura\u201d, indic\u00f3 el propio artista mercedino, describiendo en principio \u201caRAZA2\u201d: \u201cEs un retomar el juego con el barro, con la libertad de que el barro hable por s\u00ed solo, se manifieste. Yo vengo a ser el puente de ese discurso\u201d, expres\u00f3.<\/p>\n<p>\u201cTodo fue l\u00fadico, y el barro tom\u00f3 formas y texturas que fueron configurando la instalaci\u00f3n Montaje Capital, que aporta una mirada social, en un tiempo determinado\u201d, agreg\u00f3 Moreyra y coment\u00f3 que la elecci\u00f3n del lugar donde presenta las instalaciones, la vidriera del Taller del Sol, le pareci\u00f3 novedosa: \u201cMe permite jugar con la din\u00e1mica del espacio\u201d, opin\u00f3.<\/p>\n<p>\u201cEl jugar con las palabras que titulan las instalaciones habla de lo distorsionadas que puedan estar las cosas que se nos presentan, pero nuestro entendimiento f\u00edsico y espiritual puede m\u00e1s que ello\u201d, complet\u00f3.<\/p>\n","protected":false},"excerpt":{"rendered":"<p>Ser\u00e1n inauguradas el venidero s\u00e1bado 5 de noviembre a partir de las 20 horas, en la vidriera del \u201cTaller del &#8230; <a title=\"Javier Moreyra presenta sus nuevas muestras cer\u00e1micas \u201caRAZA2\u201d y \u201cMontaje capital\u201d\" class=\"read-more\" href=\"https:\/\/www.hoymercedes.com.ar\/principal\/2011\/10\/26\/javier-moreyra-presenta-sus-nuevas-muestras-ceramicas-%e2%80%9caraza2%e2%80%9d-y-%e2%80%9cmontaje-capital%e2%80%9d\/\" aria-label=\"Leer m\u00e1s sobre Javier Moreyra presenta sus nuevas muestras cer\u00e1micas \u201caRAZA2\u201d y \u201cMontaje capital\u201d\">Leer m\u00e1s<\/a><\/p>\n","protected":false},"author":1,"featured_media":0,"comment_status":"open","ping_status":"open","sticky":false,"template":"","format":"standard","meta":{"_monsterinsights_skip_tracking":false,"_monsterinsights_sitenote_active":false,"_monsterinsights_sitenote_note":"","_monsterinsights_sitenote_category":0,"jetpack_post_was_ever_published":false,"_jetpack_newsletter_access":"","_jetpack_dont_email_post_to_subs":false,"_jetpack_newsletter_tier_id":0,"_jetpack_memberships_contains_paywalled_content":false,"_jetpack_memberships_contains_paid_content":false,"footnotes":"","jetpack_publicize_message":"","jetpack_publicize_feature_enabled":true,"jetpack_social_post_already_shared":false,"jetpack_social_options":{"image_generator_settings":{"template":"highway","default_image_id":0,"font":"","enabled":false},"version":2},"_wpas_customize_per_network":false},"categories":[104],"tags":[1510],"class_list":["post-8637","post","type-post","status-publish","format-standard","hentry","category-cultura","tag-javier-moreyra","generate-columns","tablet-grid-50","mobile-grid-100","grid-parent","grid-50"],"jetpack_publicize_connections":[],"jetpack_featured_media_url":"","wps_subtitle":"","jetpack_sharing_enabled":true,"_links":{"self":[{"href":"https:\/\/www.hoymercedes.com.ar\/principal\/wp-json\/wp\/v2\/posts\/8637","targetHints":{"allow":["GET"]}}],"collection":[{"href":"https:\/\/www.hoymercedes.com.ar\/principal\/wp-json\/wp\/v2\/posts"}],"about":[{"href":"https:\/\/www.hoymercedes.com.ar\/principal\/wp-json\/wp\/v2\/types\/post"}],"author":[{"embeddable":true,"href":"https:\/\/www.hoymercedes.com.ar\/principal\/wp-json\/wp\/v2\/users\/1"}],"replies":[{"embeddable":true,"href":"https:\/\/www.hoymercedes.com.ar\/principal\/wp-json\/wp\/v2\/comments?post=8637"}],"version-history":[{"count":0,"href":"https:\/\/www.hoymercedes.com.ar\/principal\/wp-json\/wp\/v2\/posts\/8637\/revisions"}],"wp:attachment":[{"href":"https:\/\/www.hoymercedes.com.ar\/principal\/wp-json\/wp\/v2\/media?parent=8637"}],"wp:term":[{"taxonomy":"category","embeddable":true,"href":"https:\/\/www.hoymercedes.com.ar\/principal\/wp-json\/wp\/v2\/categories?post=8637"},{"taxonomy":"post_tag","embeddable":true,"href":"https:\/\/www.hoymercedes.com.ar\/principal\/wp-json\/wp\/v2\/tags?post=8637"}],"curies":[{"name":"wp","href":"https:\/\/api.w.org\/{rel}","templated":true}]}}