{"id":86389,"date":"2019-01-03T17:30:17","date_gmt":"2019-01-03T20:30:17","guid":{"rendered":"http:\/\/www.hoymercedes.com.ar\/principal\/?p=86389"},"modified":"2019-01-03T17:18:31","modified_gmt":"2019-01-03T20:18:31","slug":"el-empresario-cesar-sanmartin-distinguido-como-ciudadano-destacado","status":"publish","type":"post","link":"https:\/\/www.hoymercedes.com.ar\/principal\/2019\/01\/03\/el-empresario-cesar-sanmartin-distinguido-como-ciudadano-destacado\/","title":{"rendered":"El empresario C\u00e9sar Sanmart\u00edn distinguido como \u201cciudadano destacado\u201d"},"content":{"rendered":"\n<p>En la sala de planta baja de teatro&nbsp; municipal con la participaci\u00f3n\nde amigos y familiares del empresario Cesar Sanmart\u00edn, se realiz\u00f3 el acto de\nreconocimiento al Gallego como \u00abciudadano destacado\u00bb por su labor en\nel desarrollo empresarial de Mercedes.&nbsp;<\/p>\n\n\n\n<figure class=\"wp-block-image\"><img loading=\"lazy\" decoding=\"async\" width=\"1024\" height=\"683\" data-attachment-id=\"86390\" data-permalink=\"https:\/\/www.hoymercedes.com.ar\/principal\/2019\/01\/03\/el-empresario-cesar-sanmartin-distinguido-como-ciudadano-destacado\/03-sanmartin-1\/#main\" data-orig-file=\"https:\/\/www.hoymercedes.com.ar\/principal\/wp-content\/uploads\/2019\/01\/03-sanmartin-1.jpg\" data-orig-size=\"1200,800\" data-comments-opened=\"0\" data-image-meta=\"{&quot;aperture&quot;:&quot;0&quot;,&quot;credit&quot;:&quot;&quot;,&quot;camera&quot;:&quot;&quot;,&quot;caption&quot;:&quot;&quot;,&quot;created_timestamp&quot;:&quot;0&quot;,&quot;copyright&quot;:&quot;&quot;,&quot;focal_length&quot;:&quot;0&quot;,&quot;iso&quot;:&quot;0&quot;,&quot;shutter_speed&quot;:&quot;0&quot;,&quot;title&quot;:&quot;&quot;,&quot;orientation&quot;:&quot;0&quot;}\" data-image-title=\"03 sanmartin 1\" data-image-description=\"\" data-image-caption=\"\" data-large-file=\"https:\/\/www.hoymercedes.com.ar\/principal\/wp-content\/uploads\/2019\/01\/03-sanmartin-1-1024x683.jpg\" src=\"https:\/\/www.hoymercedes.com.ar\/principal\/wp-content\/uploads\/2019\/01\/03-sanmartin-1-1024x683.jpg\" alt=\"\" class=\"wp-image-86390\" srcset=\"https:\/\/www.hoymercedes.com.ar\/principal\/wp-content\/uploads\/2019\/01\/03-sanmartin-1-1024x683.jpg 1024w, https:\/\/www.hoymercedes.com.ar\/principal\/wp-content\/uploads\/2019\/01\/03-sanmartin-1-150x100.jpg 150w, https:\/\/www.hoymercedes.com.ar\/principal\/wp-content\/uploads\/2019\/01\/03-sanmartin-1-630x420.jpg 630w, https:\/\/www.hoymercedes.com.ar\/principal\/wp-content\/uploads\/2019\/01\/03-sanmartin-1.jpg 1200w\" sizes=\"auto, (max-width: 1024px) 100vw, 1024px\" \/><figcaption>Sanmart\u00edn y su esposa Ana Mar\u00eda Estarellas reciben la distinci\u00f3n de manos del Jefe Comunal Juan Ustarroz.<\/figcaption><\/figure>\n\n\n\n<p>El acto comenz\u00f3 con la proyecci\u00f3n de un video institucional\nque recorri\u00f3 con fotos y entrevistas los 70 a\u00f1os de la f\u00e1brica fundada por\nManuel Sanmart\u00edn en 1948. All\u00ed el \u201cGallego\u201d Sanmart\u00edn y su esposa agradecieron\na cada uno de los empleados que a lo largo de los 70 a\u00f1os form\u00f3 parte de la\nempresa familiar. <\/p>\n\n\n\n<p>A trav\u00e9s de\nun decreto, el Intendente Juan Ignacio Ustarroz lo nombr\u00f3 como \u201cciudadano\ndestacado\u201d en nombre de la Municipalidad de Mercedes. Al momento de entregar el\ntexto y la placa, el Jefe Comunal resalt\u00f3 el \u201cmerecido reconocimiento a la\ntrayectoria\u201d del empresario y vecino activo en la comunidad que \u201clogr\u00f3\ntranscender las fronteras del pa\u00eds\u201d. <\/p>\n\n\n\n<p>Don C\u00e9sar Sanmart\u00edn\ntambi\u00e9n dirigi\u00f3 unas palabras. Emocionado, con sus 85 a\u00f1os, agradeci\u00f3 el\nreconocimiento del municipio. \u201cSoy mercedino hasta la m\u00e9dula. Eso lo llevo\nsiempre en mi vida y por donde voy. Gracias a todos Mercedes por habernos\napoyado en momentos muy dif\u00edciles. Por eso agradezco a toda la ciudad y\nespecialmente a todas las personas que han participado de nuestra empresa. A\ntodas esas personas les agradecemos profundamente\u201d, expres\u00f3 Sanmart\u00edn acompa\u00f1ado\nde su esposa Ana Mar\u00eda Estarellas y algunos de sus seis hijos y nietos. <\/p>\n\n\n\n<figure class=\"wp-block-image\"><img loading=\"lazy\" decoding=\"async\" width=\"750\" height=\"500\" data-attachment-id=\"86391\" data-permalink=\"https:\/\/www.hoymercedes.com.ar\/principal\/2019\/01\/03\/el-empresario-cesar-sanmartin-distinguido-como-ciudadano-destacado\/03-sanmartin-2\/#main\" data-orig-file=\"https:\/\/www.hoymercedes.com.ar\/principal\/wp-content\/uploads\/2019\/01\/03-sanmartin-2.jpg\" data-orig-size=\"750,500\" data-comments-opened=\"0\" data-image-meta=\"{&quot;aperture&quot;:&quot;2&quot;,&quot;credit&quot;:&quot;&quot;,&quot;camera&quot;:&quot;Moto G (5S) Plus&quot;,&quot;caption&quot;:&quot;&quot;,&quot;created_timestamp&quot;:&quot;1546515538&quot;,&quot;copyright&quot;:&quot;&quot;,&quot;focal_length&quot;:&quot;3.59&quot;,&quot;iso&quot;:&quot;796&quot;,&quot;shutter_speed&quot;:&quot;0.047619047619048&quot;,&quot;title&quot;:&quot;&quot;,&quot;orientation&quot;:&quot;1&quot;}\" data-image-title=\"03 sanmartin 2\" data-image-description=\"\" data-image-caption=\"\" data-large-file=\"https:\/\/www.hoymercedes.com.ar\/principal\/wp-content\/uploads\/2019\/01\/03-sanmartin-2.jpg\" src=\"https:\/\/www.hoymercedes.com.ar\/principal\/wp-content\/uploads\/2019\/01\/03-sanmartin-2.jpg\" alt=\"\" class=\"wp-image-86391\" srcset=\"https:\/\/www.hoymercedes.com.ar\/principal\/wp-content\/uploads\/2019\/01\/03-sanmartin-2.jpg 750w, https:\/\/www.hoymercedes.com.ar\/principal\/wp-content\/uploads\/2019\/01\/03-sanmartin-2-150x100.jpg 150w, https:\/\/www.hoymercedes.com.ar\/principal\/wp-content\/uploads\/2019\/01\/03-sanmartin-2-630x420.jpg 630w\" sizes=\"auto, (max-width: 750px) 100vw, 750px\" \/><figcaption>C\u00e9sar Sanmart\u00edn recibe el reconocimiento de la CEM de la mano de su actual Gerente Ariel Pietrucha y quien dirigi\u00f3 la instituci\u00f3n previamente Jorge Villarreal.<\/figcaption><\/figure>\n\n\n\n<p><strong>C\u00e1mara Econ\u00f3mica<\/strong><\/p>\n\n\n\n<p>En el marco del acto en reconocimiento a la labor de C\u00e9sar\nSanmart\u00edn como empresario y ciudadano destacado, la C\u00e1mara Econ\u00f3mica Mercedina\nentreg\u00f3 una placa a su ex presidente durante los per\u00edodos 1996-2001 y 2009-2011.\n<\/p>\n\n\n\n<p>Representando a la Comisi\u00f3n Directiva y a los socios, el\nGerente de la CEM Ariel Pietrucha junto al ex Gerente Jorge Villarreal, le\nentregaron la placa al Ciudadano Destacado que haci\u00e9ndose cargo de la empresa\ncreada por su padre en 1948 y que C\u00e9sar, \u201cel Gallego\u201d para muchos de los\nintegrantes de la C\u00e1mara Econ\u00f3mica, expandi\u00f3 a lo largo de los a\u00f1os como\nPresidente del Grupo Sanmart\u00edn. <\/p>\n\n\n\n<p>La placa entregada por el actual Gerente y quien lo antecedi\u00f3 reconoce y agradece la tarea de Sanmart\u00edn en los a\u00f1os como Presidente de la Comisi\u00f3n Directiva y el aporte que hizo para los asociados, a nivel regional, nacional e internacional y ante la comunidad desde su cargo y en nombre de la instituci\u00f3n. <\/p>\n\n\n\n<figure class=\"wp-block-image\"><img loading=\"lazy\" decoding=\"async\" width=\"1024\" height=\"683\" data-attachment-id=\"86392\" data-permalink=\"https:\/\/www.hoymercedes.com.ar\/principal\/2019\/01\/03\/el-empresario-cesar-sanmartin-distinguido-como-ciudadano-destacado\/03-sanmartin-3\/#main\" data-orig-file=\"https:\/\/www.hoymercedes.com.ar\/principal\/wp-content\/uploads\/2019\/01\/03-sanmartin-3.jpg\" data-orig-size=\"1200,800\" data-comments-opened=\"0\" data-image-meta=\"{&quot;aperture&quot;:&quot;0&quot;,&quot;credit&quot;:&quot;&quot;,&quot;camera&quot;:&quot;&quot;,&quot;caption&quot;:&quot;&quot;,&quot;created_timestamp&quot;:&quot;0&quot;,&quot;copyright&quot;:&quot;&quot;,&quot;focal_length&quot;:&quot;0&quot;,&quot;iso&quot;:&quot;0&quot;,&quot;shutter_speed&quot;:&quot;0&quot;,&quot;title&quot;:&quot;&quot;,&quot;orientation&quot;:&quot;0&quot;}\" data-image-title=\"03 sanmartin 3\" data-image-description=\"\" data-image-caption=\"\" data-large-file=\"https:\/\/www.hoymercedes.com.ar\/principal\/wp-content\/uploads\/2019\/01\/03-sanmartin-3-1024x683.jpg\" src=\"https:\/\/www.hoymercedes.com.ar\/principal\/wp-content\/uploads\/2019\/01\/03-sanmartin-3-1024x683.jpg\" alt=\"\" class=\"wp-image-86392\" srcset=\"https:\/\/www.hoymercedes.com.ar\/principal\/wp-content\/uploads\/2019\/01\/03-sanmartin-3-1024x683.jpg 1024w, https:\/\/www.hoymercedes.com.ar\/principal\/wp-content\/uploads\/2019\/01\/03-sanmartin-3-150x100.jpg 150w, https:\/\/www.hoymercedes.com.ar\/principal\/wp-content\/uploads\/2019\/01\/03-sanmartin-3-630x420.jpg 630w, https:\/\/www.hoymercedes.com.ar\/principal\/wp-content\/uploads\/2019\/01\/03-sanmartin-3.jpg 1200w\" sizes=\"auto, (max-width: 1024px) 100vw, 1024px\" \/><\/figure>\n","protected":false},"excerpt":{"rendered":"<p>En la sala de planta baja de teatro&nbsp; municipal con la participaci\u00f3n de amigos y familiares del empresario Cesar Sanmart\u00edn, &#8230; <a title=\"El empresario C\u00e9sar Sanmart\u00edn distinguido como \u201cciudadano destacado\u201d\" class=\"read-more\" href=\"https:\/\/www.hoymercedes.com.ar\/principal\/2019\/01\/03\/el-empresario-cesar-sanmartin-distinguido-como-ciudadano-destacado\/\" aria-label=\"Leer m\u00e1s sobre El empresario C\u00e9sar Sanmart\u00edn distinguido como \u201cciudadano destacado\u201d\">Leer m\u00e1s<\/a><\/p>\n","protected":false},"author":1,"featured_media":86392,"comment_status":"closed","ping_status":"open","sticky":false,"template":"","format":"standard","meta":{"_monsterinsights_skip_tracking":false,"_monsterinsights_sitenote_active":false,"_monsterinsights_sitenote_note":"","_monsterinsights_sitenote_category":0,"jetpack_post_was_ever_published":false,"_jetpack_newsletter_access":"","_jetpack_dont_email_post_to_subs":false,"_jetpack_newsletter_tier_id":0,"_jetpack_memberships_contains_paywalled_content":false,"_jetpack_memberships_contains_paid_content":false,"footnotes":"","jetpack_publicize_message":"","jetpack_publicize_feature_enabled":true,"jetpack_social_post_already_shared":true,"jetpack_social_options":{"image_generator_settings":{"template":"highway","default_image_id":0,"font":"","enabled":false},"version":2},"_wpas_customize_per_network":false},"categories":[5485],"tags":[682,687,1734,10225,244,424],"class_list":["post-86389","post","type-post","status-publish","format-standard","has-post-thumbnail","hentry","category-comunidad","tag-cem","tag-cesar-sanmartin","tag-ciudad-2","tag-ciudadano-destacado","tag-municipio-2","tag-ustarroz","generate-columns","tablet-grid-50","mobile-grid-100","grid-parent","grid-50"],"jetpack_publicize_connections":[],"jetpack_featured_media_url":"https:\/\/www.hoymercedes.com.ar\/principal\/wp-content\/uploads\/2019\/01\/03-sanmartin-3.jpg","wps_subtitle":"Por Decreto del Jefe Comunal","jetpack_sharing_enabled":true,"_links":{"self":[{"href":"https:\/\/www.hoymercedes.com.ar\/principal\/wp-json\/wp\/v2\/posts\/86389","targetHints":{"allow":["GET"]}}],"collection":[{"href":"https:\/\/www.hoymercedes.com.ar\/principal\/wp-json\/wp\/v2\/posts"}],"about":[{"href":"https:\/\/www.hoymercedes.com.ar\/principal\/wp-json\/wp\/v2\/types\/post"}],"author":[{"embeddable":true,"href":"https:\/\/www.hoymercedes.com.ar\/principal\/wp-json\/wp\/v2\/users\/1"}],"replies":[{"embeddable":true,"href":"https:\/\/www.hoymercedes.com.ar\/principal\/wp-json\/wp\/v2\/comments?post=86389"}],"version-history":[{"count":0,"href":"https:\/\/www.hoymercedes.com.ar\/principal\/wp-json\/wp\/v2\/posts\/86389\/revisions"}],"wp:featuredmedia":[{"embeddable":true,"href":"https:\/\/www.hoymercedes.com.ar\/principal\/wp-json\/wp\/v2\/media\/86392"}],"wp:attachment":[{"href":"https:\/\/www.hoymercedes.com.ar\/principal\/wp-json\/wp\/v2\/media?parent=86389"}],"wp:term":[{"taxonomy":"category","embeddable":true,"href":"https:\/\/www.hoymercedes.com.ar\/principal\/wp-json\/wp\/v2\/categories?post=86389"},{"taxonomy":"post_tag","embeddable":true,"href":"https:\/\/www.hoymercedes.com.ar\/principal\/wp-json\/wp\/v2\/tags?post=86389"}],"curies":[{"name":"wp","href":"https:\/\/api.w.org\/{rel}","templated":true}]}}