{"id":86417,"date":"2019-01-03T20:26:09","date_gmt":"2019-01-03T23:26:09","guid":{"rendered":"http:\/\/www.hoymercedes.com.ar\/principal\/?p=86417"},"modified":"2019-01-03T20:27:14","modified_gmt":"2019-01-03T23:27:14","slug":"dario-oliva-correra-el-giro-del-sol-en-san-juan","status":"publish","type":"post","link":"https:\/\/www.hoymercedes.com.ar\/principal\/2019\/01\/03\/dario-oliva-correra-el-giro-del-sol-en-san-juan\/","title":{"rendered":"Dar\u00edo Oliva correr\u00e1 el Giro del Sol en San Juan"},"content":{"rendered":"\n<p>El ciclista mercedino, uno de los integrantes del equipo KTM ser\u00e1 parte de esta competencia a un mes del inicio de la Doble Bragado. Ser\u00e1 la gran previa de la Vuelta a San Juan Internacional. Inicia este jueves en el Pinar y finaliza el domingo en Chimbas.\u00a0<\/p>\n\n\n\n<figure class=\"wp-block-image\"><img loading=\"lazy\" decoding=\"async\" width=\"605\" height=\"325\" data-attachment-id=\"86421\" data-permalink=\"https:\/\/www.hoymercedes.com.ar\/principal\/2019\/01\/03\/dario-oliva-correra-el-giro-del-sol-en-san-juan\/dario-oliva-3\/#main\" data-orig-file=\"https:\/\/www.hoymercedes.com.ar\/principal\/wp-content\/uploads\/2019\/01\/Dario-OLiva-1.jpg\" data-orig-size=\"605,325\" data-comments-opened=\"0\" data-image-meta=\"{&quot;aperture&quot;:&quot;0&quot;,&quot;credit&quot;:&quot;&quot;,&quot;camera&quot;:&quot;&quot;,&quot;caption&quot;:&quot;&quot;,&quot;created_timestamp&quot;:&quot;0&quot;,&quot;copyright&quot;:&quot;&quot;,&quot;focal_length&quot;:&quot;0&quot;,&quot;iso&quot;:&quot;0&quot;,&quot;shutter_speed&quot;:&quot;0&quot;,&quot;title&quot;:&quot;&quot;,&quot;orientation&quot;:&quot;1&quot;}\" data-image-title=\"Dario OLiva\" data-image-description=\"\" data-image-caption=\"\" data-large-file=\"https:\/\/www.hoymercedes.com.ar\/principal\/wp-content\/uploads\/2019\/01\/Dario-OLiva-1.jpg\" src=\"https:\/\/www.hoymercedes.com.ar\/principal\/wp-content\/uploads\/2019\/01\/Dario-OLiva-1.jpg\" alt=\"\" class=\"wp-image-86421\" srcset=\"https:\/\/www.hoymercedes.com.ar\/principal\/wp-content\/uploads\/2019\/01\/Dario-OLiva-1.jpg 605w, https:\/\/www.hoymercedes.com.ar\/principal\/wp-content\/uploads\/2019\/01\/Dario-OLiva-1-150x81.jpg 150w\" sizes=\"auto, (max-width: 605px) 100vw, 605px\" \/><\/figure>\n\n\n\n<p>La XVII edici\u00f3n del \u201cGiro del Sol\u201d homenaje a Dante Montes se correr\u00e1 del 3 al 6 de enero y contar\u00e1 con 18 equipos 18 (12 locales) y recorrer\u00e1 un total de 396 kil\u00f3metros.\u00a0<\/p>\n\n\n\n<p>Este cap\u00edtulo contar\u00e1 con un pr\u00f3logo acompa\u00f1ado de cuatro etapas. El pr\u00f3logo ser\u00e1 en el Pinar como se hizo en la \u00faltima edici\u00f3n. En cuanto a las etapas,\u00a0 la primera viajar\u00e1 a Sarmiento, la segunda recorrer\u00e1 los departamentos de Capital, Caucete y 9 de Julio, la tercera ser\u00e1 la crono en Pocito y la \u00faltima funci\u00f3n largar\u00e1 en Chimbas, seguir\u00e1 por Ullum, Zonda y culminar\u00e1 en tierras chimberas. <\/p>\n\n\n\n<p><strong>Jueves 3<\/strong><br>Pr\u00f3logo<br>22 horas Camping El Pinar \u2013 Rivadavia.<\/p>\n\n\n\n<p><strong>Viernes 4<\/strong><br>Primera Etapa<br>16 hora 113 km \u2013 Sarmiento.<\/p>\n\n\n\n<p><strong>S\u00e1bado 5<\/strong><br>Segunda Etapa<br>A las 16.30 157,400 km San Juan, Caucete y 9 de Julio.<\/p>\n\n\n\n<p><strong>Domingo 6<\/strong><br>Tercera Etapa<br>A las 9 CRI 8,600 km \u2013 Pocito.<\/p>\n\n\n\n<p>Cuarta Etapa<br>A las 16.30 118,700 km \u2013 Chimbas, Ullum, Zonda y Rivadavia.<\/p>\n","protected":false},"excerpt":{"rendered":"<p>El ciclista mercedino, uno de los integrantes del equipo KTM ser\u00e1 parte de esta competencia a un mes del inicio &#8230; <a title=\"Dar\u00edo Oliva correr\u00e1 el Giro del Sol en San Juan\" class=\"read-more\" href=\"https:\/\/www.hoymercedes.com.ar\/principal\/2019\/01\/03\/dario-oliva-correra-el-giro-del-sol-en-san-juan\/\" aria-label=\"Leer m\u00e1s sobre Dar\u00edo Oliva correr\u00e1 el Giro del Sol en San Juan\">Leer m\u00e1s<\/a><\/p>\n","protected":false},"author":1,"featured_media":86421,"comment_status":"closed","ping_status":"open","sticky":false,"template":"","format":"standard","meta":{"_monsterinsights_skip_tracking":false,"_monsterinsights_sitenote_active":false,"_monsterinsights_sitenote_note":"","_monsterinsights_sitenote_category":0,"jetpack_post_was_ever_published":false,"_jetpack_newsletter_access":"","_jetpack_dont_email_post_to_subs":false,"_jetpack_newsletter_tier_id":0,"_jetpack_memberships_contains_paywalled_content":false,"_jetpack_memberships_contains_paid_content":false,"footnotes":"","jetpack_publicize_message":"","jetpack_publicize_feature_enabled":true,"jetpack_social_post_already_shared":true,"jetpack_social_options":{"image_generator_settings":{"template":"highway","default_image_id":0,"font":"","enabled":false},"version":2},"_wpas_customize_per_network":false},"categories":[21],"tags":[3185,367,14326],"class_list":["post-86417","post","type-post","status-publish","format-standard","has-post-thumbnail","hentry","category-deportes","tag-dario-oliva","tag-doble-bragado","tag-giro-del-sol","generate-columns","tablet-grid-50","mobile-grid-100","grid-parent","grid-50"],"jetpack_publicize_connections":[],"jetpack_featured_media_url":"https:\/\/www.hoymercedes.com.ar\/principal\/wp-content\/uploads\/2019\/01\/Dario-OLiva-1.jpg","wps_subtitle":"Ciclismo","jetpack_sharing_enabled":true,"_links":{"self":[{"href":"https:\/\/www.hoymercedes.com.ar\/principal\/wp-json\/wp\/v2\/posts\/86417","targetHints":{"allow":["GET"]}}],"collection":[{"href":"https:\/\/www.hoymercedes.com.ar\/principal\/wp-json\/wp\/v2\/posts"}],"about":[{"href":"https:\/\/www.hoymercedes.com.ar\/principal\/wp-json\/wp\/v2\/types\/post"}],"author":[{"embeddable":true,"href":"https:\/\/www.hoymercedes.com.ar\/principal\/wp-json\/wp\/v2\/users\/1"}],"replies":[{"embeddable":true,"href":"https:\/\/www.hoymercedes.com.ar\/principal\/wp-json\/wp\/v2\/comments?post=86417"}],"version-history":[{"count":0,"href":"https:\/\/www.hoymercedes.com.ar\/principal\/wp-json\/wp\/v2\/posts\/86417\/revisions"}],"wp:featuredmedia":[{"embeddable":true,"href":"https:\/\/www.hoymercedes.com.ar\/principal\/wp-json\/wp\/v2\/media\/86421"}],"wp:attachment":[{"href":"https:\/\/www.hoymercedes.com.ar\/principal\/wp-json\/wp\/v2\/media?parent=86417"}],"wp:term":[{"taxonomy":"category","embeddable":true,"href":"https:\/\/www.hoymercedes.com.ar\/principal\/wp-json\/wp\/v2\/categories?post=86417"},{"taxonomy":"post_tag","embeddable":true,"href":"https:\/\/www.hoymercedes.com.ar\/principal\/wp-json\/wp\/v2\/tags?post=86417"}],"curies":[{"name":"wp","href":"https:\/\/api.w.org\/{rel}","templated":true}]}}