{"id":86428,"date":"2019-01-04T15:50:36","date_gmt":"2019-01-04T18:50:36","guid":{"rendered":"http:\/\/www.hoymercedes.com.ar\/principal\/?p=86428"},"modified":"2019-01-03T23:29:43","modified_gmt":"2019-01-04T02:29:43","slug":"pabellon-de-marcos-paz-se-prepara-para-jugar-el-federacion-norte","status":"publish","type":"post","link":"https:\/\/www.hoymercedes.com.ar\/principal\/2019\/01\/04\/pabellon-de-marcos-paz-se-prepara-para-jugar-el-federacion-norte\/","title":{"rendered":"Pabell\u00f3n de Marcos Paz se prepara para jugar el Federaci\u00f3n Norte"},"content":{"rendered":"\n<p>Pabell\u00f3n Argentino de Marcos Paz ser\u00e1 el \u00fanico equipo de la Liga Mercedina que representar\u00e1 al f\u00fatbol local en el torneo Federaci\u00f3n Norte, a diferencia del certamen \u00faltimo, donde hubo cinco. El equipo dirigido por Juan Achucarro integrar\u00e1 la Zona 3 junto a Central Buenos Aires de Z\u00e1rate y ATILRA de Luj\u00e1n.<\/p>\n\n\n\n<figure class=\"wp-block-image\"><img loading=\"lazy\" decoding=\"async\" width=\"1024\" height=\"774\" data-attachment-id=\"86429\" data-permalink=\"https:\/\/www.hoymercedes.com.ar\/principal\/2019\/01\/04\/pabellon-de-marcos-paz-se-prepara-para-jugar-el-federacion-norte\/pabellon-3\/#main\" data-orig-file=\"https:\/\/www.hoymercedes.com.ar\/principal\/wp-content\/uploads\/2019\/01\/pabellon.png\" data-orig-size=\"1031,779\" data-comments-opened=\"0\" data-image-meta=\"{&quot;aperture&quot;:&quot;0&quot;,&quot;credit&quot;:&quot;&quot;,&quot;camera&quot;:&quot;&quot;,&quot;caption&quot;:&quot;&quot;,&quot;created_timestamp&quot;:&quot;0&quot;,&quot;copyright&quot;:&quot;&quot;,&quot;focal_length&quot;:&quot;0&quot;,&quot;iso&quot;:&quot;0&quot;,&quot;shutter_speed&quot;:&quot;0&quot;,&quot;title&quot;:&quot;&quot;,&quot;orientation&quot;:&quot;0&quot;}\" data-image-title=\"pabellon\" data-image-description=\"\" data-image-caption=\"\" data-large-file=\"https:\/\/www.hoymercedes.com.ar\/principal\/wp-content\/uploads\/2019\/01\/pabellon-1024x774.png\" src=\"https:\/\/www.hoymercedes.com.ar\/principal\/wp-content\/uploads\/2019\/01\/pabellon-1024x774.png\" alt=\"\" class=\"wp-image-86429\" srcset=\"https:\/\/www.hoymercedes.com.ar\/principal\/wp-content\/uploads\/2019\/01\/pabellon-1024x774.png 1024w, https:\/\/www.hoymercedes.com.ar\/principal\/wp-content\/uploads\/2019\/01\/pabellon-150x113.png 150w, https:\/\/www.hoymercedes.com.ar\/principal\/wp-content\/uploads\/2019\/01\/pabellon-630x476.png 630w, https:\/\/www.hoymercedes.com.ar\/principal\/wp-content\/uploads\/2019\/01\/pabellon.png 1031w\" sizes=\"auto, (max-width: 1024px) 100vw, 1024px\" \/><\/figure>\n\n\n\n<p>El grupo de SAPA ser\u00e1 el \u00fanico de tres equipos y las otras seis zonas ser\u00e1n de cuatro conjuntos. El torneo comenzar\u00e1 el 19 de enero, como habitualmente ocurre, una semana antes que el Regional. Se clasificar\u00e1n los dos primeros de cada zona y los dos mejores terceros de las zonas de 4 elencos.\u00a0<\/p>\n\n\n\n<p>En di\u00e1logo con HoyMercedes, el entrenador Juan Achucarro, quien estar\u00e1 acompa\u00f1ado por Sebasti\u00e1n Rinaldini, Agust\u00edn Rusconi y Antonio Buchaca como Ayudante, coment\u00f3 que ya llegaron los delanteros Mariano Rivas (ex Club Mercedes y \u00faltimo paso por Atl\u00e9tico Marcos Paz) y Mat\u00edas Silea (ex Club Mercedes, El Front\u00f3n y \u00faltimo paso por El Fort\u00edn de 9 de Julio).<\/p>\n\n\n\n<p>Pabello inici\u00f3 la pretemporada el 18 de diciembre. Mantiene la base del equipo que jug\u00f3 el \u00faltimo a\u00f1o en la Liga m\u00e1s algunos de Reserva. El primer refuerzo en llegar fue Julian Olveira (central) proveniente de Costa Brava y con pasado en Defensores en el \u00faltimo Federaci\u00f3n. El segundo fue Alexis Arias (su pase est\u00e1 en tr\u00e1mite, le pertenece a AMEFIP y esperan por su libertad de acci\u00f3n para poder participar y no quitarle la posibilidad de jugar). No descartan la llegada de alg\u00fan otro refuerzo.<\/p>\n\n\n\n<p>El 12 de enero a las 18 en cancha de Quilmes jugar\u00e1 el \u00faltimo amistoso frente a Trocha y luego a pensar en el debut.<\/p>\n\n\n\n<p><strong>Zona 1<\/strong><br>River Plate (Chacabuco).<br>Argentino (Chacabuco).<br>Obras Sanitarias (Arrecifes).<br>Villa Italia (Salto).<\/p>\n\n\n\n<p><strong>Zona 2<\/strong><br>La Esperanza (San Pedro).<br>Las Palmeras (San Pedro).<br>12 de Octubre (San Nicol\u00e1s).<br>Maristas (Pergamino).<\/p>\n\n\n\n<p><strong>Zona 3<\/strong><br>Pabell\u00f3n Argentino (Marcos Paz).<br>Central Buenos Aires (Z\u00e1rate).<br>ATILRA (Luj\u00e1n).<\/p>\n\n\n\n<p><strong>Zona4<\/strong><br>Don Orione (Claypole)<br>San Mart\u00edn 09 (Lomas de Zamora).<br>Universitario (Buenos Aires).<br>Pilar Unidos (Pilar).<\/p>\n\n\n\n<p><strong>Zona 5<\/strong><br>Sarmiento (Z\u00e1rate).<br>Social obrero (Z\u00e1rate).<br>Parque Villarino<br>La Josefa (Campana).<\/p>\n\n\n\n<p><strong>Zona 6<\/strong><br>Belgrano (Z\u00e1rate).<br>Paran\u00e1<br>Real San Jacinto&nbsp;(Campana)<br>La Catedral de Hurlingham (Escobar).<\/p>\n\n\n\n<p><strong>Zona&nbsp;<\/strong>7<br>Maip\u00fa (Z\u00e1rate).<br>Lima (Z\u00e1rate).<br>Defensores La Esperanza (Campana).<br>La Sonia de Jos\u00e9 C. Paz (Escobar).<\/p>\n","protected":false},"excerpt":{"rendered":"<p>Pabell\u00f3n Argentino de Marcos Paz ser\u00e1 el \u00fanico equipo de la Liga Mercedina que representar\u00e1 al f\u00fatbol local en el &#8230; <a title=\"Pabell\u00f3n de Marcos Paz se prepara para jugar el Federaci\u00f3n Norte\" class=\"read-more\" href=\"https:\/\/www.hoymercedes.com.ar\/principal\/2019\/01\/04\/pabellon-de-marcos-paz-se-prepara-para-jugar-el-federacion-norte\/\" aria-label=\"Leer m\u00e1s sobre Pabell\u00f3n de Marcos Paz se prepara para jugar el Federaci\u00f3n Norte\">Leer m\u00e1s<\/a><\/p>\n","protected":false},"author":1,"featured_media":86429,"comment_status":"closed","ping_status":"open","sticky":false,"template":"","format":"standard","meta":{"_monsterinsights_skip_tracking":false,"_monsterinsights_sitenote_active":false,"_monsterinsights_sitenote_note":"","_monsterinsights_sitenote_category":0,"jetpack_post_was_ever_published":false,"_jetpack_newsletter_access":"","_jetpack_dont_email_post_to_subs":false,"_jetpack_newsletter_tier_id":0,"_jetpack_memberships_contains_paywalled_content":false,"_jetpack_memberships_contains_paid_content":false,"footnotes":"","jetpack_publicize_message":"","jetpack_publicize_feature_enabled":true,"jetpack_social_post_already_shared":true,"jetpack_social_options":{"image_generator_settings":{"template":"highway","default_image_id":0,"font":"","enabled":false},"version":2},"_wpas_customize_per_network":false},"categories":[21],"tags":[14329,8426,10539],"class_list":["post-86428","post","type-post","status-publish","format-standard","has-post-thumbnail","hentry","category-deportes","tag-achucarro","tag-federacion-norte","tag-pabellon-de-marcos-paz","generate-columns","tablet-grid-50","mobile-grid-100","grid-parent","grid-50"],"jetpack_publicize_connections":[],"jetpack_featured_media_url":"https:\/\/www.hoymercedes.com.ar\/principal\/wp-content\/uploads\/2019\/01\/pabellon.png","wps_subtitle":"Federaci\u00f3n Norte","jetpack_sharing_enabled":true,"_links":{"self":[{"href":"https:\/\/www.hoymercedes.com.ar\/principal\/wp-json\/wp\/v2\/posts\/86428","targetHints":{"allow":["GET"]}}],"collection":[{"href":"https:\/\/www.hoymercedes.com.ar\/principal\/wp-json\/wp\/v2\/posts"}],"about":[{"href":"https:\/\/www.hoymercedes.com.ar\/principal\/wp-json\/wp\/v2\/types\/post"}],"author":[{"embeddable":true,"href":"https:\/\/www.hoymercedes.com.ar\/principal\/wp-json\/wp\/v2\/users\/1"}],"replies":[{"embeddable":true,"href":"https:\/\/www.hoymercedes.com.ar\/principal\/wp-json\/wp\/v2\/comments?post=86428"}],"version-history":[{"count":0,"href":"https:\/\/www.hoymercedes.com.ar\/principal\/wp-json\/wp\/v2\/posts\/86428\/revisions"}],"wp:featuredmedia":[{"embeddable":true,"href":"https:\/\/www.hoymercedes.com.ar\/principal\/wp-json\/wp\/v2\/media\/86429"}],"wp:attachment":[{"href":"https:\/\/www.hoymercedes.com.ar\/principal\/wp-json\/wp\/v2\/media?parent=86428"}],"wp:term":[{"taxonomy":"category","embeddable":true,"href":"https:\/\/www.hoymercedes.com.ar\/principal\/wp-json\/wp\/v2\/categories?post=86428"},{"taxonomy":"post_tag","embeddable":true,"href":"https:\/\/www.hoymercedes.com.ar\/principal\/wp-json\/wp\/v2\/tags?post=86428"}],"curies":[{"name":"wp","href":"https:\/\/api.w.org\/{rel}","templated":true}]}}