{"id":86444,"date":"2019-01-04T12:00:13","date_gmt":"2019-01-04T15:00:13","guid":{"rendered":"http:\/\/www.hoymercedes.com.ar\/principal\/?p=86444"},"modified":"2019-01-04T10:06:36","modified_gmt":"2019-01-04T13:06:36","slug":"sabado-12-vuelve-la-feria-sustentable-en-la-trocha","status":"publish","type":"post","link":"https:\/\/www.hoymercedes.com.ar\/principal\/2019\/01\/04\/sabado-12-vuelve-la-feria-sustentable-en-la-trocha\/","title":{"rendered":"S\u00e1bado 12 vuelve la Feria Sustentable en La Trocha"},"content":{"rendered":"\n<p><br><\/p>\n\n\n\n<p>Luego del \u00e9xito de las dos primeras fechas del mercado sustentable en nuestra ciudad, el Municipio de Mercedes, a trav\u00e9s de la Secretaria de Desarrollo, realizar\u00e1 este 12 de enero una jornada extendida. La misma funcionar\u00e1 de 10:00 a 18:00 horas en el Complejo Cultural la Trocha. Asimismo, se inform\u00f3 que a partir del mes de febrero y durante todo el a\u00f1o la feria continuar\u00e1 funcionando los primeros y terceros s\u00e1bados de cada mes de 10:00 a 15:00 horas.<\/p>\n\n\n\n<p>Tiene como objetivo que los productores locales puedan poner a la venta sus productos &#8211; agroecol\u00f3gicos u org\u00e1nicos- sin mediadores, de la tierra a la mesa. Toda la puesta en marcha es con materiales reciclados. Los vecinos tienen la posibilidad de recorrer cada stand e interactuar con los productores de manera directa.<\/p>\n\n\n\n<p>Esta feria ofrece productos de alta calidad, sin conservantes ni agroqu\u00edmicos. Adem\u00e1s, habr\u00e1 verduras de la huerta agroecol\u00f3gica, panificados y resposter\u00eda integral, dulces y conservas caseras, miel, queso, huevos de ampo, jugos naturales, cerveza artesanal, vino patero, medicina y cosm\u00e9tica natural, patio gastron\u00f3mico saludable y mucho m\u00e1s.<\/p>\n\n\n\n<figure class=\"wp-block-image\"><img loading=\"lazy\" decoding=\"async\" width=\"811\" height=\"608\" data-attachment-id=\"86445\" data-permalink=\"https:\/\/www.hoymercedes.com.ar\/principal\/2019\/01\/04\/sabado-12-vuelve-la-feria-sustentable-en-la-trocha\/04-sustentable\/#main\" data-orig-file=\"https:\/\/www.hoymercedes.com.ar\/principal\/wp-content\/uploads\/2019\/01\/04-sustentable.jpg\" data-orig-size=\"811,608\" data-comments-opened=\"0\" data-image-meta=\"{&quot;aperture&quot;:&quot;0&quot;,&quot;credit&quot;:&quot;&quot;,&quot;camera&quot;:&quot;&quot;,&quot;caption&quot;:&quot;&quot;,&quot;created_timestamp&quot;:&quot;0&quot;,&quot;copyright&quot;:&quot;&quot;,&quot;focal_length&quot;:&quot;0&quot;,&quot;iso&quot;:&quot;0&quot;,&quot;shutter_speed&quot;:&quot;0&quot;,&quot;title&quot;:&quot;&quot;,&quot;orientation&quot;:&quot;0&quot;}\" data-image-title=\"04 sustentable\" data-image-description=\"\" data-image-caption=\"\" data-large-file=\"https:\/\/www.hoymercedes.com.ar\/principal\/wp-content\/uploads\/2019\/01\/04-sustentable.jpg\" src=\"https:\/\/www.hoymercedes.com.ar\/principal\/wp-content\/uploads\/2019\/01\/04-sustentable.jpg\" alt=\"\" class=\"wp-image-86445\" srcset=\"https:\/\/www.hoymercedes.com.ar\/principal\/wp-content\/uploads\/2019\/01\/04-sustentable.jpg 811w, https:\/\/www.hoymercedes.com.ar\/principal\/wp-content\/uploads\/2019\/01\/04-sustentable-150x112.jpg 150w, https:\/\/www.hoymercedes.com.ar\/principal\/wp-content\/uploads\/2019\/01\/04-sustentable-630x472.jpg 630w\" sizes=\"auto, (max-width: 811px) 100vw, 811px\" \/><\/figure>\n","protected":false},"excerpt":{"rendered":"<p>Luego del \u00e9xito de las dos primeras fechas del mercado sustentable en nuestra ciudad, el Municipio de Mercedes, a trav\u00e9s &#8230; <a title=\"S\u00e1bado 12 vuelve la Feria Sustentable en La Trocha\" class=\"read-more\" href=\"https:\/\/www.hoymercedes.com.ar\/principal\/2019\/01\/04\/sabado-12-vuelve-la-feria-sustentable-en-la-trocha\/\" aria-label=\"Leer m\u00e1s sobre S\u00e1bado 12 vuelve la Feria Sustentable en La Trocha\">Leer m\u00e1s<\/a><\/p>\n","protected":false},"author":1,"featured_media":86445,"comment_status":"closed","ping_status":"open","sticky":false,"template":"","format":"standard","meta":{"_monsterinsights_skip_tracking":false,"_monsterinsights_sitenote_active":false,"_monsterinsights_sitenote_note":"","_monsterinsights_sitenote_category":0,"jetpack_post_was_ever_published":false,"_jetpack_newsletter_access":"","_jetpack_dont_email_post_to_subs":false,"_jetpack_newsletter_tier_id":0,"_jetpack_memberships_contains_paywalled_content":false,"_jetpack_memberships_contains_paid_content":false,"footnotes":"","jetpack_publicize_message":"","jetpack_publicize_feature_enabled":true,"jetpack_social_post_already_shared":true,"jetpack_social_options":{"image_generator_settings":{"template":"highway","default_image_id":0,"font":"","enabled":false},"version":2},"_wpas_customize_per_network":false},"categories":[30],"tags":[14333,3959,244],"class_list":["post-86444","post","type-post","status-publish","format-standard","has-post-thumbnail","hentry","category-municipio","tag-feria-sustentable","tag-la-trocha","tag-municipio-2","generate-columns","tablet-grid-50","mobile-grid-100","grid-parent","grid-50"],"jetpack_publicize_connections":[],"jetpack_featured_media_url":"https:\/\/www.hoymercedes.com.ar\/principal\/wp-content\/uploads\/2019\/01\/04-sustentable.jpg","wps_subtitle":"","jetpack_sharing_enabled":true,"_links":{"self":[{"href":"https:\/\/www.hoymercedes.com.ar\/principal\/wp-json\/wp\/v2\/posts\/86444","targetHints":{"allow":["GET"]}}],"collection":[{"href":"https:\/\/www.hoymercedes.com.ar\/principal\/wp-json\/wp\/v2\/posts"}],"about":[{"href":"https:\/\/www.hoymercedes.com.ar\/principal\/wp-json\/wp\/v2\/types\/post"}],"author":[{"embeddable":true,"href":"https:\/\/www.hoymercedes.com.ar\/principal\/wp-json\/wp\/v2\/users\/1"}],"replies":[{"embeddable":true,"href":"https:\/\/www.hoymercedes.com.ar\/principal\/wp-json\/wp\/v2\/comments?post=86444"}],"version-history":[{"count":0,"href":"https:\/\/www.hoymercedes.com.ar\/principal\/wp-json\/wp\/v2\/posts\/86444\/revisions"}],"wp:featuredmedia":[{"embeddable":true,"href":"https:\/\/www.hoymercedes.com.ar\/principal\/wp-json\/wp\/v2\/media\/86445"}],"wp:attachment":[{"href":"https:\/\/www.hoymercedes.com.ar\/principal\/wp-json\/wp\/v2\/media?parent=86444"}],"wp:term":[{"taxonomy":"category","embeddable":true,"href":"https:\/\/www.hoymercedes.com.ar\/principal\/wp-json\/wp\/v2\/categories?post=86444"},{"taxonomy":"post_tag","embeddable":true,"href":"https:\/\/www.hoymercedes.com.ar\/principal\/wp-json\/wp\/v2\/tags?post=86444"}],"curies":[{"name":"wp","href":"https:\/\/api.w.org\/{rel}","templated":true}]}}