{"id":86447,"date":"2019-01-04T13:44:23","date_gmt":"2019-01-04T16:44:23","guid":{"rendered":"http:\/\/www.hoymercedes.com.ar\/principal\/?p=86447"},"modified":"2019-01-04T13:44:30","modified_gmt":"2019-01-04T16:44:30","slug":"dia-de-emocion-e-historia-con-el-casamiento-de-dos-parejas-en-el-palacio-municipal","status":"publish","type":"post","link":"https:\/\/www.hoymercedes.com.ar\/principal\/2019\/01\/04\/dia-de-emocion-e-historia-con-el-casamiento-de-dos-parejas-en-el-palacio-municipal\/","title":{"rendered":"D\u00eda de emoci\u00f3n e historia con el casamiento de dos parejas en el Palacio Municipal"},"content":{"rendered":"\n<figure class=\"wp-block-image\"><img loading=\"lazy\" decoding=\"async\" width=\"985\" height=\"657\" data-attachment-id=\"86448\" data-permalink=\"https:\/\/www.hoymercedes.com.ar\/principal\/2019\/01\/04\/dia-de-emocion-e-historia-con-el-casamiento-de-dos-parejas-en-el-palacio-municipal\/casamiento-1\/#main\" data-orig-file=\"https:\/\/www.hoymercedes.com.ar\/principal\/wp-content\/uploads\/2019\/01\/Casamiento.1.jpg\" data-orig-size=\"985,657\" data-comments-opened=\"0\" data-image-meta=\"{&quot;aperture&quot;:&quot;0&quot;,&quot;credit&quot;:&quot;SEBASTIANAMBROSSIO&quot;,&quot;camera&quot;:&quot;&quot;,&quot;caption&quot;:&quot;&quot;,&quot;created_timestamp&quot;:&quot;0&quot;,&quot;copyright&quot;:&quot;SebastianAmbrossio&quot;,&quot;focal_length&quot;:&quot;0&quot;,&quot;iso&quot;:&quot;0&quot;,&quot;shutter_speed&quot;:&quot;0&quot;,&quot;title&quot;:&quot;&quot;,&quot;orientation&quot;:&quot;0&quot;}\" data-image-title=\"Casamiento.1\" data-image-description=\"\" data-image-caption=\"\" data-large-file=\"https:\/\/www.hoymercedes.com.ar\/principal\/wp-content\/uploads\/2019\/01\/Casamiento.1.jpg\" src=\"https:\/\/www.hoymercedes.com.ar\/principal\/wp-content\/uploads\/2019\/01\/Casamiento.1.jpg\" alt=\"\" class=\"wp-image-86448\" srcset=\"https:\/\/www.hoymercedes.com.ar\/principal\/wp-content\/uploads\/2019\/01\/Casamiento.1.jpg 985w, https:\/\/www.hoymercedes.com.ar\/principal\/wp-content\/uploads\/2019\/01\/Casamiento.1-150x100.jpg 150w, https:\/\/www.hoymercedes.com.ar\/principal\/wp-content\/uploads\/2019\/01\/Casamiento.1-630x420.jpg 630w\" sizes=\"auto, (max-width: 985px) 100vw, 985px\" \/><\/figure>\n\n\n\n<p>El destacado acontecimiento se concret\u00f3 durante la ma\u00f1ana del viernes. La Municipalidad se encuentra brindando apoyo al registro civil de nuestra ciudad debido a los constantes problemas edilicios que sufre el establecimiento provincial. De esta manera, la comuna le cedi\u00f3 parte del Museo Municipal de Ciencias Naturales Carlos Ameghino para que all\u00ed los vecinos efect\u00faen todo lo referido a tr\u00e1mites administrativos, y por otro lado, se proporciona parte del palacio Municipal para que se realicen las ceremonias matrimoniales. <\/p>\n\n\n\n<figure class=\"wp-block-image is-resized\"><img loading=\"lazy\" decoding=\"async\" data-attachment-id=\"86450\" data-permalink=\"https:\/\/www.hoymercedes.com.ar\/principal\/2019\/01\/04\/dia-de-emocion-e-historia-con-el-casamiento-de-dos-parejas-en-el-palacio-municipal\/casamiento-4-2\/#main\" data-orig-file=\"https:\/\/www.hoymercedes.com.ar\/principal\/wp-content\/uploads\/2019\/01\/Casamiento.4-1.jpg\" data-orig-size=\"433,289\" data-comments-opened=\"0\" data-image-meta=\"{&quot;aperture&quot;:&quot;0&quot;,&quot;credit&quot;:&quot;SEBASTIANAMBROSSIO&quot;,&quot;camera&quot;:&quot;&quot;,&quot;caption&quot;:&quot;&quot;,&quot;created_timestamp&quot;:&quot;0&quot;,&quot;copyright&quot;:&quot;SebastianAmbrossio&quot;,&quot;focal_length&quot;:&quot;0&quot;,&quot;iso&quot;:&quot;0&quot;,&quot;shutter_speed&quot;:&quot;0&quot;,&quot;title&quot;:&quot;&quot;,&quot;orientation&quot;:&quot;0&quot;}\" data-image-title=\"Casamiento.4\" data-image-description=\"\" data-image-caption=\"\" data-large-file=\"https:\/\/www.hoymercedes.com.ar\/principal\/wp-content\/uploads\/2019\/01\/Casamiento.4-1.jpg\" src=\"https:\/\/www.hoymercedes.com.ar\/principal\/wp-content\/uploads\/2019\/01\/Casamiento.4-1.jpg\" alt=\"\" class=\"wp-image-86450\" width=\"584\" height=\"390\" srcset=\"https:\/\/www.hoymercedes.com.ar\/principal\/wp-content\/uploads\/2019\/01\/Casamiento.4-1.jpg 433w, https:\/\/www.hoymercedes.com.ar\/principal\/wp-content\/uploads\/2019\/01\/Casamiento.4-1-150x100.jpg 150w\" sizes=\"auto, (max-width: 584px) 100vw, 584px\" \/><figcaption> <br>H\u00e9ctor Alberto Pita y Liliana Beatriz Amaya <\/figcaption><\/figure>\n\n\n\n<p><strong>Necesidad<\/strong><\/p>\n\n\n\n<p>El Dr. Ustarroz explic\u00f3 \u201crecibimos\na distintas autoridades del registro civil de nuestra ciudad y nos plantearon\nque el jueves 3 ten\u00edan que cerrar el mismo\u201d. Fue as\u00ed que de manera inmediata,\nel jefe comunal puso a disposici\u00f3n la estructura municipal para sostenes al\nente provincial. <\/p>\n\n\n\n<p>\u201cFue as\u00ed que salimos a buscar un\nespacio donde los vecinos pudieran realizar los tr\u00e1mites administrativos \u2013se\ncomenzaron a efectuar el mismo jueves 3- y adem\u00e1s, les ofrecimos el Palacio\nMunicipal como \u00e1mbito para que all\u00ed se hagan los casamientos\u201d apunt\u00f3 el\nintendente Ustarroz.<\/p>\n\n\n\n<figure class=\"wp-block-image\"><img loading=\"lazy\" decoding=\"async\" width=\"986\" height=\"657\" data-attachment-id=\"86451\" data-permalink=\"https:\/\/www.hoymercedes.com.ar\/principal\/2019\/01\/04\/dia-de-emocion-e-historia-con-el-casamiento-de-dos-parejas-en-el-palacio-municipal\/casamiento-5\/#main\" data-orig-file=\"https:\/\/www.hoymercedes.com.ar\/principal\/wp-content\/uploads\/2019\/01\/Casamiento.5.jpg\" data-orig-size=\"986,657\" data-comments-opened=\"0\" data-image-meta=\"{&quot;aperture&quot;:&quot;0&quot;,&quot;credit&quot;:&quot;SEBASTIANAMBROSSIO&quot;,&quot;camera&quot;:&quot;&quot;,&quot;caption&quot;:&quot;&quot;,&quot;created_timestamp&quot;:&quot;0&quot;,&quot;copyright&quot;:&quot;SebastianAmbrossio&quot;,&quot;focal_length&quot;:&quot;0&quot;,&quot;iso&quot;:&quot;0&quot;,&quot;shutter_speed&quot;:&quot;0&quot;,&quot;title&quot;:&quot;&quot;,&quot;orientation&quot;:&quot;0&quot;}\" data-image-title=\"Casamiento.5\" data-image-description=\"\" data-image-caption=\"\" data-large-file=\"https:\/\/www.hoymercedes.com.ar\/principal\/wp-content\/uploads\/2019\/01\/Casamiento.5.jpg\" src=\"https:\/\/www.hoymercedes.com.ar\/principal\/wp-content\/uploads\/2019\/01\/Casamiento.5.jpg\" alt=\"\" class=\"wp-image-86451\" srcset=\"https:\/\/www.hoymercedes.com.ar\/principal\/wp-content\/uploads\/2019\/01\/Casamiento.5.jpg 986w, https:\/\/www.hoymercedes.com.ar\/principal\/wp-content\/uploads\/2019\/01\/Casamiento.5-150x100.jpg 150w, https:\/\/www.hoymercedes.com.ar\/principal\/wp-content\/uploads\/2019\/01\/Casamiento.5-630x420.jpg 630w\" sizes=\"auto, (max-width: 986px) 100vw, 986px\" \/><figcaption> <br>Guillermo Manuel David L\u00f3pez y Tamara Rodr\u00edguez <\/figcaption><\/figure>\n\n\n\n<p>Este viernes 4 de enero se llevaron a cabo dos casamientos en el edificio comunal. Los primeras dos parejas en consumar su ceremonia en el Palacio Municipal fueron, en primer t\u00e9rmino; Guillermo Manuel David L\u00f3pez y Tamara Rodr\u00edguez, seguidos por H\u00e9ctor Alberto Pita y Liliana Beatriz Amaya. <\/p>\n\n\n\n<p>De esta manera, se vivi\u00f3 una jornada hist\u00f3rica. <\/p>\n\n\n\n<figure class=\"wp-block-image\"><img loading=\"lazy\" decoding=\"async\" width=\"912\" height=\"608\" data-attachment-id=\"86452\" data-permalink=\"https:\/\/www.hoymercedes.com.ar\/principal\/2019\/01\/04\/dia-de-emocion-e-historia-con-el-casamiento-de-dos-parejas-en-el-palacio-municipal\/casamiento-3\/#main\" data-orig-file=\"https:\/\/www.hoymercedes.com.ar\/principal\/wp-content\/uploads\/2019\/01\/Casamiento.3.jpg\" data-orig-size=\"912,608\" data-comments-opened=\"0\" data-image-meta=\"{&quot;aperture&quot;:&quot;0&quot;,&quot;credit&quot;:&quot;SEBASTIANAMBROSSIO&quot;,&quot;camera&quot;:&quot;&quot;,&quot;caption&quot;:&quot;&quot;,&quot;created_timestamp&quot;:&quot;0&quot;,&quot;copyright&quot;:&quot;SebastianAmbrossio&quot;,&quot;focal_length&quot;:&quot;0&quot;,&quot;iso&quot;:&quot;0&quot;,&quot;shutter_speed&quot;:&quot;0&quot;,&quot;title&quot;:&quot;&quot;,&quot;orientation&quot;:&quot;0&quot;}\" data-image-title=\"Casamiento.3\" data-image-description=\"\" data-image-caption=\"\" data-large-file=\"https:\/\/www.hoymercedes.com.ar\/principal\/wp-content\/uploads\/2019\/01\/Casamiento.3.jpg\" src=\"https:\/\/www.hoymercedes.com.ar\/principal\/wp-content\/uploads\/2019\/01\/Casamiento.3.jpg\" alt=\"\" class=\"wp-image-86452\" srcset=\"https:\/\/www.hoymercedes.com.ar\/principal\/wp-content\/uploads\/2019\/01\/Casamiento.3.jpg 912w, https:\/\/www.hoymercedes.com.ar\/principal\/wp-content\/uploads\/2019\/01\/Casamiento.3-150x100.jpg 150w, https:\/\/www.hoymercedes.com.ar\/principal\/wp-content\/uploads\/2019\/01\/Casamiento.3-630x420.jpg 630w\" sizes=\"auto, (max-width: 912px) 100vw, 912px\" \/><\/figure>\n\n\n\n<figure class=\"wp-block-image\"><img loading=\"lazy\" decoding=\"async\" width=\"912\" height=\"608\" data-attachment-id=\"86453\" data-permalink=\"https:\/\/www.hoymercedes.com.ar\/principal\/2019\/01\/04\/dia-de-emocion-e-historia-con-el-casamiento-de-dos-parejas-en-el-palacio-municipal\/casamiento-2\/#main\" data-orig-file=\"https:\/\/www.hoymercedes.com.ar\/principal\/wp-content\/uploads\/2019\/01\/Casamiento.2.jpg\" data-orig-size=\"912,608\" data-comments-opened=\"0\" data-image-meta=\"{&quot;aperture&quot;:&quot;0&quot;,&quot;credit&quot;:&quot;SEBASTIANAMBROSSIO&quot;,&quot;camera&quot;:&quot;&quot;,&quot;caption&quot;:&quot;&quot;,&quot;created_timestamp&quot;:&quot;0&quot;,&quot;copyright&quot;:&quot;SebastianAmbrossio&quot;,&quot;focal_length&quot;:&quot;0&quot;,&quot;iso&quot;:&quot;0&quot;,&quot;shutter_speed&quot;:&quot;0&quot;,&quot;title&quot;:&quot;&quot;,&quot;orientation&quot;:&quot;0&quot;}\" data-image-title=\"Casamiento.2\" data-image-description=\"\" data-image-caption=\"\" data-large-file=\"https:\/\/www.hoymercedes.com.ar\/principal\/wp-content\/uploads\/2019\/01\/Casamiento.2.jpg\" src=\"https:\/\/www.hoymercedes.com.ar\/principal\/wp-content\/uploads\/2019\/01\/Casamiento.2.jpg\" alt=\"\" class=\"wp-image-86453\" srcset=\"https:\/\/www.hoymercedes.com.ar\/principal\/wp-content\/uploads\/2019\/01\/Casamiento.2.jpg 912w, https:\/\/www.hoymercedes.com.ar\/principal\/wp-content\/uploads\/2019\/01\/Casamiento.2-150x100.jpg 150w, https:\/\/www.hoymercedes.com.ar\/principal\/wp-content\/uploads\/2019\/01\/Casamiento.2-630x420.jpg 630w\" sizes=\"auto, (max-width: 912px) 100vw, 912px\" \/><\/figure>\n","protected":false},"excerpt":{"rendered":"<p>El destacado acontecimiento se concret\u00f3 durante la ma\u00f1ana del viernes. La Municipalidad se encuentra brindando apoyo al registro civil de &#8230; <a title=\"D\u00eda de emoci\u00f3n e historia con el casamiento de dos parejas en el Palacio Municipal\" class=\"read-more\" href=\"https:\/\/www.hoymercedes.com.ar\/principal\/2019\/01\/04\/dia-de-emocion-e-historia-con-el-casamiento-de-dos-parejas-en-el-palacio-municipal\/\" aria-label=\"Leer m\u00e1s sobre D\u00eda de emoci\u00f3n e historia con el casamiento de dos parejas en el Palacio Municipal\">Leer m\u00e1s<\/a><\/p>\n","protected":false},"author":1,"featured_media":0,"comment_status":"closed","ping_status":"open","sticky":false,"template":"","format":"standard","meta":{"_monsterinsights_skip_tracking":false,"_monsterinsights_sitenote_active":false,"_monsterinsights_sitenote_note":"","_monsterinsights_sitenote_category":0,"jetpack_post_was_ever_published":false,"_jetpack_newsletter_access":"","_jetpack_dont_email_post_to_subs":false,"_jetpack_newsletter_tier_id":0,"_jetpack_memberships_contains_paywalled_content":false,"_jetpack_memberships_contains_paid_content":false,"footnotes":"","jetpack_publicize_message":"","jetpack_publicize_feature_enabled":true,"jetpack_social_post_already_shared":true,"jetpack_social_options":{"image_generator_settings":{"template":"highway","default_image_id":0,"font":"","enabled":false},"version":2},"_wpas_customize_per_network":false},"categories":[30],"tags":[1630,14336],"class_list":["post-86447","post","type-post","status-publish","format-standard","hentry","category-municipio","tag-casamiento","tag-casamiento-municipio","generate-columns","tablet-grid-50","mobile-grid-100","grid-parent","grid-50"],"jetpack_publicize_connections":[],"jetpack_featured_media_url":"","wps_subtitle":"Bodas","jetpack_sharing_enabled":true,"_links":{"self":[{"href":"https:\/\/www.hoymercedes.com.ar\/principal\/wp-json\/wp\/v2\/posts\/86447","targetHints":{"allow":["GET"]}}],"collection":[{"href":"https:\/\/www.hoymercedes.com.ar\/principal\/wp-json\/wp\/v2\/posts"}],"about":[{"href":"https:\/\/www.hoymercedes.com.ar\/principal\/wp-json\/wp\/v2\/types\/post"}],"author":[{"embeddable":true,"href":"https:\/\/www.hoymercedes.com.ar\/principal\/wp-json\/wp\/v2\/users\/1"}],"replies":[{"embeddable":true,"href":"https:\/\/www.hoymercedes.com.ar\/principal\/wp-json\/wp\/v2\/comments?post=86447"}],"version-history":[{"count":0,"href":"https:\/\/www.hoymercedes.com.ar\/principal\/wp-json\/wp\/v2\/posts\/86447\/revisions"}],"wp:attachment":[{"href":"https:\/\/www.hoymercedes.com.ar\/principal\/wp-json\/wp\/v2\/media?parent=86447"}],"wp:term":[{"taxonomy":"category","embeddable":true,"href":"https:\/\/www.hoymercedes.com.ar\/principal\/wp-json\/wp\/v2\/categories?post=86447"},{"taxonomy":"post_tag","embeddable":true,"href":"https:\/\/www.hoymercedes.com.ar\/principal\/wp-json\/wp\/v2\/tags?post=86447"}],"curies":[{"name":"wp","href":"https:\/\/api.w.org\/{rel}","templated":true}]}}